{"id":1256200,"date":"2023-08-17T09:35:53","date_gmt":"2023-08-17T15:35:53","guid":{"rendered":"https:\/\/www.acapulcopress.com\/?p=1256200"},"modified":"2023-08-17T09:35:53","modified_gmt":"2023-08-17T15:35:53","slug":"primera-clase-el-transporte-urbano-de-los-berlineses","status":"publish","type":"post","link":"https:\/\/www.acapulcopress.com\/index.php\/2023\/08\/17\/primera-clase-el-transporte-urbano-de-los-berlineses\/","title":{"rendered":"Primera clase, el transporte urbano de los berlineses"},"content":{"rendered":"<p style=\"text-align: justify\">Marem\u00e1gnum<br \/>\n\u00bb <strong>RICARDO<\/strong> | <strong>CASTILLO BARRIENTOS<\/strong><br \/>\n<em>) Facebook \/ <a href=\"https:\/\/www.facebook.com\/ricardocastill01\" target=\"_blank\" rel=\"noopener\">Ricardo Castillo Barrientos<\/a><\/em><\/p>\n<p style=\"text-align: justify\">Uno de los factores que caracterizan a las sociedades desarrolladas es el transporte urbano masivo de calidad, mediante el cual se desplazan cientos de miles de personas para realizar sus actividades cotidianas, sin contratiempos ni nada que le complique los desplazamientos de un lugar a otro.<\/p>\n<p style=\"text-align: justify\">Con una poblaci\u00f3n de casi cuatro millones de habitantes, Berl\u00edn es una ciudad cosmopolita donde confluyen refugiados y asilados de pa\u00edses relativamente cercanos como Ucrania, Polonia, Rusia, Turqu\u00eda, Siria, Afganist\u00e1n, Ir\u00e1n y otros en menor escala.<\/p>\n<p style=\"text-align: justify\">Para satisfacer la demanda masiva de movilizaci\u00f3n humana, funciona una Red de transporte p\u00fablico multimodal, c\u00f3modo, r\u00e1pido y seguro: Metro, tren ligero, tranv\u00edas, autob\u00fas y trenes metropolitanos, interconectados en una extensi\u00f3n de 900 kil\u00f3metros cuadrados; cuyo abordaje requiere la adquisici\u00f3n de un bono de 24 horas por nueve euros <img loading=\"lazy\" decoding=\"async\" class=\"alignleft size-medium wp-image-1256201\" src=\"https:\/\/www.acapulcopress.com\/wp-content\/uploads\/2023\/08\/berlin-transporte-375x211.webp\" alt=\"\" width=\"375\" height=\"211\" \/>(170 MXN), 7 d\u00edas, 36 euros (675 MXN) o un mes, 91 euros (1,680 MXN). De servicio particular hay taxis Mercedes Benz y barcos que recorren el r\u00edo Spree.<\/p>\n<p style=\"text-align: justify\">El sistema del transporte p\u00fablico brinda servicio durante las 24 horas y se otorga la confianza al usuario de abordar los vagones y unidades sin mostrar ning\u00fan pago del servicio, excepto cuando es requerido eventualmente por alg\u00fan inspector del sistema, si desea verificar que se cuenta con el bono validado despu\u00e9s de su adquisici\u00f3n en m\u00e1quinas expendedoras.<\/p>\n<p style=\"text-align: justify\">En cada estaci\u00f3n o paradero hay un peque\u00f1o anuncio electr\u00f3nico que indica el tiempo de espera para abordar la siguiente unidad, con el espacio suficiente para ir c\u00f3modamente sentados, sin aglomeraciones como en el Metro de la CDMX, o el saturamiento del Acab\u00fas del puerto de Acapulco, con habitual tiempo irregular entre un cami\u00f3n y otro.<\/p>\n<p style=\"text-align: justify\">El uso intensivo de la bicicleta es una manera ordinaria de transportaci\u00f3n para los ni\u00f1os, j\u00f3venes, adultos y adultos mayores, en ciclov\u00edas o en amplias banquetas con el espacio indicado para su circulaci\u00f3n a media velocidad, que algunos no respetan del todo y ponen en riesgo la integridad f\u00edsica de los peatones, aun cuando los transe\u00fantes tienen preferencia y tambi\u00e9n los ciclistas ante los conductores de veh\u00edculos de reconocidas marcas alemanas como los BMW, Porsche, Audi, VW y de pa\u00edses europeos, Jap\u00f3n y USA.<\/p>\n<p style=\"text-align: justify\">El sistema de transporte p\u00fablico es utilizado por personas de todos los niveles socioecon\u00f3micos sin excepci\u00f3n, aunque tengan veh\u00edculo, que utilizan normalmente para viajar al interior del pa\u00eds u otro de la Uni\u00f3n Europea.<\/p>\n<p style=\"text-align: justify\"><strong>Marea Baja.-<\/strong> En la amplia y c\u00e9ntrica avenida Unter dem linden, esquina con el rio Spree, vaya sorpresa que se lleva uno al observar repentinamente el fugaz \u201cjuego de la bolita\u201d, -como se le conoce en Acapulco- protagonizado por gitanos, h\u00fangaros o rusos. Uno de ellos desplazaba vertiginosamente la famosa \u201cbolita\u201d entre las tres tapas. Cuatro personas m\u00e1s incluida una mujer, serv\u00edan de \u201cpaleros\u201d, mismos que realizan supuestas apuestas y ganando para enganchar incautos, que ca\u00edan en el ardid, invariablemente.<\/p>\n<p style=\"text-align: justify\">Las apuestan eran de diferentes denominaciones de euros, 10, 20, 40, 50, 100, seg\u00fan la capacidad del cliente. Intempestivamente, el operador principal del juego, o sea el que maneja de manera virtuosa \u201cla bolita\u201d, levant\u00f3 el tapete de juego al sospechar la inminente presencia de alguna autoridad. Y todos se dispersaron como si nada pasara.<br \/>\nAs\u00ed se las gastan tambi\u00e9n en el viejo continente, que no podr\u00eda escapar a las habilidades delictivas de personajes defraudadores del primer mundo.<\/p>\n<p style=\"text-align: justify\"><strong>Marea Alta.-<\/strong> El s\u00e1bado 12 del actual, sucedi\u00f3 un hecho inusitado con signos neofascistas afuera del la estaci\u00f3n Grunewald del Metro, cuando manos terroristas lanzaron una \u201cBomba de Fuego\u201d a un peque\u00f1o stand de libros o \u201cBiblioteca de la Calle\u201d como aqu\u00ed se le conoce, con un acervo de 300 libros. Muchos de ellos ten\u00edan referencias relacionadas con las terribles deportaciones de ciudadanos jud\u00edos en la Alemania Nazi.<\/p>\n<p style=\"text-align: justify\">El incendio fue total y se destruyeron muestras de audio de canciones hebreas del cantor jud\u00edo Tai Koch, muestras de texto de Ana Frank y el discurso de Robert Jackson al comienzo de los juicios de Nuremberg.<\/p>\n<p style=\"text-align: justify\">Este proyecto cultural se desarrolla desde hace doce a\u00f1os como parte de la educaci\u00f3n pol\u00edtica, por lo que se considera un ataque a la sociedad civil, a la cultura de la memoria, a la libertad y a la democracia, a causa de posiciones antisemitas y de extrema derecha.<\/p>\n<p style=\"text-align: justify\">La Escuela Hans Bockler y la Academia Europea de Berl\u00edn solicitan donaciones para apoyar un nuevo comienzo de la \u201cBiblioteca de la Calle\u201d.<\/p>\n<p style=\"text-align: justify\">En Berl\u00edn existe un Memorial en recuerdo a la \u201cQuema de Libros\u201d, en la \u00e9poca hitleriana, que ahora trata de emular el dirigente del PAN, Marko Cort\u00e9s al incitar a la \u201cQuema de Libros de Texto Gratuito\u201d, al inicio del periodo escolar a fin de mes. As\u00ed quieren volver a gobernar a M\u00e9xico.<\/p>\n<p style=\"text-align: justify\"><strong>Maremoto.-<\/strong> La desaparici\u00f3n de los 43 estudiantes de Ayotzinapa est\u00e1 presente en un mural de la Galer\u00eda de Arte Urbano Haus Schwarzenberg, al este de Berl\u00edn, con los rostros de cada uno de los alumnos de la Escuela Normal Rural Profr. Ra\u00fal Isidro Burgos, m\u00e1s conocida como \u201cNormal de Ayotzinapa\u201d.<\/p>\n<p style=\"text-align: justify\">En esta Galer\u00eda de Arte Callejero el mural ocupa un espacio importante sobre las dem\u00e1s expresiones art\u00edsticas. Se destaca por su gran dimensi\u00f3n y la naturalidad de las figuras rebeldes juveniles, que despu\u00e9s de la fat\u00eddica noche el 26 de septiembre de 2014 no se sabe nada sobre el destino final. La solidaridad internacional ha asumido como suya esta demanda hist\u00f3rica de justicia.<\/p>\n<p style=\"text-align: justify\"><em>] S\u00edguenos en Facebook.com\/<a href=\"https:\/\/www.facebook.com\/acapulcopress\" target=\"_blank\" rel=\"noopener\">acapulcopress<\/a><\/em><br \/>\n<em>] S\u00edguenos en Facebook.com\/<a href=\"https:\/\/www.facebook.com\/angelblanco.press\" target=\"_blank\" rel=\"noopener\">angelblanco.press<\/a><\/em><br \/>\n<em>] S\u00edguenos en ) acapulcopress.com<\/em><\/p>\n","protected":false},"excerpt":{"rendered":"<p>Marem\u00e1gnum \u00bb RICARDO | CASTILLO BARRIENTOS ) Facebook \/ Ricardo Castillo Barrientos Uno de los factores que caracterizan a las sociedades desarrolladas es el transporte urbano masivo de calidad, mediante el cual se desplazan cientos de miles de personas para realizar sus actividades cotidianas, sin contratiempos ni nada que le complique los desplazamientos de un&#8230;<\/p>\n","protected":false},"author":2,"featured_media":1256202,"comment_status":"closed","ping_status":"closed","sticky":false,"template":"","format":"standard","meta":{"footnotes":""},"categories":[2071,1991],"tags":[4700,12503,15575],"class_list":["post-1256200","post","type-post","status-publish","format-standard","has-post-thumbnail","hentry","category-opinion-analisis-columnas","category-libertad-de-expresion","tag-berlin","tag-maremagnum","tag-ricardo-castillo-barrientos"],"_links":{"self":[{"href":"https:\/\/www.acapulcopress.com\/index.php\/wp-json\/wp\/v2\/posts\/1256200","targetHints":{"allow":["GET"]}}],"collection":[{"href":"https:\/\/www.acapulcopress.com\/index.php\/wp-json\/wp\/v2\/posts"}],"about":[{"href":"https:\/\/www.acapulcopress.com\/index.php\/wp-json\/wp\/v2\/types\/post"}],"author":[{"embeddable":true,"href":"https:\/\/www.acapulcopress.com\/index.php\/wp-json\/wp\/v2\/users\/2"}],"replies":[{"embeddable":true,"href":"https:\/\/www.acapulcopress.com\/index.php\/wp-json\/wp\/v2\/comments?post=1256200"}],"version-history":[{"count":0,"href":"https:\/\/www.acapulcopress.com\/index.php\/wp-json\/wp\/v2\/posts\/1256200\/revisions"}],"wp:featuredmedia":[{"embeddable":true,"href":"https:\/\/www.acapulcopress.com\/index.php\/wp-json\/"}],"wp:attachment":[{"href":"https:\/\/www.acapulcopress.com\/index.php\/wp-json\/wp\/v2\/media?parent=1256200"}],"wp:term":[{"taxonomy":"category","embeddable":true,"href":"https:\/\/www.acapulcopress.com\/index.php\/wp-json\/wp\/v2\/categories?post=1256200"},{"taxonomy":"post_tag","embeddable":true,"href":"https:\/\/www.acapulcopress.com\/index.php\/wp-json\/wp\/v2\/tags?post=1256200"}],"curies":[{"name":"wp","href":"https:\/\/api.w.org\/{rel}","templated":true}]}}