{"id":1256206,"date":"2023-08-17T18:52:42","date_gmt":"2023-08-18T00:52:42","guid":{"rendered":"https:\/\/www.acapulcopress.com\/?p=1256206"},"modified":"2023-08-17T18:52:42","modified_gmt":"2023-08-18T00:52:42","slug":"en-guerrero-los-recursos-regresan-al-pueblo-a-traves-de-programas-que-transforman-la-vida-de-la-gente-evelyn-salgado","status":"publish","type":"post","link":"https:\/\/www.acapulcopress.com\/index.php\/2023\/08\/17\/en-guerrero-los-recursos-regresan-al-pueblo-a-traves-de-programas-que-transforman-la-vida-de-la-gente-evelyn-salgado\/","title":{"rendered":"En Guerrero, los recursos regresan al pueblo a trav\u00e9s de programas que transforman la vida de la gente | Evelyn Salgado"},"content":{"rendered":"<p style=\"text-align: justify\">BENITO JU\u00c1REZ * Agosto 17, 2023.<br \/>\n<em>) Gobierno de Guerrero<\/em><\/p>\n<p style=\"text-align: justify\"><img loading=\"lazy\" decoding=\"async\" class=\"alignleft size-medium wp-image-1256218\" src=\"https:\/\/www.acapulcopress.com\/wp-content\/uploads\/2023\/08\/EVELYN.BIENESTAR13-375x250.jpg\" alt=\"\" width=\"375\" height=\"250\" \/>Con el objetivo de acercar los programas a los sectores que m\u00e1s lo requieren, la gobernadora <a href=\"https:\/\/www.facebook.com\/EvelynSalgadoP\" target=\"_blank\" rel=\"noopener\">Evelyn Salgado Pineda<\/a>, junto al titular de la Comisi\u00f3n Nacional de Acuacultura y Pesca (Conapesca), <a href=\"https:\/\/www.facebook.com\/profile.php?id=100069220901540\" target=\"_blank\" rel=\"noopener\">Octavio Almada Palafox<\/a>, y el delegado federal de programas para el Bienestar en Guerrero, <a href=\"https:\/\/www.facebook.com\/Ivanhernandezdi\" target=\"_blank\" rel=\"noopener\">Iv\u00e1n Hern\u00e1ndez D\u00edaz<\/a>, encabezaron la instalaci\u00f3n de las asambleas de los Comit\u00e9s de Programas para el Bienestar, en el S\u00fachil, municipio de Tecpan y en Arenal de los G\u00f3mez, en Benito Ju\u00e1rez. A trav\u00e9s de esta acci\u00f3n, las sucursales del Banco del Bienestar se convierten en centros integradores de los diferentes programas que impulsa el gobierno federal en beneficio de la poblaci\u00f3n.<\/p>\n<p style=\"text-align: justify\">En su mensaje, la mandataria estatal explic\u00f3 que esto es parte de una estrategia <img loading=\"lazy\" decoding=\"async\" class=\"alignleft size-medium wp-image-1256216\" src=\"https:\/\/www.acapulcopress.com\/wp-content\/uploads\/2023\/08\/EVELYN.BIENESTAR11-375x250.jpg\" alt=\"\" width=\"375\" height=\"250\" \/>coordinada, mediante la cual se han integrado un total de 26 asambleas de manera conjunta en las regiones de Acapulco, Costa Grande y Costa Chica, logrando con ello que la poblaci\u00f3n tenga acceso a una mejor calidad de vida, mediante \u00abacciones contundentes y sobre todo, revolucionando conciencias\u00bb.<\/p>\n<p style=\"text-align: justify\">\u00abHoy los recursos regresan al pueblo, a trav\u00e9s de becas, a trav\u00e9s de pensiones, a trav\u00e9s de programas, del fertilizante, de apoyos que est\u00e1n transformando la vida de cientos, de miles de guerrerenses. Como nunca antes ning\u00fan presidente de la Rep\u00fablica hab\u00eda puesto sus ojos en Guerrero, como lo ha hecho el presidente <a href=\"https:\/\/www.facebook.com\/EvelynSalgadoP\" target=\"_blank\" rel=\"noopener\">Andr\u00e9s Manuel L\u00f3pez Obrador<\/a>\u00ab, se\u00f1al\u00f3.<\/p>\n<p style=\"text-align: justify\">Salgado Pineda expres\u00f3 su reconocimiento a los servidores p\u00fablicos que integran las <img loading=\"lazy\" decoding=\"async\" class=\"alignleft size-medium wp-image-1256213\" src=\"https:\/\/www.acapulcopress.com\/wp-content\/uploads\/2023\/08\/EVELYN.BIENESTAR8-375x250.jpg\" alt=\"\" width=\"375\" height=\"250\" \/>asambleas, por toda la labor que realizan para que los beneficiarios puedan recibir los apoyos de manera directa y sin intermediarios. Al respecto destac\u00f3 que Guerrero es uno de los estados que cuenta con un mayor avance en materia de Bancos del Bienestar, actualmente la entidad cuenta con 90 sucursales, de un total de 116 que se tienen proyectadas.<\/p>\n<p style=\"text-align: justify\">\u00abUstedes que hoy conforman estas asambleas, son las manos y los pies, que sin duda hacen posible esta transformaci\u00f3n y que la materializan todos los d\u00edas; tienen todo nuestro cari\u00f1o, todo nuestro respaldo, para continuar con esta labor que es muy importante\u00bb, a\u00f1adi\u00f3.<\/p>\n<p style=\"text-align: justify\">Durante su participaci\u00f3n, el titular de Conapesca expres\u00f3 su reconocimiento a la labor que <img loading=\"lazy\" decoding=\"async\" class=\"alignleft size-medium wp-image-1256212\" src=\"https:\/\/www.acapulcopress.com\/wp-content\/uploads\/2023\/08\/EVELYN.BIENESTAR7-375x250.jpg\" alt=\"\" width=\"375\" height=\"250\" \/>realiza la gobernadora Evelyn Salgado Pineda, de quien dijo, es un ejemplo por su lucha y tenacidad. \u00abEs una mujer que merece todo el respeto y el apoyo de nosotros, joven, comprometida, con convicciones, honesta y ejemplo para muchas generaciones. Tienen una digna representante en su estado; es un orgullo para muchas generaciones atr\u00e1s; su tenacidad, su compromiso\u00bb, dijo.<\/p>\n<p style=\"text-align: justify\">En tanto que el delegado federal de programas para el Bienestar en Guerrero, detall\u00f3 que a trav\u00e9s de estos comit\u00e9s, los ciudadanos podr\u00e1n contar con asesor\u00eda y atenci\u00f3n de los diferentes programas. \u00abUstedes son nuestros jefes, ustedes los beneficiarios son nuestros patrones y la indicaci\u00f3n del presidente es que en cada banco haya un comit\u00e9 que est\u00e9 para <img loading=\"lazy\" decoding=\"async\" class=\"alignleft size-medium wp-image-1256210\" src=\"https:\/\/www.acapulcopress.com\/wp-content\/uploads\/2023\/08\/EVELYN.BIENESTAR5-375x195.jpg\" alt=\"\" width=\"375\" height=\"195\" \/>servirles como lo har\u00eda el propio presidente\u00bb, a\u00f1adi\u00f3.<\/p>\n<p style=\"text-align: justify\">Estos comit\u00e9s est\u00e1n integrados por el Jefe de sucursal del Banco del Bienestar, un enlace municipal, as\u00ed como auxiliares operativos en los programas Becas para el Bienestar, La Escuela es Nuestra, Pensi\u00f3n para el Bienestar de Personas Adultas Mayores, Pensi\u00f3n para el Bienestar de Personas con Discapacidad, programas de Fertilizantes para el Bienestar, Tandas para el Bienestar, Sembrando vida, Bienpesca, entre otros.<\/p>\n<p style=\"text-align: justify\">Acompa\u00f1aron a la gobernadora el alcalde de Tecpan de Galeana, Yasir Deloya D\u00edaz; la presidenta municipal de Benito Ju\u00e1rez, Glafira Meraza Prudente; los beneficiarios Benedicta Pineda Medina y Telmo Balderrama Flores; as\u00ed como pobladores del S\u00fachil, municipio de Tecpan y Arenal de \u00c1lvarez, San Jer\u00f3nimo, Hacienda de Caba\u00f1as, Arenal de G\u00f3mez, Santa Cruz de Mitla y Arenal del Centro, del municipio de\u00a0Benito\u00a0Ju\u00e1rez.<\/p>\n<p style=\"text-align: justify\"><em>] S\u00edguenos en Facebook.com\/<a href=\"https:\/\/www.facebook.com\/acapulcopress\" target=\"_blank\" rel=\"noopener\">acapulcopress<\/a><\/em><br \/>\n<em>] S\u00edguenos en Facebook.com\/<a href=\"https:\/\/www.facebook.com\/angelblanco.press\" target=\"_blank\" rel=\"noopener\">angelblanco.press<\/a><\/em><\/p>\n<p style=\"text-align: justify\">\n","protected":false},"excerpt":{"rendered":"<p>BENITO JU\u00c1REZ * Agosto 17, 2023. ) Gobierno de Guerrero Con el objetivo de acercar los programas a los sectores que m\u00e1s lo requieren, la gobernadora Evelyn Salgado Pineda, junto al titular de la Comisi\u00f3n Nacional de Acuacultura y Pesca (Conapesca), Octavio Almada Palafox, y el delegado federal de programas para el Bienestar en Guerrero,&#8230;<\/p>\n","protected":false},"author":2,"featured_media":1256215,"comment_status":"closed","ping_status":"closed","sticky":false,"template":"","format":"standard","meta":{"footnotes":""},"categories":[1972,1983,18561],"tags":[3896,4551,6168,8251,10498,13860],"class_list":["post-1256206","post","type-post","status-publish","format-standard","has-post-thumbnail","hentry","category-special","category-guerrerogob","category-society-politics","tag-andres-manuel-lopez-obrador","tag-banco-del-bienestar","tag-comision-nacional-de-acuacultura-y-pesca-conapesca","tag-evelyn-salgado-pineda","tag-ivan-hernandez-diaz","tag-octavio-almada-palafox"],"_links":{"self":[{"href":"https:\/\/www.acapulcopress.com\/index.php\/wp-json\/wp\/v2\/posts\/1256206","targetHints":{"allow":["GET"]}}],"collection":[{"href":"https:\/\/www.acapulcopress.com\/index.php\/wp-json\/wp\/v2\/posts"}],"about":[{"href":"https:\/\/www.acapulcopress.com\/index.php\/wp-json\/wp\/v2\/types\/post"}],"author":[{"embeddable":true,"href":"https:\/\/www.acapulcopress.com\/index.php\/wp-json\/wp\/v2\/users\/2"}],"replies":[{"embeddable":true,"href":"https:\/\/www.acapulcopress.com\/index.php\/wp-json\/wp\/v2\/comments?post=1256206"}],"version-history":[{"count":0,"href":"https:\/\/www.acapulcopress.com\/index.php\/wp-json\/wp\/v2\/posts\/1256206\/revisions"}],"wp:featuredmedia":[{"embeddable":true,"href":"https:\/\/www.acapulcopress.com\/index.php\/wp-json\/"}],"wp:attachment":[{"href":"https:\/\/www.acapulcopress.com\/index.php\/wp-json\/wp\/v2\/media?parent=1256206"}],"wp:term":[{"taxonomy":"category","embeddable":true,"href":"https:\/\/www.acapulcopress.com\/index.php\/wp-json\/wp\/v2\/categories?post=1256206"},{"taxonomy":"post_tag","embeddable":true,"href":"https:\/\/www.acapulcopress.com\/index.php\/wp-json\/wp\/v2\/tags?post=1256206"}],"curies":[{"name":"wp","href":"https:\/\/api.w.org\/{rel}","templated":true}]}}