{"id":1256226,"date":"2023-08-17T19:59:17","date_gmt":"2023-08-18T01:59:17","guid":{"rendered":"https:\/\/www.acapulcopress.com\/?p=1256226"},"modified":"2023-08-17T19:59:17","modified_gmt":"2023-08-18T01:59:17","slug":"aitana-bonmati-quiere-el-mundial-femenino-para-espana","status":"publish","type":"post","link":"https:\/\/www.acapulcopress.com\/index.php\/2023\/08\/17\/aitana-bonmati-quiere-el-mundial-femenino-para-espana\/","title":{"rendered":"Aitana Bonmat\u00ed quiere el mundial femenino para Espa\u00f1a"},"content":{"rendered":"<p style=\"text-align: justify\">AUCKLAND, Nueva Zelanda * Agosto 17, 2023.<br \/>\n<em>) AP<\/em><\/p>\n<p style=\"text-align: justify\"><a href=\"https:\/\/www.facebook.com\/AitanaBonmati\" target=\"_blank\" rel=\"noopener\">Aitana Bonmat\u00ed<\/a> recuerda perfectamente el momento en el que Andr\u00e9s Iniesta anot\u00f3 un gol en la Copa Mundial de 2010, pese a que entonces ten\u00eda apenas 12 a\u00f1os de edad.<\/p>\n<p style=\"text-align: justify\">El gol en la pr\u00f3rroga de Iniesta en el duelo por el t\u00edtulo ante Holanda en Johannesburgo decret\u00f3 la victoria 1-0 con la que Espa\u00f1a conquist\u00f3 su primer y \u00fanico campeonato mundial masculino.<\/p>\n<p style=\"text-align: justify\">Bonmat\u00ed dice que lleg\u00f3 la hora para que Espa\u00f1a celebre con unas nuevas campeonas \u2014 en el Mundial femenino. La Roja enfrentar\u00e1 a Inglaterra en la final del domingo en Sydney.<\/p>\n<p style=\"text-align: justify\">Espa\u00f1a avanz\u00f3 a la final tras derrotar 2-1 a Suecia el martes, un partido en el que los tres goles fueron anotados en los \u00faltimos 10 minutos. Inglaterra sac\u00f3 su boleto al d\u00eda siguiente, imponi\u00e9ndose 3-1 ante la coanfitriona Australia.<\/p>\n<p style=\"text-align: justify\"><em>] S\u00edguenos en Facebook.com\/<a href=\"https:\/\/www.facebook.com\/acapulcopress\" target=\"_blank\" rel=\"noopener\">acapulcopress<\/a><\/em><br \/>\n<em>] S\u00edguenos en Facebook.com\/<a href=\"https:\/\/www.facebook.com\/angelblanco.press\" target=\"_blank\" rel=\"noopener\">angelblanco.press<\/a><\/em><\/p>\n","protected":false},"excerpt":{"rendered":"<p>AUCKLAND, Nueva Zelanda * Agosto 17, 2023. ) AP Aitana Bonmat\u00ed recuerda perfectamente el momento en el que Andr\u00e9s Iniesta anot\u00f3 un gol en la Copa Mundial de 2010, pese a que entonces ten\u00eda apenas 12 a\u00f1os de edad. El gol en la pr\u00f3rroga de Iniesta en el duelo por el t\u00edtulo ante Holanda en&#8230;<\/p>\n","protected":false},"author":2,"featured_media":1256227,"comment_status":"closed","ping_status":"closed","sticky":false,"template":"","format":"standard","meta":{"footnotes":""},"categories":[1972,1988,18566],"tags":[3436,6615],"class_list":["post-1256226","post","type-post","status-publish","format-standard","has-post-thumbnail","hentry","category-special","category-lifestyles","category-sports-lifestyles","tag-aitana-bonmati","tag-copa-mundial-femenina-de-la-fifa-2023"],"_links":{"self":[{"href":"https:\/\/www.acapulcopress.com\/index.php\/wp-json\/wp\/v2\/posts\/1256226","targetHints":{"allow":["GET"]}}],"collection":[{"href":"https:\/\/www.acapulcopress.com\/index.php\/wp-json\/wp\/v2\/posts"}],"about":[{"href":"https:\/\/www.acapulcopress.com\/index.php\/wp-json\/wp\/v2\/types\/post"}],"author":[{"embeddable":true,"href":"https:\/\/www.acapulcopress.com\/index.php\/wp-json\/wp\/v2\/users\/2"}],"replies":[{"embeddable":true,"href":"https:\/\/www.acapulcopress.com\/index.php\/wp-json\/wp\/v2\/comments?post=1256226"}],"version-history":[{"count":0,"href":"https:\/\/www.acapulcopress.com\/index.php\/wp-json\/wp\/v2\/posts\/1256226\/revisions"}],"wp:featuredmedia":[{"embeddable":true,"href":"https:\/\/www.acapulcopress.com\/index.php\/wp-json\/"}],"wp:attachment":[{"href":"https:\/\/www.acapulcopress.com\/index.php\/wp-json\/wp\/v2\/media?parent=1256226"}],"wp:term":[{"taxonomy":"category","embeddable":true,"href":"https:\/\/www.acapulcopress.com\/index.php\/wp-json\/wp\/v2\/categories?post=1256226"},{"taxonomy":"post_tag","embeddable":true,"href":"https:\/\/www.acapulcopress.com\/index.php\/wp-json\/wp\/v2\/tags?post=1256226"}],"curies":[{"name":"wp","href":"https:\/\/api.w.org\/{rel}","templated":true}]}}