{"id":1256229,"date":"2023-08-17T20:11:14","date_gmt":"2023-08-18T02:11:14","guid":{"rendered":"https:\/\/www.acapulcopress.com\/?p=1256229"},"modified":"2023-08-17T20:11:14","modified_gmt":"2023-08-18T02:11:14","slug":"monreal-propone-a-corcholatas-zanjar-diferencias","status":"publish","type":"post","link":"https:\/\/www.acapulcopress.com\/index.php\/2023\/08\/17\/monreal-propone-a-corcholatas-zanjar-diferencias\/","title":{"rendered":"Monreal propone a &#8216;corcholatas&#8217; zanjar diferencias"},"content":{"rendered":"<p style=\"text-align: justify\">CIUDAD DE M\u00c9XICO * Agosto 17, 2023.<br \/>\n<em>) <a href=\"https:\/\/latinus.us\/2023\/08\/17\/ricardo-monreal-pide-una-reunion-entre-aspirantes-morena-zanjar-cualquier-diferencia\/\" target=\"_blank\" rel=\"noopener\">LatinUs<\/a><\/em><\/p>\n<p style=\"text-align: justify\">El senador con licencia <a href=\"https:\/\/www.facebook.com\/RicardoMonrealA\" target=\"_blank\" rel=\"noopener\">Ricardo Monreal \u00c1vila<\/a> solicit\u00f3 este jueves una reuni\u00f3n entre aspirantes a la candidatura presidencial de Morena y sus partidos aliados para resolver diferencias.<\/p>\n<p style=\"text-align: justify\">En un mensaje emitido mientras se dirig\u00eda a una asamblea informativa en el Cableb\u00fas de Iztapalapa, el aspirante morenista resalt\u00f3 la importancia de la unidad en el partido.<\/p>\n<p style=\"text-align: justify\">\u201cPero es muy importante la unidad, es muy importante que con rapidez nos reunamos, que zanjemos cualquier diferencia, cualquier malentendido, no echemos a perder nuestro movimiento, los llamo a la cordura, los llamo a la conciliaci\u00f3n a todos\u201d, expres\u00f3 Ricardo Monreal.<\/p>\n<p style=\"text-align: justify\">\u201cNo vale la pena que por ambiciones personales dividamos el movimiento\u201d, agreg\u00f3.<\/p>\n<p style=\"text-align: justify\">El senador con licencia hizo este llamado a la unidad horas antes de que la Comisi\u00f3n de Elecciones de Morena realice el sorteo para definir a las empresas encuestadoras que participar\u00e1n en el proceso interno del partido.<\/p>\n<p style=\"text-align: justify\">Este mi\u00e9rcoles Marcelo Ebrard acus\u00f3 la utilizaci\u00f3n de brigadas y acarreos a favor de la aspiraci\u00f3n a la candidatura presidencial de Claudia Sheinbaum, adem\u00e1s exigi\u00f3 a la dirigencia del partido que tome medidas.<\/p>\n<p style=\"text-align: justify\">\u201cExhorto a la dirigencia nacional del partido a que deje simular y que tome medidas, y es m\u00e1s exijo a nombre de todos los ciudadanos, y tambi\u00e9n que se le comunique a las diferentes dependencias del gobierno federal, estatales y municipales que tienen que respetar el acuerdo que se firm\u00f3\u201d, declar\u00f3 Ebrard en una conferencia de prensa.<\/p>\n<p style=\"text-align: justify\">Posteriormente, Ricardo Monreal pidi\u00f3 a Morena que atienda la denuncia del excanciller Marcelo Ebrard sobre la falta de equidad en el proceso interno del partido.<\/p>\n<p style=\"text-align: justify\">\u201cEstamos a tiempo de corregir, teniendo presente que el valor pol\u00edtico superior que la y los participantes debemos conservar es la unidad del movimiento transformador\u201d, indic\u00f3 en redes sociales.<\/p>\n<p style=\"text-align: justify\"><em>] S\u00edguenos en Facebook.com\/<a href=\"https:\/\/www.facebook.com\/acapulcopress\" target=\"_blank\" rel=\"noopener\">acapulcopress<\/a><\/em><br \/>\n<em>] S\u00edguenos en Facebook.com\/<a href=\"https:\/\/www.facebook.com\/angelblanco.press\" target=\"_blank\" rel=\"noopener\">angelblanco.press<\/a><\/em><br \/>\n<em>] S\u00edguenos en ) acapulcopress.com<\/em><\/p>\n","protected":false},"excerpt":{"rendered":"<p>CIUDAD DE M\u00c9XICO * Agosto 17, 2023. ) LatinUs El senador con licencia Ricardo Monreal \u00c1vila solicit\u00f3 este jueves una reuni\u00f3n entre aspirantes a la candidatura presidencial de Morena y sus partidos aliados para resolver diferencias. En un mensaje emitido mientras se dirig\u00eda a una asamblea informativa en el Cableb\u00fas de Iztapalapa, el aspirante morenista&#8230;<\/p>\n","protected":false},"author":2,"featured_media":1256230,"comment_status":"closed","ping_status":"closed","sticky":false,"template":"","format":"standard","meta":{"footnotes":""},"categories":[1997],"tags":[15590],"class_list":["post-1256229","post","type-post","status-publish","format-standard","has-post-thumbnail","hentry","category-noticias-destacadas","tag-ricardo-monreal-avila"],"_links":{"self":[{"href":"https:\/\/www.acapulcopress.com\/index.php\/wp-json\/wp\/v2\/posts\/1256229","targetHints":{"allow":["GET"]}}],"collection":[{"href":"https:\/\/www.acapulcopress.com\/index.php\/wp-json\/wp\/v2\/posts"}],"about":[{"href":"https:\/\/www.acapulcopress.com\/index.php\/wp-json\/wp\/v2\/types\/post"}],"author":[{"embeddable":true,"href":"https:\/\/www.acapulcopress.com\/index.php\/wp-json\/wp\/v2\/users\/2"}],"replies":[{"embeddable":true,"href":"https:\/\/www.acapulcopress.com\/index.php\/wp-json\/wp\/v2\/comments?post=1256229"}],"version-history":[{"count":0,"href":"https:\/\/www.acapulcopress.com\/index.php\/wp-json\/wp\/v2\/posts\/1256229\/revisions"}],"wp:featuredmedia":[{"embeddable":true,"href":"https:\/\/www.acapulcopress.com\/index.php\/wp-json\/"}],"wp:attachment":[{"href":"https:\/\/www.acapulcopress.com\/index.php\/wp-json\/wp\/v2\/media?parent=1256229"}],"wp:term":[{"taxonomy":"category","embeddable":true,"href":"https:\/\/www.acapulcopress.com\/index.php\/wp-json\/wp\/v2\/categories?post=1256229"},{"taxonomy":"post_tag","embeddable":true,"href":"https:\/\/www.acapulcopress.com\/index.php\/wp-json\/wp\/v2\/tags?post=1256229"}],"curies":[{"name":"wp","href":"https:\/\/api.w.org\/{rel}","templated":true}]}}