{"id":1256233,"date":"2023-08-18T11:50:29","date_gmt":"2023-08-18T17:50:29","guid":{"rendered":"https:\/\/www.acapulcopress.com\/?p=1256233"},"modified":"2023-08-18T11:50:29","modified_gmt":"2023-08-18T17:50:29","slug":"asi-se-veria-pebbles-picapiedra-si-fuese-una-nina-de-verdad","status":"publish","type":"post","link":"https:\/\/www.acapulcopress.com\/index.php\/2023\/08\/18\/asi-se-veria-pebbles-picapiedra-si-fuese-una-nina-de-verdad\/","title":{"rendered":"As\u00ed se ver\u00eda Pebbles Picapiedra si fuese una ni\u00f1a de verdad"},"content":{"rendered":"<p style=\"text-align: justify\">* Agosto 18, 2023.<br \/>\n<em>) <a href=\"https:\/\/www.terra.com.mx\/entretenimiento\/2023\/8\/18\/asi-se-veria-pebbles-de-los-picapiedras-en-la-vida-real-segun-la-ia-52049.html\" target=\"_blank\" rel=\"noopener\">Terra<\/a><\/em><\/p>\n<p style=\"text-align: justify\">Hace m\u00e1s de 60 a\u00f1os, el d\u00fao de animadores Hanna &#8211; Barbera nos present\u00f3, por medio de una serie animada, a dos familias que nos mostraban c\u00f3mo podr\u00eda haber sido la vida en la Edad de Piedra, por un lado, y a c\u00f3mo cre\u00edan que podr\u00eda llegar a ser la vida en un escenario <img loading=\"lazy\" decoding=\"async\" class=\"alignleft size-medium wp-image-1256236\" src=\"https:\/\/www.acapulcopress.com\/wp-content\/uploads\/2023\/08\/pebble-picapiedra-375x486.webp\" alt=\"\" width=\"375\" height=\"486\" \/>futurista, automatizado e intergal\u00e1ctico. Hablamos de \u00ab<a href=\"https:\/\/www.facebook.com\/TheFlintstones\" target=\"_blank\" rel=\"noopener\">Los Picapiedras<\/a>\u00bb y \u00abLos Supers\u00f3nicos\u00bb, respectivamente, dos caricaturas que fueron furor en los 60.<\/p>\n<p style=\"text-align: justify\">Tanto \u00abLos Picapiedras\u00bb como \u00abLos Supers\u00f3nicos\u00bb trascendieron cualquier barrera generacional, a tal punto de que a\u00fan hoy, a m\u00e1s de 6 d\u00e9cadas de su estreno, son producciones que siguen teniendo a su p\u00fablico cautivo. Y, en cuanto a \u00abLos Picapiedras\u00bb, la Inteligencia Artificial nos ha ayudado a recrear la apariencia humanizada de cada uno de los personajes centrales.<\/p>\n<p style=\"text-align: justify\">Pedro y Vilma Picapiedras, por un lado, y sus vecinos y amigos Pablo y Betty M\u00e1rmol -por el otro- eran los personajes centrales de \u00abLos Picapiedras\u00bb. Sin embargo, con el correr de los episodios y el avance de la historia, ambas familias se agrandan. Los Picapiedras tienen a Pebbles, su \u00fanica hija, mientras que los M\u00e1rmol adoptan al peque\u00f1o Bam Bam.<\/p>\n<p style=\"text-align: justify\">M\u00e1s adelante, hay episodios en los que hasta vemos a Pebbles y Bam Bam siendo adolescentes y j\u00f3venes, incluso siendo protagonistas de algunos episodios. Y aunque \u00abLos <img loading=\"lazy\" decoding=\"async\" class=\"alignleft size-medium wp-image-1256241\" src=\"https:\/\/www.acapulcopress.com\/wp-content\/uploads\/2023\/08\/pebbles-375x211.webp\" alt=\"\" width=\"375\" height=\"211\" \/>Picapiedras\u00bb tuvieron su saga de pel\u00edculas con actores humanos, en la era de la Inteligencia Artificial un grupo de fans lograron recrear la apariencia de Pebbles en versi\u00f3n humana e hiperrealista.<\/p>\n<p style=\"text-align: justify\">Fue por medio del software Midjourney que, a ra\u00edz de algunas especificaciones, se logr\u00f3 obtener una versi\u00f3n de la peque\u00f1a Pebbles humana. Y, de acuerdo a la IA, la apariencia de Pebbles mantiene su caracter\u00edstico cabello de color rojo intenso, sus adornos con forma de huesos en el cabello y su peinado caracter\u00edstico. El detalle es que lo que se pierde en esta versi\u00f3n es la inocencia y simpat\u00eda en su rostro, ya que la versi\u00f3n hiperrealista encuentra a la menor de \u00abLos Picapiedras\u00bb con una mueca de seriedad.<\/p>\n<p style=\"text-align: justify\"><em>] S\u00edguenos en Facebook.com\/<a href=\"https:\/\/www.facebook.com\/acapulcopress\" target=\"_blank\" rel=\"noopener\">acapulcopress<\/a><\/em><br \/>\n<em>] S\u00edguenos en Facebook.com\/<a href=\"https:\/\/www.facebook.com\/angelblanco.press\" target=\"_blank\" rel=\"noopener\">angelblanco.press<\/a><\/em><\/p>\n","protected":false},"excerpt":{"rendered":"<p>* Agosto 18, 2023. ) Terra Hace m\u00e1s de 60 a\u00f1os, el d\u00fao de animadores Hanna &#8211; Barbera nos present\u00f3, por medio de una serie animada, a dos familias que nos mostraban c\u00f3mo podr\u00eda haber sido la vida en la Edad de Piedra, por un lado, y a c\u00f3mo cre\u00edan que podr\u00eda llegar a ser&#8230;<\/p>\n","protected":false},"author":2,"featured_media":1256235,"comment_status":"closed","ping_status":"closed","sticky":false,"template":"","format":"standard","meta":{"footnotes":""},"categories":[18563,1972,1988],"tags":[4541,12094,13075,14149,14400,14441],"class_list":["post-1256233","post","type-post","status-publish","format-standard","has-post-thumbnail","hentry","category-entretenimiento","category-special","category-lifestyles","tag-bam-bam","tag-los-picapiedras","tag-midjourney","tag-pablo-y-betty-marmol","tag-pebbles-picapiedra","tag-pedro-y-vilma-picapiedras"],"_links":{"self":[{"href":"https:\/\/www.acapulcopress.com\/index.php\/wp-json\/wp\/v2\/posts\/1256233","targetHints":{"allow":["GET"]}}],"collection":[{"href":"https:\/\/www.acapulcopress.com\/index.php\/wp-json\/wp\/v2\/posts"}],"about":[{"href":"https:\/\/www.acapulcopress.com\/index.php\/wp-json\/wp\/v2\/types\/post"}],"author":[{"embeddable":true,"href":"https:\/\/www.acapulcopress.com\/index.php\/wp-json\/wp\/v2\/users\/2"}],"replies":[{"embeddable":true,"href":"https:\/\/www.acapulcopress.com\/index.php\/wp-json\/wp\/v2\/comments?post=1256233"}],"version-history":[{"count":0,"href":"https:\/\/www.acapulcopress.com\/index.php\/wp-json\/wp\/v2\/posts\/1256233\/revisions"}],"wp:featuredmedia":[{"embeddable":true,"href":"https:\/\/www.acapulcopress.com\/index.php\/wp-json\/"}],"wp:attachment":[{"href":"https:\/\/www.acapulcopress.com\/index.php\/wp-json\/wp\/v2\/media?parent=1256233"}],"wp:term":[{"taxonomy":"category","embeddable":true,"href":"https:\/\/www.acapulcopress.com\/index.php\/wp-json\/wp\/v2\/categories?post=1256233"},{"taxonomy":"post_tag","embeddable":true,"href":"https:\/\/www.acapulcopress.com\/index.php\/wp-json\/wp\/v2\/tags?post=1256233"}],"curies":[{"name":"wp","href":"https:\/\/api.w.org\/{rel}","templated":true}]}}