{"id":1256259,"date":"2023-08-18T17:19:10","date_gmt":"2023-08-18T23:19:10","guid":{"rendered":"https:\/\/www.acapulcopress.com\/?p=1256259"},"modified":"2023-08-18T17:19:10","modified_gmt":"2023-08-18T23:19:10","slug":"informa-gobernadora-avances-de-remodelacion-de-la-casa-de-los-vientos-de-diego-rivera","status":"publish","type":"post","link":"https:\/\/www.acapulcopress.com\/index.php\/2023\/08\/18\/informa-gobernadora-avances-de-remodelacion-de-la-casa-de-los-vientos-de-diego-rivera\/","title":{"rendered":"Informa Gobernadora avances de remodelaci\u00f3n de la Casa de Los Vientos de Diego Rivera"},"content":{"rendered":"<p style=\"text-align: justify\">ACAPULCO * Agosto 18, 2023.<br \/>\n<em>) Gobierno de Guerrero<\/em><\/p>\n<p style=\"text-align: justify\">La gobernadora <a href=\"https:\/\/www.facebook.com\/EvelynSalgadoP\" target=\"_blank\" rel=\"noopener\">Evelyn Salgado Pineda<\/a> y la secretaria de Cultura federal, Alejandra Frausto <img loading=\"lazy\" decoding=\"async\" class=\"alignleft size-medium wp-image-1256267\" src=\"https:\/\/www.acapulcopress.com\/wp-content\/uploads\/2023\/08\/CASA-DE-LOS-VIENTOS6-375x486.jpg\" alt=\"\" width=\"375\" height=\"486\" \/>Guerrero, encabezaron la Sesi\u00f3n del Comit\u00e9 Centro Cultural \u201cCasa de los Vientos\u201d, en donde se mostraron los avances en las obras de rehabilitaci\u00f3n y se dio un informe puntual de las intervenciones emprendidas. Al respecto la mandataria estatal expres\u00f3 su benepl\u00e1cito por esta acci\u00f3n conjunta, que permitir\u00e1 preservar la identidad y mostrar la belleza, cultura, tradici\u00f3n y legado hist\u00f3rico que tiene Acapulco.<\/p>\n<p style=\"text-align: justify\">Salgado Pineda hizo un reconocimiento al trabajo que ha emprendido la secretaria de Cultura, quien en todo momento ha mostrado su inter\u00e9s por continuar impulsado Acapulco como un legado cultural. Por ello le agradeci\u00f3 su inter\u00e9s para el rescate de este lugar emblem\u00e1tico del puerto, que relata gran parte de su historia.<\/p>\n<p style=\"text-align: justify\">\u201cHacer un gran reconocimiento a nuestra secretaria Alejandra Frausto, porque ella tuvo la iniciativa, pero no nada m\u00e1s tuvo la iniciativa, porque hay muchas iniciativas que se quedan como en el aire. Ella tuvo la iniciativa y tuvo el inter\u00e9s de darle la continuidad, de darle seguimiento, para que culmine este proyecto maravilloso y para dejarle a Guerrero un <img loading=\"lazy\" decoding=\"async\" class=\"alignleft size-medium wp-image-1256264\" src=\"https:\/\/www.acapulcopress.com\/wp-content\/uploads\/2023\/08\/CASA-DE-LOS-VIENTOS3-375x250.jpg\" alt=\"\" width=\"375\" height=\"250\" \/>legado cultural hist\u00f3rico que nadie nos va a poder quitar\u201d, dijo.<\/p>\n<p style=\"text-align: justify\">En su mensaje, la mandataria destac\u00f3 que esto es posible gracias a la coordinaci\u00f3n de esfuerzos entre los diferentes \u00f3rdenes de gobierno, pero, sobre todo, por el respaldo del gobierno federal para consolidar el rescate de la cultura, de las tradiciones y del entorno natural.<\/p>\n<p style=\"text-align: justify\">\u201cAqu\u00ed tenemos la fuerza necesaria, pero sobre todo tenemos la voluntad, que luego es lo m\u00e1s complicado, est\u00e1 el recurso que dicen bueno, tenemos voluntad, pero no tenemos recurso. Y luego est\u00e1 el recurso, pero si no hay voluntad nada se puede hacer. Aqu\u00ed no vamos a parar por voluntad, ni tampoco vamos a parar por recursos. Esto se tiene que terminar y sobre todo, continuar, esto tiene que quedar al cien\u201d, a\u00f1adi\u00f3.<\/p>\n<p style=\"text-align: justify\"><img loading=\"lazy\" decoding=\"async\" class=\"alignleft size-medium wp-image-1256269\" src=\"https:\/\/www.acapulcopress.com\/wp-content\/uploads\/2023\/08\/CASA-DE-LOS-VIENTOS8-375x250.jpg\" alt=\"\" width=\"375\" height=\"250\" \/>En tanto que la titular de Cultura refrend\u00f3 su compromiso por seguir en esta labor tan importante para Acapulco y para Guerrero, lo que permitir\u00e1 a los habitantes contar con un espacio referente de la cultura. Al respecto dijo que, en Acapulco, adicional a todo el valor cultural, hay un valor natural excepcional, por lo que propuso buscar la declaratoria de patrimonio biocultural.<\/p>\n<p style=\"text-align: justify\">Como parte del informe, la titular de la Secretar\u00eda de Desarrollo Urbano, Obras P\u00fablicas y Ordenamiento Territorial (SDUOPyOT), Irene Jim\u00e9nez Montiel dio a conocer que la primera etapa, en donde se intervino la Casa Estudio de Diego Rivera, est\u00e1 concluida en su totalidad y para ello se invirtieron 1.8 millones de pesos; mientras que en la segunda etapa se trabaja con el remozamiento de estructura y terrapl\u00e9n. En lo que concierne a la tercera <img loading=\"lazy\" decoding=\"async\" class=\"alignleft size-medium wp-image-1256268\" src=\"https:\/\/www.acapulcopress.com\/wp-content\/uploads\/2023\/08\/CASA-DE-LOS-VIENTOS7-375x250.jpg\" alt=\"\" width=\"375\" height=\"250\" \/>etapa, se tiene programada la conclusi\u00f3n de la Casa de los Vientos, las instalaciones hidr\u00e1ulicas, sanitarias y el\u00e9ctricas, as\u00ed como los espacios de jardiner\u00eda; para ello se est\u00e1 en espera de los permisos correspondientes del Instituto Nacional de Bellas Artes y Literatura (Inbal).<\/p>\n<p style=\"text-align: justify\"><em>] S\u00edguenos en Facebook.com\/<a href=\"https:\/\/www.facebook.com\/acapulcopress\" target=\"_blank\" rel=\"noopener\">acapulcopress<\/a><\/em><br \/>\n<em>] S\u00edguenos en Facebook.com\/<a href=\"https:\/\/www.facebook.com\/angelblanco.press\" target=\"_blank\" rel=\"noopener\">angelblanco.press<\/a><\/em><br \/>\n<em>] S\u00edguenos en ) acapulcopress.com<\/em><\/p>\n","protected":false},"excerpt":{"rendered":"<p>ACAPULCO * Agosto 18, 2023. ) Gobierno de Guerrero La gobernadora Evelyn Salgado Pineda y la secretaria de Cultura federal, Alejandra Frausto Guerrero, encabezaron la Sesi\u00f3n del Comit\u00e9 Centro Cultural \u201cCasa de los Vientos\u201d, en donde se mostraron los avances en las obras de rehabilitaci\u00f3n y se dio un informe puntual de las intervenciones emprendidas&#8230;.<\/p>\n","protected":false},"author":2,"featured_media":1256266,"comment_status":"closed","ping_status":"closed","sticky":false,"template":"","format":"standard","meta":{"footnotes":""},"categories":[2025,1972,1988],"tags":[5338,7301,8251,8966,9302],"class_list":["post-1256259","post","type-post","status-publish","format-standard","has-post-thumbnail","hentry","category-arte-y-literatura","category-special","category-lifestyles","tag-casa-de-los-vientos","tag-diego-rivero","tag-evelyn-salgado-pineda","tag-frida-khalo","tag-gobierno-de-guerrero"],"_links":{"self":[{"href":"https:\/\/www.acapulcopress.com\/index.php\/wp-json\/wp\/v2\/posts\/1256259","targetHints":{"allow":["GET"]}}],"collection":[{"href":"https:\/\/www.acapulcopress.com\/index.php\/wp-json\/wp\/v2\/posts"}],"about":[{"href":"https:\/\/www.acapulcopress.com\/index.php\/wp-json\/wp\/v2\/types\/post"}],"author":[{"embeddable":true,"href":"https:\/\/www.acapulcopress.com\/index.php\/wp-json\/wp\/v2\/users\/2"}],"replies":[{"embeddable":true,"href":"https:\/\/www.acapulcopress.com\/index.php\/wp-json\/wp\/v2\/comments?post=1256259"}],"version-history":[{"count":0,"href":"https:\/\/www.acapulcopress.com\/index.php\/wp-json\/wp\/v2\/posts\/1256259\/revisions"}],"wp:featuredmedia":[{"embeddable":true,"href":"https:\/\/www.acapulcopress.com\/index.php\/wp-json\/"}],"wp:attachment":[{"href":"https:\/\/www.acapulcopress.com\/index.php\/wp-json\/wp\/v2\/media?parent=1256259"}],"wp:term":[{"taxonomy":"category","embeddable":true,"href":"https:\/\/www.acapulcopress.com\/index.php\/wp-json\/wp\/v2\/categories?post=1256259"},{"taxonomy":"post_tag","embeddable":true,"href":"https:\/\/www.acapulcopress.com\/index.php\/wp-json\/wp\/v2\/tags?post=1256259"}],"curies":[{"name":"wp","href":"https:\/\/api.w.org\/{rel}","templated":true}]}}