{"id":1256285,"date":"2023-08-21T19:22:57","date_gmt":"2023-08-22T01:22:57","guid":{"rendered":"https:\/\/www.acapulcopress.com\/?p=1256285"},"modified":"2023-08-21T19:22:57","modified_gmt":"2023-08-22T01:22:57","slug":"desmantelan-banda-criminal-dedicada-al-secuestro-en-acapulco","status":"publish","type":"post","link":"https:\/\/www.acapulcopress.com\/index.php\/2023\/08\/21\/desmantelan-banda-criminal-dedicada-al-secuestro-en-acapulco\/","title":{"rendered":"Desmantelan banda criminal dedicada al secuestro en Acapulco"},"content":{"rendered":"<p style=\"text-align: justify\">CHILPANCINGO * Agosto 21, 2023.<br \/>\n<em>) Coordinaci\u00f3n para la Construcci\u00f3n de la Paz<\/em><br \/>\nResultado de los operativos y acciones que en materia de seguridad y procuraci\u00f3n de justicia se realizan en Guerrero desde la Mesa de Coordinaci\u00f3n para la Construcci\u00f3n de la <img loading=\"lazy\" decoding=\"async\" class=\"alignleft wp-image-1256286 size-medium\" src=\"https:\/\/www.acapulcopress.com\/wp-content\/uploads\/2023\/08\/CEULA-CRIMINAL-375x323.jpg\" alt=\"\" width=\"375\" height=\"323\" \/>Paz, se logr\u00f3 la detenci\u00f3n en flagrancia de ocho sujetos por el delito de secuestro, relacionados con la c\u00e9lula criminal de \u00abLos Rusos\u00bb que operaba en el Puerto de Acapulco.<\/p>\n<p style=\"text-align: justify\">Adem\u00e1s, en una acci\u00f3n conjunta por la Fiscal\u00eda General del Estado se logr\u00f3 frustrar dos secuestros virtuales en el municipio de Tecoanapa y Taxco de Alarc\u00f3n, adem\u00e1s de lograr la vinculaci\u00f3n a proceso de cinco sujetos por el delito de homicidio relacionado con los hechos registrados en el Municipio Atenango del R\u00edo donde perdi\u00f3 la vida un elemento ministerial.<\/p>\n<p style=\"text-align: justify\">En esta transmisi\u00f3n informativa realizada por el vocero de la Mesa de Coordinaci\u00f3n para la Construcci\u00f3n de la Paz, Randy Su\u00e1stegui, se detall\u00f3 que, por parte de la Fiscal\u00eda General del Estado se lograron asegurar un total 53 veh\u00edculos y se recuperaron 10 veh\u00edculos con reporte de robo, adem\u00e1s de asegurar a siete personas por delitos diversos, entre otros resultados.<\/p>\n<p style=\"text-align: justify\">En este informe correspondiente del 14 al 20 de agosto, se inform\u00f3 que la Fiscal\u00eda General del Estado en coordinaci\u00f3n con otras instancias de seguridad desplegaron un operativo para la b\u00fasqueda para dar con el paradero pronto y oportuno de la Agente Titular del Ministerio P\u00fablico de la Tierra Caliente que fue privada de la libertad por un grupo de 20 sujetos armados.<\/p>\n<p style=\"text-align: justify\">El vicefiscal de Investigaci\u00f3n de la Fiscal\u00eda General del Estado Gabriel Alejandro Hern\u00e1ndez confirm\u00f3 que alrededor de las 13:00 horas de este lunes, un grupo de 20 sujetos armados, mismos que despojaron y desarmaron a la guardia de la Polic\u00eda de Investigaci\u00f3n Ministerial e ingresaron a las oficinas del Ministerio P\u00fablico privando de la libertad a la Agente Titular de la Regi\u00f3n, por lo que ya fue abierta la carpeta de investigaci\u00f3n correspondiente de estos hechos.<\/p>\n<p style=\"text-align: justify\">Por otra parte, el Jefe de la Unidad de la Polic\u00eda Cibern\u00e9tica de la Secretar\u00eda de Seguridad P\u00fablica, Antonio Carlos Herrera Justo, puntualiz\u00f3 que en esta \u00faltima semana del 14 al 20 de agosto se logr\u00f3 obtener resultados operativos con la detenci\u00f3n de 24 personas por delitos del fuero federal, com\u00fan y faltas administrativas, adem\u00e1s de asegurar 17 veh\u00edculos y motocicletas, de los cuales cinco cuentan con reporte de robo y 12 est\u00e1n relacionados con diversos delitos.<\/p>\n<p style=\"text-align: justify\">Adem\u00e1s, se logr\u00f3 decomisar un arma de fuego larga, 5 armas cortas, seis cargadores y 57 cartuchos, as\u00ed como 231 gramos de estupefacientes, generando una p\u00e9rdida financiera a la delincuencia organizada por 27 mil pesos, adem\u00e1s de asegurar 63 huevos\u00a0de\u00a0tortuga.<\/p>\n<p style=\"text-align: justify\"><em>] S\u00edguenos en Facebook.com\/<a href=\"https:\/\/www.facebook.com\/acapulcopress\" target=\"_blank\" rel=\"noopener\">acapulcopress<\/a><\/em><br \/>\n<em>] S\u00edguenos en Facebook.com\/<a href=\"https:\/\/www.facebook.com\/angelblanco.press\" target=\"_blank\" rel=\"noopener\">angelblanco.press<\/a><\/em><br \/>\n<em>] S\u00edguenos en ) acapulcopress.com<\/em><\/p>\n","protected":false},"excerpt":{"rendered":"<p>CHILPANCINGO * Agosto 21, 2023. ) Coordinaci\u00f3n para la Construcci\u00f3n de la Paz Resultado de los operativos y acciones que en materia de seguridad y procuraci\u00f3n de justicia se realizan en Guerrero desde la Mesa de Coordinaci\u00f3n para la Construcci\u00f3n de la Paz, se logr\u00f3 la detenci\u00f3n en flagrancia de ocho sujetos por el delito&#8230;<\/p>\n","protected":false},"author":2,"featured_media":1256286,"comment_status":"closed","ping_status":"closed","sticky":false,"template":"","format":"standard","meta":{"footnotes":""},"categories":[1969,1972,2005],"tags":[15272,16341],"class_list":["post-1256285","post","type-post","status-publish","format-standard","has-post-thumbnail","hentry","category-trending","category-special","category-seguridad-y-justicia","tag-randy-suastegui-cebrero","tag-secuestro"],"_links":{"self":[{"href":"https:\/\/www.acapulcopress.com\/index.php\/wp-json\/wp\/v2\/posts\/1256285","targetHints":{"allow":["GET"]}}],"collection":[{"href":"https:\/\/www.acapulcopress.com\/index.php\/wp-json\/wp\/v2\/posts"}],"about":[{"href":"https:\/\/www.acapulcopress.com\/index.php\/wp-json\/wp\/v2\/types\/post"}],"author":[{"embeddable":true,"href":"https:\/\/www.acapulcopress.com\/index.php\/wp-json\/wp\/v2\/users\/2"}],"replies":[{"embeddable":true,"href":"https:\/\/www.acapulcopress.com\/index.php\/wp-json\/wp\/v2\/comments?post=1256285"}],"version-history":[{"count":0,"href":"https:\/\/www.acapulcopress.com\/index.php\/wp-json\/wp\/v2\/posts\/1256285\/revisions"}],"wp:featuredmedia":[{"embeddable":true,"href":"https:\/\/www.acapulcopress.com\/index.php\/wp-json\/"}],"wp:attachment":[{"href":"https:\/\/www.acapulcopress.com\/index.php\/wp-json\/wp\/v2\/media?parent=1256285"}],"wp:term":[{"taxonomy":"category","embeddable":true,"href":"https:\/\/www.acapulcopress.com\/index.php\/wp-json\/wp\/v2\/categories?post=1256285"},{"taxonomy":"post_tag","embeddable":true,"href":"https:\/\/www.acapulcopress.com\/index.php\/wp-json\/wp\/v2\/tags?post=1256285"}],"curies":[{"name":"wp","href":"https:\/\/api.w.org\/{rel}","templated":true}]}}