{"id":1256290,"date":"2023-08-21T20:50:09","date_gmt":"2023-08-22T02:50:09","guid":{"rendered":"https:\/\/www.acapulcopress.com\/?p=1256290"},"modified":"2023-08-21T20:50:09","modified_gmt":"2023-08-22T02:50:09","slug":"pide-mario-delgado-a-mujeres-de-morena-todo-su-respaldo-a-la-gobernadora-evelyn-salgado","status":"publish","type":"post","link":"https:\/\/www.acapulcopress.com\/index.php\/2023\/08\/21\/pide-mario-delgado-a-mujeres-de-morena-todo-su-respaldo-a-la-gobernadora-evelyn-salgado\/","title":{"rendered":"Pide Mario Delgado a mujeres de Morena todo su respaldo a la Gobernadora Evelyn Salgado"},"content":{"rendered":"<p style=\"text-align: justify\">CHILPANCINGO * Agosto 21, 2023.<br \/>\n<em>) Especial<\/em><br \/>\n<img loading=\"lazy\" decoding=\"async\" class=\"alignleft wp-image-1256296 size-medium\" src=\"https:\/\/www.acapulcopress.com\/wp-content\/uploads\/2023\/08\/MARIO-DELGADO.EVELYN4-375x288.jpg\" alt=\"\" width=\"375\" height=\"288\" \/>El dirigente nacional de Morena, <a href=\"https:\/\/www.facebook.com\/mariodelgadocarrillo\" target=\"_blank\" rel=\"noopener\">Mario Delgado Carrillo<\/a>, expres\u00f3 su respaldo a la gobernadora <a href=\"https:\/\/www.facebook.com\/EvelynSalgadoP\" target=\"_blank\" rel=\"noopener\">Evelyn Salgado Pineda<\/a> y a la presidenta de la Junta de Coordinaci\u00f3n Pol\u00edtica, Yoloczin Dom\u00ednguez Serna, ante lo que llam\u00f3 \u201cataques permanentes\u201d de la derecha y convoc\u00f3 a la militancia de Morena para que, desde las trincheras individuales, defienda a las mujeres gobernantes.<\/p>\n<p style=\"text-align: justify\">En un encuentro con mujeres l\u00edderes y militantes de su partido, donde estuvo acompa\u00f1ado de la diputada <a href=\"https:\/\/www.facebook.com\/YoloczinDominguez\" target=\"_blank\" rel=\"noopener\">Yoloczin Dom\u00ednguez<\/a>, presidenta de la Junta de Coordinaci\u00f3n Pol\u00edtica del Congreso, y el presidente estatal de Morena,<a href=\"https:\/\/www.facebook.com\/JaGo2024Va\" target=\"_blank\" rel=\"noopener\"> Jacinto Gonz\u00e1lez Varona<\/a>, el dirigente nacional explic\u00f3 que los ataques contra las mujeres gobernantes tienen su origen en el machismo de quienes no pueden verlas en esas posiciones de gobierno, y en la cercan\u00eda del proceso <img loading=\"lazy\" decoding=\"async\" class=\"alignleft size-medium wp-image-1256293\" src=\"https:\/\/www.acapulcopress.com\/wp-content\/uploads\/2023\/08\/MARIO-DELGADO.EVELYN2-copia-375x250.jpg\" alt=\"\" width=\"375\" height=\"250\" \/>electoral del pr\u00f3ximo a\u00f1o.<\/p>\n<p style=\"text-align: justify\">\u201cVemos -dijo ante diputadas locales, dirigentes partidistas, consejeras y militantes- que hay una campa\u00f1a muy bien orquestada contra nuestra gobernadora, porque les molesta a estos grupos conservadores, estos grupos machistas, que una mujer ejerza con el liderazgo de Evelyn (Salgado Pineda), y que adem\u00e1s conduzca de mejor manera el estado, como no lo logaron hacer nunca los priistas, los perredistas, que fue un sistema de corrupci\u00f3n que ahora est\u00e1 terminando\u201d.<\/p>\n<p style=\"text-align: justify\">Tambi\u00e9n se\u00f1al\u00f3 que \u201ces condenable la inestabilidad que de repente meten en el Congreso algunos hombres que no soportan la idea de que tenemos una mujer liderando la Jucopo\u201d.<\/p>\n<p style=\"text-align: justify\">Delgado Carrillo dijo que \u201clo que yo les vengo a pedir aqu\u00ed a ustedes es que nos ayuden: si <img loading=\"lazy\" decoding=\"async\" class=\"alignleft size-medium wp-image-1256298\" src=\"https:\/\/www.acapulcopress.com\/wp-content\/uploads\/2023\/08\/MARIO-DELGADO.EVELYN6-375x240.jpg\" alt=\"\" width=\"375\" height=\"240\" \/>ustedes no hablan con la gente, si ustedes no ayudan a transmitir lo que est\u00e1 pasando aqu\u00ed en Guerrero y en todo el pa\u00eds, los logros de esta cuarta transformaci\u00f3n, dejamos expuesta a la gente a lo que recibe de los medios de comunicaci\u00f3n. Entonces viene una labor muy activa de concientizaci\u00f3n, por eso el presidente habla de la revoluci\u00f3n de las conciencias. Si logramos cambiar la mentalidad de la gente, entonces ya logramos la 4T, porque una vez que cambia la conciencia de la gente, este movimiento se vuelve irreversible\u201d.<\/p>\n<p style=\"text-align: justify\">En su oportunidad, la diputada Yoloczin Dom\u00ednguez Serna expres\u00f3 que la lucha de las mujeres para acceder al poder pol\u00edtico \u201cno ha sido una tarea f\u00e1cil, ha sido compleja, y esto a\u00fan no acaba\u201d. Dijo que por primera vez en la historia de Guerrero gobierna una mujer, <img loading=\"lazy\" decoding=\"async\" class=\"alignleft size-medium wp-image-1256295\" src=\"https:\/\/www.acapulcopress.com\/wp-content\/uploads\/2023\/08\/MARIO-DELGADO.EVELYN3-375x504.jpg\" alt=\"\" width=\"375\" height=\"504\" \/>orgullosamente morenista y \u201cnos sentimos sumamente orgullosas y representada por nuestra gobernadora, la cual ha demostrado un compromiso valioso por su estado, ha demostrado en cada acci\u00f3n, amor por su estado, y eso es un hace brillar m\u00e1s el espacio que hoy ejerce\u201d.<\/p>\n<p style=\"text-align: justify\">Record\u00f3 que tambi\u00e9n es la primera vez que se cuenta con un Congreso paritario y la primera vez que una mujer proveniente de la izquierda encabeza a la Jucopo.<\/p>\n<p style=\"text-align: justify\">El presidente estatal de Morena, Jacinto Gonz\u00e1lez Varona, se\u00f1al\u00f3 que a pesar de que Guerrero es \u201caltamente machista\u201d, ha sido el estado que m\u00e1s le ha aportado al desarrollo pol\u00edtico de las mujeres, y no solo de ahora, sino en las diferentes etapas hist\u00f3ricas de la entidad. Expres\u00f3 el respaldo del partido hacia las mujeres morenistas y dijo que \u201cno vamos a permitir que ning\u00fan actor mis\u00f3gino, ning\u00fan hombre o grupo de hombres que se creen due\u00f1os y amos y se\u00f1ores de Guerrero, quieran apagar la luz de la esperanza que encabeza nuestra gobernadora\u201d.<\/p>\n<p style=\"text-align: justify\"><img loading=\"lazy\" decoding=\"async\" class=\"alignleft size-medium wp-image-1256301\" src=\"https:\/\/www.acapulcopress.com\/wp-content\/uploads\/2023\/08\/MARIO-DELGADO.EVELYN10-375x273.jpg\" alt=\"\" width=\"375\" height=\"273\" \/>Tambi\u00e9n participaron militantes, quienes expresaron no solo los avances de la 4T, sino la necesidad de seguir incrementando el apoyo para consolidar la participaci\u00f3n de la mujer en las actividades pol\u00edticas en el estado.<\/p>\n<p style=\"text-align: justify\">Al encuentro asistieron diputadas locales de Morena, presidentas municipales, consejeras, s\u00edndicas, la presidenta del Consejo Estatal, Elsa Valencia; la secretaria general, Yesenia Salgado Xino, as\u00ed como mujeres militantes. Asistieron las diputadas Beatriz Mojica, Claudia Sierra, Marben de la Cruz, Estrella Bernal, Citlali Calixto, Mar\u00eda Flores, Jessica Alejo, Ang\u00e9lica Espinoza,\u00a0Nora\u00a0Vel\u00e1zquez.<\/p>\n<p style=\"text-align: justify\"><em>] S\u00edguenos en Facebook.com\/<a href=\"https:\/\/www.facebook.com\/acapulcopress\" target=\"_blank\" rel=\"noopener\">acapulcopress<\/a><\/em><br \/>\n<em>] S\u00edguenos en Facebook.com\/<a href=\"https:\/\/www.facebook.com\/angelblanco.press\" target=\"_blank\" rel=\"noopener\">angelblanco.press<\/a><\/em><\/p>\n","protected":false},"excerpt":{"rendered":"<p>CHILPANCINGO * Agosto 21, 2023. ) Especial El dirigente nacional de Morena, Mario Delgado Carrillo, expres\u00f3 su respaldo a la gobernadora Evelyn Salgado Pineda y a la presidenta de la Junta de Coordinaci\u00f3n Pol\u00edtica, Yoloczin Dom\u00ednguez Serna, ante lo que llam\u00f3 \u201cataques permanentes\u201d de la derecha y convoc\u00f3 a la militancia de Morena para que,&#8230;<\/p>\n","protected":false},"author":2,"featured_media":1256297,"comment_status":"closed","ping_status":"closed","sticky":false,"template":"","format":"standard","meta":{"footnotes":""},"categories":[1972,18561,2009],"tags":[8251,12677,18259],"class_list":["post-1256290","post","type-post","status-publish","format-standard","has-post-thumbnail","hentry","category-special","category-society-politics","category-politics","tag-evelyn-salgado-pineda","tag-mario-delgado-carrillo","tag-yoloczin-dominguez"],"_links":{"self":[{"href":"https:\/\/www.acapulcopress.com\/index.php\/wp-json\/wp\/v2\/posts\/1256290","targetHints":{"allow":["GET"]}}],"collection":[{"href":"https:\/\/www.acapulcopress.com\/index.php\/wp-json\/wp\/v2\/posts"}],"about":[{"href":"https:\/\/www.acapulcopress.com\/index.php\/wp-json\/wp\/v2\/types\/post"}],"author":[{"embeddable":true,"href":"https:\/\/www.acapulcopress.com\/index.php\/wp-json\/wp\/v2\/users\/2"}],"replies":[{"embeddable":true,"href":"https:\/\/www.acapulcopress.com\/index.php\/wp-json\/wp\/v2\/comments?post=1256290"}],"version-history":[{"count":0,"href":"https:\/\/www.acapulcopress.com\/index.php\/wp-json\/wp\/v2\/posts\/1256290\/revisions"}],"wp:featuredmedia":[{"embeddable":true,"href":"https:\/\/www.acapulcopress.com\/index.php\/wp-json\/"}],"wp:attachment":[{"href":"https:\/\/www.acapulcopress.com\/index.php\/wp-json\/wp\/v2\/media?parent=1256290"}],"wp:term":[{"taxonomy":"category","embeddable":true,"href":"https:\/\/www.acapulcopress.com\/index.php\/wp-json\/wp\/v2\/categories?post=1256290"},{"taxonomy":"post_tag","embeddable":true,"href":"https:\/\/www.acapulcopress.com\/index.php\/wp-json\/wp\/v2\/tags?post=1256290"}],"curies":[{"name":"wp","href":"https:\/\/api.w.org\/{rel}","templated":true}]}}