{"id":1256308,"date":"2023-08-21T22:18:21","date_gmt":"2023-08-22T04:18:21","guid":{"rendered":"https:\/\/www.acapulcopress.com\/?p=1256308"},"modified":"2023-08-21T22:18:21","modified_gmt":"2023-08-22T04:18:21","slug":"berlin-claroscuros-de-la-ciudad","status":"publish","type":"post","link":"https:\/\/www.acapulcopress.com\/index.php\/2023\/08\/21\/berlin-claroscuros-de-la-ciudad\/","title":{"rendered":"Berl\u00edn | Claroscuros de la ciudad"},"content":{"rendered":"<p style=\"text-align: justify\">Marem\u00e1gnum<br \/>\n\u00bb <strong>RICARDO<\/strong> |<strong> CASTILLO BARRIENTOS<\/strong><br \/>\n<em>) Facebook \/ <a href=\"https:\/\/www.facebook.com\/ricardocastill01\" target=\"_blank\" rel=\"noopener\">Ricardo Castillo Barrientos<\/a><\/em><\/p>\n<p style=\"text-align: justify\">Como todos los pa\u00edses del mundo, la Rep\u00fablica Federal de Alemania, no escapa de los claroscuros intermitentes que captan la atenci\u00f3n de propios y extra\u00f1os, realidad innegable que se impone y manifiesta en su toda su expresi\u00f3n.<\/p>\n<p style=\"text-align: justify\">Berl\u00edn tiene atractivos diversos que le confieren una posici\u00f3n relevante en el concierto de las naciones europeas, siendo un estado federado y la capital de Alemania con enorme peso econ\u00f3mico, pol\u00edtico, cultural y social, sobresaliente entre otras ciudades de gran potencial econ\u00f3mico y tur\u00edstico.<\/p>\n<p style=\"text-align: justify\">Marcha en miel sobre hojuelas; sin embargo tiene bemoles como el lado inequitativo de la pujante econom\u00eda alemana, que no alcanza irradiar beneficios a todos sus habitantes, donde algunos viven desamparados bajo el mismo cielo que cobija a todos.<\/p>\n<p style=\"text-align: justify\">Est\u00e1n presentes casos aislados que se observan en las calles y avenidas citadinas de gentes solicitando ayuda de algunas monedas o les obsequien el envase de pl\u00e1stico de una bebida consumida para canjearla por dinero y obtener un ingreso que les permita salvar el d\u00eda.<\/p>\n<p style=\"text-align: justify\">Los artistas callejeros abundan por doquier en lugares cercanos a sitios tur\u00edsticos, interpretando canciones o tocando instrumentos musicales de manera magistral como forma de ganarse la vida. Aqu\u00ed donde el graffiti es considerado un arte y es normal ver a parejas de gay o lesbianas caminar tomadas de la mano, y otros consumiendo mariguana o bebidas alcoh\u00f3licas en plena calle y a la luz del d\u00eda. Todo en un ambiente de respeto y cordialidad.<\/p>\n<p style=\"text-align: justify\">No existe sociedad perfecta que satisfaga plenamente las necesidades de sus habitantes como sucede en este extraordinario pa\u00eds con el Sistema P\u00fablico de Pensiones, que otorga una pensi\u00f3n m\u00ednima promedio de mil euros, a los adultos mayores despu\u00e9s de cotizar durante 33 a\u00f1os de trabajo.<\/p>\n<p style=\"text-align: justify\">Me comentaba un reciente amigo alem\u00e1n que el socialismo es el sistema perfecto que no funciona, como qued\u00f3 demostrado con el derrumbe de la \u201cCortina de Hierro\u201d y el s\u00edmbolismo m\u00e1s preclaro: \u201cLa Ca\u00edda del Muro de Berl\u00edn\u201d.<\/p>\n<p style=\"text-align: justify\">La pobreza fue la constante y fracaso del sistema pol\u00edtico y econ\u00f3mico del bloque socialista jefaturado por la Uni\u00f3n Sovi\u00e9tica. La Rep\u00fablica Democr\u00e1tica Alemana (RDA) como parte de este bloque sufri\u00f3 las inclementes consecuencias econ\u00f3micas, que a pesar de su integraci\u00f3n hace 33 a\u00f1os con la Rep\u00fablica Federal Alemana (RFA), todav\u00eda permanecen inercias del viejo y derrumbado sistema socialista.<\/p>\n<p style=\"text-align: justify\">Berl\u00edn es una ciudad polifac\u00e9tica y hospitalaria para personas de muy variadas nacionalidades como las mujeres musulmanas ataviadas con velos que cubren sus cabezas conocidos como \u201chiyab\u201d y una que otra con \u201cburka\u201d que cubre la cabeza y cara con excepci\u00f3n de los ojos. Y as\u00ed observamos dis\u00edmbolas personalidades de casi todo el mundo.<\/p>\n<p style=\"text-align: justify\">Retomando los claroscuros de la ciudad, es la capital del robo de bicicletas. Son hurtadas m\u00e1s de 30 mil al a\u00f1o, debido al uso intensivo de este popular medio de transporte, con una cifra insignificante de recuperaci\u00f3n.<\/p>\n<p style=\"text-align: justify\">Sin embargo, la ciudad y el pa\u00eds tienen fortalezas que los hacen envidiables frente a otras ciudades y naciones por su potencial industrial y econ\u00f3mico; y como vanguardia en las nuevas tecnolog\u00edas de la informaci\u00f3n y comunicaciones, energ\u00edas alternativas y cambio clim\u00e1tico.<\/p>\n<p style=\"text-align: justify\"><strong>Marea Baja.-<\/strong> Las cifras halag\u00fce\u00f1as del \u00faltimo trimestre que dio a conocer el Coneval sobre la baja de los \u00edndices de la pobreza en M\u00e9xico y Guerrero, son optimistas pero insuficientes.<\/p>\n<p style=\"text-align: justify\">Los programas sociales del gobierno federal contribuyen de sobre manera a menguar los estragos fulminantes de este fen\u00f3meno socioecon\u00f3mico, arraigado con mayor preponderancia en zonas urbanas, cuando antes las zonas rurales ten\u00edan mayor predominio.<\/p>\n<p style=\"text-align: justify\">No es hora de echar campanas al vuelo por los resultados favorables del Coneval, porque la ra\u00edz del problema se mantendr\u00e1 intacta, mientras no se produzca una transformaci\u00f3n real y profunda en las estructuras sociales, no habr\u00e1 un desarrollo igualitario. Lo dem\u00e1s es demagogia para que todo siga igual.<\/p>\n<p style=\"text-align: justify\"><strong>Marea Alta.-<\/strong> En una comunidad del estado de Chiapas, en San Antonio del Monte del municipio de San Crist\u00f3bal de las Casas, ya comenz\u00f3 a surtir efecto el llamado del retograda l\u00edder panista Marco Cort\u00e9s contra los libros de textos gratuitos, hicieron una pira con ellos.<\/p>\n<p style=\"text-align: justify\">Tambi\u00e9n los han atacado hasta el cansancio las televisoras del empresario Ricardo Salinas, muy molesto porque ya comenz\u00f3 a pagar impuestos y se le vino abajo el negocio de imprimir los libros de texto a cargo de su empresa editorial.<\/p>\n<p style=\"text-align: justify\">Salinas Pliego y sus voceros televisivos atribuyen que los libros de texto servir\u00e1n de adoctrinamiento comunista, lo cual resulta inveros\u00edmil y ridiculo, cuando un equipo de expertos procedi\u00f3 a la actualizaci\u00f3n de contenidos como se viene haciendo desde d\u00e9cadas anteriores.<\/p>\n<p style=\"text-align: justify\"><strong>Maremoto.-<\/strong> Las elecciones del domingo pasado en Guatemala dieron viraje hacia un gobierno de izquierda con Bernardo Ar\u00e9valo, despu\u00e9s de la recuperaci\u00f3n de la derecha argentina con Javier Milei del partido \u201cLa Libertad Avanza\u201d.<\/p>\n<p style=\"text-align: justify\">En breve conoceremos los resultados electorales de Ecuador donde la izquierda y derecha se disputan palmo a palmo el poder presidencial.<\/p>\n<p style=\"text-align: justify\">Veremos muy pronto la nueva configuraci\u00f3n del mapa geopol\u00edtico de Am\u00e9rica Latina, si transita por una senda de libertades y desarrollo, o se genera una regresi\u00f3n pol\u00edtica como en ocasiones ha ocurrido en este hemisferio.<\/p>\n<p style=\"text-align: justify\"><em>] S\u00edguenos en Facebook.com\/<a href=\"https:\/\/www.facebook.com\/acapulcopress\" target=\"_blank\" rel=\"noopener\">acapulcopress<\/a><\/em><br \/>\n<em>] S\u00edguenos en Facebook.com\/<a href=\"https:\/\/www.facebook.com\/angelblanco.press\" target=\"_blank\" rel=\"noopener\">angelblanco.press<\/a><\/em><\/p>\n","protected":false},"excerpt":{"rendered":"<p>Marem\u00e1gnum \u00bb RICARDO | CASTILLO BARRIENTOS ) Facebook \/ Ricardo Castillo Barrientos Como todos los pa\u00edses del mundo, la Rep\u00fablica Federal de Alemania, no escapa de los claroscuros intermitentes que captan la atenci\u00f3n de propios y extra\u00f1os, realidad innegable que se impone y manifiesta en su toda su expresi\u00f3n. Berl\u00edn tiene atractivos diversos que le&#8230;<\/p>\n","protected":false},"author":2,"featured_media":1256309,"comment_status":"closed","ping_status":"closed","sticky":false,"template":"","format":"standard","meta":{"footnotes":""},"categories":[2071,1991],"tags":[4700,12503,15575],"class_list":["post-1256308","post","type-post","status-publish","format-standard","has-post-thumbnail","hentry","category-opinion-analisis-columnas","category-libertad-de-expresion","tag-berlin","tag-maremagnum","tag-ricardo-castillo-barrientos"],"_links":{"self":[{"href":"https:\/\/www.acapulcopress.com\/index.php\/wp-json\/wp\/v2\/posts\/1256308","targetHints":{"allow":["GET"]}}],"collection":[{"href":"https:\/\/www.acapulcopress.com\/index.php\/wp-json\/wp\/v2\/posts"}],"about":[{"href":"https:\/\/www.acapulcopress.com\/index.php\/wp-json\/wp\/v2\/types\/post"}],"author":[{"embeddable":true,"href":"https:\/\/www.acapulcopress.com\/index.php\/wp-json\/wp\/v2\/users\/2"}],"replies":[{"embeddable":true,"href":"https:\/\/www.acapulcopress.com\/index.php\/wp-json\/wp\/v2\/comments?post=1256308"}],"version-history":[{"count":0,"href":"https:\/\/www.acapulcopress.com\/index.php\/wp-json\/wp\/v2\/posts\/1256308\/revisions"}],"wp:featuredmedia":[{"embeddable":true,"href":"https:\/\/www.acapulcopress.com\/index.php\/wp-json\/"}],"wp:attachment":[{"href":"https:\/\/www.acapulcopress.com\/index.php\/wp-json\/wp\/v2\/media?parent=1256308"}],"wp:term":[{"taxonomy":"category","embeddable":true,"href":"https:\/\/www.acapulcopress.com\/index.php\/wp-json\/wp\/v2\/categories?post=1256308"},{"taxonomy":"post_tag","embeddable":true,"href":"https:\/\/www.acapulcopress.com\/index.php\/wp-json\/wp\/v2\/tags?post=1256308"}],"curies":[{"name":"wp","href":"https:\/\/api.w.org\/{rel}","templated":true}]}}