{"id":1256316,"date":"2023-08-21T22:46:19","date_gmt":"2023-08-22T04:46:19","guid":{"rendered":"https:\/\/www.acapulcopress.com\/?p=1256316"},"modified":"2023-08-21T22:46:19","modified_gmt":"2023-08-22T04:46:19","slug":"refrenda-evelyn-salgado-compromiso-de-lucha-contra-violencia-y-desigualdad-de-las-mujeres","status":"publish","type":"post","link":"https:\/\/www.acapulcopress.com\/index.php\/2023\/08\/21\/refrenda-evelyn-salgado-compromiso-de-lucha-contra-violencia-y-desigualdad-de-las-mujeres\/","title":{"rendered":"Refrenda Evelyn Salgado compromiso de lucha contra violencia y desigualdad de las mujeres"},"content":{"rendered":"<p style=\"text-align: justify\">CHILPANCINGO * Agosto 21, 2023.<br \/>\n) Gobierno de Guerrero<\/p>\n<p style=\"text-align: justify\"><img loading=\"lazy\" decoding=\"async\" class=\"alignleft size-medium wp-image-1256323\" src=\"https:\/\/www.acapulcopress.com\/wp-content\/uploads\/2023\/08\/EVELYN.MUJERES7-375x218.jpg\" alt=\"\" width=\"375\" height=\"218\" \/>\u00abLas mujeres vamos a seguir luchando porque tenemos fuerza, voluntad, capacidad y coraz\u00f3n para hacer las cosas\u00bb, afirm\u00f3 la gobernadora <a href=\"https:\/\/www.facebook.com\/EvelynSalgadoP\" target=\"_blank\" rel=\"noopener\">Evelyn Salgado Pineda<\/a> al participar en el encuentro con Mujeres Mun\u00edcipes en el marco del 70 Aniversario del Derecho al Voto de las Mujeres en M\u00e9xico.<\/p>\n<p style=\"text-align: justify\">En su mensaje, la mandataria estatal puntualiz\u00f3 que hasta el \u00faltimo d\u00eda de su mandato seguir\u00e1 luchando contra la violencia y por los derechos de las mujeres, las j\u00f3venes y ni\u00f1as de Guerrero, pues afirm\u00f3 que no es una lucha de las mujeres contra los hombres, \u00abEs una lucha contra la desigualdad, piso parejo para todas, para tener las mismas oportunidades, no como privilegio, sino como un derecho\u00bb, afirm\u00f3.<\/p>\n<p style=\"text-align: justify\"><img loading=\"lazy\" decoding=\"async\" class=\"alignleft size-medium wp-image-1256321\" src=\"https:\/\/www.acapulcopress.com\/wp-content\/uploads\/2023\/08\/EVELYN.MUJERES5-375x250.jpg\" alt=\"\" width=\"375\" height=\"250\" \/>En este foro celebrado en la capital del estado, la gobernadora Evelyn Salgado comparti\u00f3 su experiencia que motiv\u00f3 a crear el programa de protecci\u00f3n a mujeres contra el acoso sexual \u00abTransporte Violeta\u00bb que ha tenido resultados favorables en el combate a la violencia de g\u00e9nero en Guerrero a trav\u00e9s de una serie de acciones que integra el \u00abProtocolo Violeta\u00bb.<\/p>\n<p style=\"text-align: justify\">\u00abEsa ni\u00f1a de 11 a\u00f1os que se sent\u00eda incomoda y que se sent\u00eda agredida por esas personas que de repente te ven y tienes que caminar a tu casa y voltear que nadie te vaya siguiendo, que nadie te vaya viendo, esa ni\u00f1a dijo: Yo no quiero que ninguna ni\u00f1a viva y sienta ese tipo de agresi\u00f3n, y por eso vamos a hacer un transporte exclusivo libre de acoso para nuestras ni\u00f1as, adolescentes y las mujeres, por eso estamos haciendo estas pol\u00edticas <img loading=\"lazy\" decoding=\"async\" class=\"alignleft size-medium wp-image-1256319\" src=\"https:\/\/www.acapulcopress.com\/wp-content\/uploads\/2023\/08\/EVELYN.MUJERES3-375x294.jpg\" alt=\"\" width=\"375\" height=\"294\" \/>p\u00fablicas, porque las vivimos en carne propia\u00bb, expres\u00f3 Evelyn Salgado.<\/p>\n<p style=\"text-align: justify\">La mandataria estatal subray\u00f3 que ha sido v\u00edctima de ataques de violencia pol\u00edtica de g\u00e9nero, sin embargo, seguir\u00e1 luchando y gobernando como la primera gobernadora de Guerrero con orgullo en una lucha conquistada que representa a las mujeres, asumiendo la responsabilidad con el firme compromiso de combatir todo tipo de violencia de g\u00e9nero en todos los espacios p\u00fablicos y privados de la vida de las mujeres.<\/p>\n<p style=\"text-align: justify\">Con la presencia de diputadas, presidentas municipales, presentantes de asociaciones civiles, activistas y representantes de las \u00e1reas de g\u00e9nero de diversas dependencias del estado, se conmemor\u00f3 la vida y trayectoria de la Primera Mujer Presidenta Municipal en <img loading=\"lazy\" decoding=\"async\" class=\"alignleft size-medium wp-image-1256317\" src=\"https:\/\/www.acapulcopress.com\/wp-content\/uploads\/2023\/08\/EVELYN.MUJERES-375x250.jpg\" alt=\"\" width=\"375\" height=\"250\" \/>M\u00e9xico, Aurora Mesa Andraca en el marco del 70 aniversario del Derecho al Voto de las Mujeres en M\u00e9xico.<\/p>\n<p style=\"text-align: justify\">En este evento la gobernadora firm\u00f3 como testigo de honor el Convenio para la aplicaci\u00f3n de la Ley 3 de 3 entre el Instituto Electoral y de Participaci\u00f3n Ciudadana de Guerrero con el Tribunal Superior de Justicia con el objetivo de intercambiar informaci\u00f3n oportuna para quienes aspiren a un registro como candidato en el pr\u00f3ximo proceso electoral, que no hayan sido denunciados por alg\u00fan delito por violencia familiar, violencia sexual o pol\u00edtica.<\/p>\n<p style=\"text-align: justify\">En su turno, la titular del Instituto Nacional de la Mujer en M\u00e9xico, Nadine Gasman, subray\u00f3 que el porcentaje de alcaldesas a nivel nacional alcanza apenas el 26 por ciento, <img loading=\"lazy\" decoding=\"async\" class=\"alignleft size-medium wp-image-1256318\" src=\"https:\/\/www.acapulcopress.com\/wp-content\/uploads\/2023\/08\/EVELYN.MUJERES2-375x213.jpg\" alt=\"\" width=\"375\" height=\"213\" \/>mientras que en Guerrero el porcentaje es bajo llegando apenas al 27 por ciento en el total de alcald\u00edas del estado, por lo que llam\u00f3 a redoblar los esfuerzos para que las mujeres ocupen la mitad del poder local para incidir de forma inmediata en la transformaci\u00f3n de las condiciones de vida en las comunidades como un objeto de la cuarta transformaci\u00f3n.<\/p>\n<p style=\"text-align: justify\">Asistieron la consejera Presidenta del Instituto Electoral y de Participaci\u00f3n Ciudadana, Luz Fabiola Mart\u00ednez Gama; la secretaria de la Mujer, Violeta Pino Gir\u00f3n; el presidente del Tribunal Superior de Justicia, Raymundo Casarrubias V\u00e1zquez; la Presidenta del Tribunal Electoral de Guerrero, Evelyn Rodr\u00edguez Xinol; el Rector de la UAGro, Jos\u00e9 Alfredo Romero Olea y la Presidenta Honoraria del DIF Guerrero, Liz Salgado Pineda,\u00a0entre\u00a0otros.<\/p>\n<p style=\"text-align: justify\"><em>] S\u00edguenos en Facebook.com\/<a href=\"https:\/\/www.facebook.com\/acapulcopress\" target=\"_blank\" rel=\"noopener\">acapulcopress<\/a><\/em><br \/>\n<em>] S\u00edguenos en Facebook.com\/<a href=\"https:\/\/www.facebook.com\/angelblanco.press\" target=\"_blank\" rel=\"noopener\">angelblanco.press<\/a><\/em><br \/>\n<em>] S\u00edguenos en ) acapulcopress.com<\/em><\/p>\n","protected":false},"excerpt":{"rendered":"<p>CHILPANCINGO * Agosto 21, 2023. ) Gobierno de Guerrero \u00abLas mujeres vamos a seguir luchando porque tenemos fuerza, voluntad, capacidad y coraz\u00f3n para hacer las cosas\u00bb, afirm\u00f3 la gobernadora Evelyn Salgado Pineda al participar en el encuentro con Mujeres Mun\u00edcipes en el marco del 70 Aniversario del Derecho al Voto de las Mujeres en M\u00e9xico&#8230;.<\/p>\n","protected":false},"author":2,"featured_media":1256324,"comment_status":"closed","ping_status":"closed","sticky":false,"template":"","format":"standard","meta":{"footnotes":""},"categories":[1972,1983,18561],"tags":[3028,8251],"class_list":["post-1256316","post","type-post","status-publish","format-standard","has-post-thumbnail","hentry","category-special","category-guerrerogob","category-society-politics","tag-70-aniversario-del-derecho-al-voto-de-las-mujeres-en-mexico","tag-evelyn-salgado-pineda"],"_links":{"self":[{"href":"https:\/\/www.acapulcopress.com\/index.php\/wp-json\/wp\/v2\/posts\/1256316","targetHints":{"allow":["GET"]}}],"collection":[{"href":"https:\/\/www.acapulcopress.com\/index.php\/wp-json\/wp\/v2\/posts"}],"about":[{"href":"https:\/\/www.acapulcopress.com\/index.php\/wp-json\/wp\/v2\/types\/post"}],"author":[{"embeddable":true,"href":"https:\/\/www.acapulcopress.com\/index.php\/wp-json\/wp\/v2\/users\/2"}],"replies":[{"embeddable":true,"href":"https:\/\/www.acapulcopress.com\/index.php\/wp-json\/wp\/v2\/comments?post=1256316"}],"version-history":[{"count":0,"href":"https:\/\/www.acapulcopress.com\/index.php\/wp-json\/wp\/v2\/posts\/1256316\/revisions"}],"wp:featuredmedia":[{"embeddable":true,"href":"https:\/\/www.acapulcopress.com\/index.php\/wp-json\/"}],"wp:attachment":[{"href":"https:\/\/www.acapulcopress.com\/index.php\/wp-json\/wp\/v2\/media?parent=1256316"}],"wp:term":[{"taxonomy":"category","embeddable":true,"href":"https:\/\/www.acapulcopress.com\/index.php\/wp-json\/wp\/v2\/categories?post=1256316"},{"taxonomy":"post_tag","embeddable":true,"href":"https:\/\/www.acapulcopress.com\/index.php\/wp-json\/wp\/v2\/tags?post=1256316"}],"curies":[{"name":"wp","href":"https:\/\/api.w.org\/{rel}","templated":true}]}}