{"id":1256330,"date":"2023-08-21T23:24:08","date_gmt":"2023-08-22T05:24:08","guid":{"rendered":"https:\/\/www.acapulcopress.com\/?p=1256330"},"modified":"2023-08-21T23:24:08","modified_gmt":"2023-08-22T05:24:08","slug":"santiago-creel-declina-por-xochitl-galvez","status":"publish","type":"post","link":"https:\/\/www.acapulcopress.com\/index.php\/2023\/08\/21\/santiago-creel-declina-por-xochitl-galvez\/","title":{"rendered":"Santiago Creel declina por X\u00f3chitl G\u00e1lvez"},"content":{"rendered":"<p style=\"text-align: justify\">CIUDAD DE M\u00c9XICO * Agosto 21, 2023.<br \/>\n<em>) <a href=\"https:\/\/www.proceso.com.mx\/nacional\/politica\/2023\/8\/21\/doy-xochitl-galvez-mi-total-apoyo-santiago-creel-confirmo-asi-su-declinacion-video-313232.html\" target=\"_blank\" rel=\"noopener\">Apro<\/a><\/em><\/p>\n<p style=\"text-align: justify\">El diputado panista <a href=\"https:\/\/www.facebook.com\/SantiagoCreelM\" target=\"_blank\" rel=\"noopener\">Santiago Creel<\/a> confirm\u00f3 en un video en sus redes sociales que abandona la contienda interna del Frente Amplio por M\u00e9xico y da su apoyo incondicional a <a href=\"https:\/\/www.facebook.com\/Xochitl.Galvez.R\" target=\"_blank\" rel=\"noopener\">X\u00f3chitl G\u00e1lvez<\/a>.<\/p>\n<p style=\"text-align: justify\">En el video de 13 minutos, el diputado federal del PAN explic\u00f3 que su retiro de la contienda es para apoyar a su compa\u00f1era de partido, la senadora X\u00f3chitl G\u00e1lvez, a fin de que consiga <img loading=\"lazy\" decoding=\"async\" class=\"alignleft size-medium wp-image-1256333\" src=\"https:\/\/www.acapulcopress.com\/wp-content\/uploads\/2023\/08\/creel-y-xochitl-375x250.jpg\" alt=\"\" width=\"375\" height=\"250\" \/>el triunfo en la contienda interna del Frente ante la senadora del PRI, Beatriz Paredes.<\/p>\n<p style=\"text-align: justify\">\u201cEstoy convencido de que el poder s\u00f3lo tiene sentido en la construcci\u00f3n del bien com\u00fan, en la creaci\u00f3n de mejores condiciones de vida para todas las personas. El poder no debe de ser una ambici\u00f3n personal, sino un medio para transformar la realidad. Hoy anuncio que le doy a X\u00f3chitl G\u00e1lvez mi total apoyo para que encabece el Frente Amplio por M\u00e9xico\u201d, argumento Creel en el video.<\/p>\n<p style=\"text-align: justify\">El legislador de Acci\u00f3n Nacional quien se encontraba en tercera posici\u00f3n con 20 por ciento de las preferencias en la encuesta reciente del Frente opositor dijo que es amigo de la senadora y han encabezado batallas a favor del desarrollo del pa\u00eds, por lo que record\u00f3 cada paso en el que han coincidido en la pol\u00edtica mexicana: \u201cHemos alzado la voz contra el autoritarismo\u201d.<\/p>\n<p style=\"text-align: justify\">Creel Miranda agradeci\u00f3 el apoyo recibido y se comprometi\u00f3 a seguir trabajando y d\u00e1ndole la mano a su compa\u00f1era de instituto pol\u00edtico para que pueda ser la candidata a la Presidencia de la Rep\u00fablica.<\/p>\n<p style=\"text-align: justify\">\u201cQuiero que sepan que trabajar\u00e9 sin descanso para que el Frente Amplio por M\u00e9xico y X\u00f3chitl adopten las propuestas y causas que hicieron grande nuestro movimiento\u201d, expuso en su despedida.<\/p>\n<p style=\"text-align: justify\">Manifest\u00f3 que se mantendr\u00e1 en defensa de las ideas de la oposici\u00f3n sin tener alg\u00fan cargo p\u00fablico, pues consider\u00f3 que el actual gobierno federal ha cometido errores y ha impedido el trabajo de algunas dependencias, as\u00ed como organismos, del Estado mexicano.<\/p>\n<p style=\"text-align: justify\">Creel, en la primera encuesta realizada por el frente opositor estuvo detr\u00e1s de la senadora X\u00f3chitl G\u00e1lvez 38.3% de las preferencias y de la exdirigente nacional del PRI, Beatriz Paredes con un 26%, quienes se quedan en la final por la candidatura presidencial.<\/p>\n<p style=\"text-align: justify\">\u201cLo hago con plena convicci\u00f3n de que es mi deber, la pol\u00edtica es un bien que obliga\u201d, dijo en el video. \u201cNing\u00fan inter\u00e9s personal o de partido puede estar por encima de M\u00e9xico\u201d.<\/p>\n<p style=\"text-align: justify\">\u201cLa mejor alternativa es mantenernos unidos en torno a X\u00f3chitl. Somos amigos, hemos sido aliados pol\u00edticos y nuestras batallas juntos han sido m\u00faltiples\u201d, relat\u00f3 el panista.<\/p>\n<p style=\"text-align: justify\">\u201cRespaldo la aspiraci\u00f3n de X\u00f3chitl G\u00e1lvez y voy a dar esta batalla para defender lo que creo\u201d, afirm\u00f3, y luego pidi\u00f3 a sus seguidores que se sumen a la causa de la senadora panista. Causa que, subray\u00f3, \u201cahora es la m\u00eda\u201d.<\/p>\n<div style=\"width: 1160px;\" class=\"wp-video\"><video class=\"wp-video-shortcode\" id=\"video-1256330-1\" width=\"1160\" height=\"653\" preload=\"metadata\" controls=\"controls\"><source type=\"video\/mp4\" src=\"https:\/\/www.acapulcopress.com\/wp-content\/uploads\/2023\/08\/CREEL-DECLINA-POR-XOCHITL.mp4?_=1\" \/><a href=\"https:\/\/www.acapulcopress.com\/wp-content\/uploads\/2023\/08\/CREEL-DECLINA-POR-XOCHITL.mp4\">https:\/\/www.acapulcopress.com\/wp-content\/uploads\/2023\/08\/CREEL-DECLINA-POR-XOCHITL.mp4<\/a><\/video><\/div>\n<p style=\"text-align: justify\"><em>] S\u00edguenos en Facebook.com\/<a href=\"https:\/\/www.facebook.com\/acapulcopress\" target=\"_blank\" rel=\"noopener\">acapulcopress<\/a><\/em><br \/>\n<em>] S\u00edguenos en Facebook.com\/<a href=\"https:\/\/www.facebook.com\/angelblanco.press\" target=\"_blank\" rel=\"noopener\">angelblanco.press<\/a><\/em><\/p>\n","protected":false},"excerpt":{"rendered":"<p>CIUDAD DE M\u00c9XICO * Agosto 21, 2023. ) Apro El diputado panista Santiago Creel confirm\u00f3 en un video en sus redes sociales que abandona la contienda interna del Frente Amplio por M\u00e9xico y da su apoyo incondicional a X\u00f3chitl G\u00e1lvez. En el video de 13 minutos, el diputado federal del PAN explic\u00f3 que su retiro&#8230;<\/p>\n","protected":false},"author":2,"featured_media":1256332,"comment_status":"closed","ping_status":"closed","sticky":false,"template":"","format":"standard","meta":{"footnotes":""},"categories":[1997],"tags":[4718,16037],"class_list":["post-1256330","post","type-post","status-publish","format-standard","has-post-thumbnail","hentry","category-noticias-destacadas","tag-bertha-xochitl-galvez-ruiz","tag-santiago-creel-miranda"],"_links":{"self":[{"href":"https:\/\/www.acapulcopress.com\/index.php\/wp-json\/wp\/v2\/posts\/1256330","targetHints":{"allow":["GET"]}}],"collection":[{"href":"https:\/\/www.acapulcopress.com\/index.php\/wp-json\/wp\/v2\/posts"}],"about":[{"href":"https:\/\/www.acapulcopress.com\/index.php\/wp-json\/wp\/v2\/types\/post"}],"author":[{"embeddable":true,"href":"https:\/\/www.acapulcopress.com\/index.php\/wp-json\/wp\/v2\/users\/2"}],"replies":[{"embeddable":true,"href":"https:\/\/www.acapulcopress.com\/index.php\/wp-json\/wp\/v2\/comments?post=1256330"}],"version-history":[{"count":0,"href":"https:\/\/www.acapulcopress.com\/index.php\/wp-json\/wp\/v2\/posts\/1256330\/revisions"}],"wp:featuredmedia":[{"embeddable":true,"href":"https:\/\/www.acapulcopress.com\/index.php\/wp-json\/"}],"wp:attachment":[{"href":"https:\/\/www.acapulcopress.com\/index.php\/wp-json\/wp\/v2\/media?parent=1256330"}],"wp:term":[{"taxonomy":"category","embeddable":true,"href":"https:\/\/www.acapulcopress.com\/index.php\/wp-json\/wp\/v2\/categories?post=1256330"},{"taxonomy":"post_tag","embeddable":true,"href":"https:\/\/www.acapulcopress.com\/index.php\/wp-json\/wp\/v2\/tags?post=1256330"}],"curies":[{"name":"wp","href":"https:\/\/api.w.org\/{rel}","templated":true}]}}