{"id":1256361,"date":"2023-08-23T20:57:25","date_gmt":"2023-08-24T02:57:25","guid":{"rendered":"https:\/\/www.acapulcopress.com\/?p=1256361"},"modified":"2023-08-23T20:57:25","modified_gmt":"2023-08-24T02:57:25","slug":"mc-jalisco-manifiesta-su-respaldo-a-enrique-alfaro","status":"publish","type":"post","link":"https:\/\/www.acapulcopress.com\/index.php\/2023\/08\/23\/mc-jalisco-manifiesta-su-respaldo-a-enrique-alfaro\/","title":{"rendered":"MC Jalisco manifiesta su respaldo a Enrique Alfaro"},"content":{"rendered":"<p style=\"text-align: justify\">CHILPANCINGO * Agosto 23, 2023.<br \/>\n<em>) <a href=\"https:\/\/lopezdoriga.com\/nacional\/miembros-de-mc-en-jalisco-respaldan-a-enrique-alfaro\/\" target=\"_blank\" rel=\"noopener\">L\u00f3pez-D\u00f3riga Digital<\/a><\/em><\/p>\n<p style=\"text-align: justify\">Miembros de <a href=\"https:\/\/www.facebook.com\/MovCiudadanoJal\" target=\"_blank\" rel=\"noopener\">Movimiento Ciudadano en Jalisco<\/a> manifestaron este mi\u00e9rcoles su respaldo a la postura del gobernador <a href=\"https:\/\/www.facebook.com\/EnriqueAlfaroR\" target=\"_blank\" rel=\"noopener\">Enrique Alfaro<\/a> respecto al rumbo que ha tomado el partido naranja de cara a las elecciones de 2024.<\/p>\n<p style=\"text-align: justify\">\u00abLo decimos alto y claro: respaldamos, entendemos y compartimos la leg\u00edtima posici\u00f3n adoptada por Enrique Alfaro. No podemos normalizar nuestra presencia en un proyecto pol\u00edtico que ha decidido minimizar a Jalisco. No podemos aceptar que nuestra opini\u00f3n sobre el futuro pol\u00edtico de nuestro movimiento sea ignorada sistem\u00e1ticamente. No podemos permitir que desde una oficina de la Ciudad de M\u00e9xico se quiera imponer una visi\u00f3n que no compartimos\u201c, se expuso en una carta firmada por legisladores y presidentes municipales.<\/p>\n<p style=\"text-align: justify\">En la misiva se expres\u00f3 que \u201cMovimiento Ciudadano no se puede entender sin Jalisco y su liderazgo en el entorno nacional\u201d.<\/p>\n<p style=\"text-align: justify\">Este proyecto, que hemos formado mujeres y hombres libres de Jalisco, no le pertenece a nadie. Es de la sociedad jalisciense. Por ello, este movimiento pol\u00edtico seguir\u00e1 caminando con quien se comprometa a respetar y cuidar los intereses de Jalisco. Que quede claro, este movimiento se la juega con el gobernador Enrique Alfaro y por Jalisco. A donde vayamos, caminaremos juntos\u201d, manifest\u00f3.<\/p>\n<p style=\"text-align: justify\">Los se\u00f1alamientos de la carta contrastan con las declaraciones hechas por el l\u00edder nacional de MC, <a href=\"https:\/\/www.facebook.com\/DanteDelgadoR\" target=\"_blank\" rel=\"noopener\">Dante Delgado<\/a>, la noche del martes, quien asegur\u00f3 que \u201cJalisco siempre ha estado en la toma de decisiones\u201d en el partido.<\/p>\n<p style=\"text-align: justify\">Jalisco ocupa la presidencia del Consejo Nacional y la coordinaci\u00f3n del grupo parlamentario en el Senado y, a petici\u00f3n de Jalisco, hoy tenemos una mesa de di\u00e1logo para seguir construyendo juntos\u201d, asegur\u00f3 Delgado Rannauro.<\/p>\n<p style=\"text-align: justify\">Enrique Alfaro emiti\u00f3 el martes una dura cr\u00edtica hacia Movimiento Ciudadano y asegur\u00f3 que se mantendr\u00e1 alejado de temas electorales rumbo a 2024.<\/p>\n<div style=\"width: 1160px;\" class=\"wp-video\"><video class=\"wp-video-shortcode\" id=\"video-1256361-1\" width=\"1160\" height=\"666\" preload=\"metadata\" controls=\"controls\"><source type=\"video\/mp4\" src=\"https:\/\/www.acapulcopress.com\/wp-content\/uploads\/2023\/08\/mc-jalisco-con-alfaro.mp4?_=1\" \/><a href=\"https:\/\/www.acapulcopress.com\/wp-content\/uploads\/2023\/08\/mc-jalisco-con-alfaro.mp4\">https:\/\/www.acapulcopress.com\/wp-content\/uploads\/2023\/08\/mc-jalisco-con-alfaro.mp4<\/a><\/video><\/div>\n<p style=\"text-align: justify\">Cuando yo particip\u00e9 en Movimiento Ciudadano, los llev\u00e9 a ganar elecciones muy importantes, encabec\u00e9 un proyecto exitoso, convertimos este proyecto en uno de mucho mayor alcance nacional, estoy muy orgulloso de lo que hice y con lo que gener\u00e9 para MC. Yo ya no tengo inter\u00e9s en participar en un proyecto que no entiendo, en donde todo se decide de manera unilateral y que simple y sencillamente nos quieren someter a todos a la voluntad de quienes dirigen el partido a nivel nacional\u201d, manifest\u00f3.<\/p>\n<p style=\"text-align: justify\"><img loading=\"lazy\" decoding=\"async\" class=\"alignnone wp-image-1256365 size-large\" src=\"https:\/\/www.acapulcopress.com\/wp-content\/uploads\/2023\/08\/UNIDOS-CON-ALFARO-840x1050.jpeg\" alt=\"\" width=\"696\" height=\"870\" \/><\/p>\n<p style=\"text-align: justify\"><em>] S\u00edguenos en Facebook.com\/<a href=\"https:\/\/www.facebook.com\/acapulcopress\" target=\"_blank\" rel=\"noopener\">acapulcopress<\/a><\/em><br \/>\n<em>] S\u00edguenos en Facebook.com\/<a href=\"https:\/\/www.facebook.com\/angelblanco.press\" target=\"_blank\" rel=\"noopener\">angelblanco.press<\/a><\/em><\/p>\n","protected":false},"excerpt":{"rendered":"<p>CHILPANCINGO * Agosto 23, 2023. ) L\u00f3pez-D\u00f3riga Digital Miembros de Movimiento Ciudadano en Jalisco manifestaron este mi\u00e9rcoles su respaldo a la postura del gobernador Enrique Alfaro respecto al rumbo que ha tomado el partido naranja de cara a las elecciones de 2024. \u00abLo decimos alto y claro: respaldamos, entendemos y compartimos la leg\u00edtima posici\u00f3n adoptada&#8230;<\/p>\n","protected":false},"author":2,"featured_media":1256364,"comment_status":"closed","ping_status":"closed","sticky":false,"template":"","format":"standard","meta":{"footnotes":""},"categories":[1972,18561,2009],"tags":[13338],"class_list":["post-1256361","post","type-post","status-publish","format-standard","has-post-thumbnail","hentry","category-special","category-society-politics","category-politics","tag-movimiento-ciudadano-en-jalisco"],"_links":{"self":[{"href":"https:\/\/www.acapulcopress.com\/index.php\/wp-json\/wp\/v2\/posts\/1256361","targetHints":{"allow":["GET"]}}],"collection":[{"href":"https:\/\/www.acapulcopress.com\/index.php\/wp-json\/wp\/v2\/posts"}],"about":[{"href":"https:\/\/www.acapulcopress.com\/index.php\/wp-json\/wp\/v2\/types\/post"}],"author":[{"embeddable":true,"href":"https:\/\/www.acapulcopress.com\/index.php\/wp-json\/wp\/v2\/users\/2"}],"replies":[{"embeddable":true,"href":"https:\/\/www.acapulcopress.com\/index.php\/wp-json\/wp\/v2\/comments?post=1256361"}],"version-history":[{"count":0,"href":"https:\/\/www.acapulcopress.com\/index.php\/wp-json\/wp\/v2\/posts\/1256361\/revisions"}],"wp:featuredmedia":[{"embeddable":true,"href":"https:\/\/www.acapulcopress.com\/index.php\/wp-json\/"}],"wp:attachment":[{"href":"https:\/\/www.acapulcopress.com\/index.php\/wp-json\/wp\/v2\/media?parent=1256361"}],"wp:term":[{"taxonomy":"category","embeddable":true,"href":"https:\/\/www.acapulcopress.com\/index.php\/wp-json\/wp\/v2\/categories?post=1256361"},{"taxonomy":"post_tag","embeddable":true,"href":"https:\/\/www.acapulcopress.com\/index.php\/wp-json\/wp\/v2\/tags?post=1256361"}],"curies":[{"name":"wp","href":"https:\/\/api.w.org\/{rel}","templated":true}]}}