{"id":1256371,"date":"2023-08-23T21:25:15","date_gmt":"2023-08-24T03:25:15","guid":{"rendered":"https:\/\/www.acapulcopress.com\/?p=1256371"},"modified":"2023-08-23T21:25:15","modified_gmt":"2023-08-24T03:25:15","slug":"trabajar-todos-los-dias-por-la-transformacion-de-guerrero-compromiso-de-evelyn-salgado","status":"publish","type":"post","link":"https:\/\/www.acapulcopress.com\/index.php\/2023\/08\/23\/trabajar-todos-los-dias-por-la-transformacion-de-guerrero-compromiso-de-evelyn-salgado\/","title":{"rendered":"Trabajar todos los d\u00edas por la transformaci\u00f3n de Guerrero, compromiso de Evelyn Salgado"},"content":{"rendered":"<p style=\"text-align: justify\">CHILPANCINGO * Agosto 23, 2023.<br \/>\n<em>) Gobierno de Guerrero<\/em><\/p>\n<p style=\"text-align: justify\">Con el compromiso de trabajar todos los d\u00edas por la transformaci\u00f3n de Guerrero, la gobernadora <a href=\"https:\/\/www.facebook.com\/EvelynSalgadoP\" target=\"_blank\" rel=\"noopener\">Evelyn Salgado Pineda<\/a> sostuvo una reuni\u00f3n de trabajo con los titulares de Planeaci\u00f3n y Desarrollo Regional de Guerrero, Ren\u00e9 Vargas Pineda; de Desarrollo Urbano, Obras P\u00fablicas y Ordenamiento Territorial, Irene Jim\u00e9nez Montiel, de Finanzas Raymundo Segura Estrada; el subsecretario de Administraci\u00f3n, Ricardo Salinas M\u00e9ndez y el secretario t\u00e9cnico del Ejecutivo Estatal, Pablo Gordillo, para coordinar y evaluar los avances de los proyectos de gobierno que se realizan en el estado correspondiente al Ejercicio Fiscal 2023.<\/p>\n<p><em>] S\u00edguenos en Facebook.com\/<a href=\"https:\/\/www.facebook.com\/acapulcopress\" target=\"_blank\" rel=\"noopener\">acapulcopress<\/a><\/em><br \/>\n<em>] S\u00edguenos en Facebook.com\/<a href=\"https:\/\/www.facebook.com\/angelblanco.press\" target=\"_blank\" rel=\"noopener\">angelblanco.press<\/a><\/em><\/p>\n<p>&nbsp;<\/p>\n","protected":false},"excerpt":{"rendered":"<p>CHILPANCINGO * Agosto 23, 2023. ) Gobierno de Guerrero Con el compromiso de trabajar todos los d\u00edas por la transformaci\u00f3n de Guerrero, la gobernadora Evelyn Salgado Pineda sostuvo una reuni\u00f3n de trabajo con los titulares de Planeaci\u00f3n y Desarrollo Regional de Guerrero, Ren\u00e9 Vargas Pineda; de Desarrollo Urbano, Obras P\u00fablicas y Ordenamiento Territorial, Irene Jim\u00e9nez&#8230;<\/p>\n","protected":false},"author":2,"featured_media":1256372,"comment_status":"closed","ping_status":"closed","sticky":false,"template":"","format":"standard","meta":{"footnotes":""},"categories":[1972,1983,18561],"tags":[8251],"class_list":["post-1256371","post","type-post","status-publish","format-standard","has-post-thumbnail","hentry","category-special","category-guerrerogob","category-society-politics","tag-evelyn-salgado-pineda"],"_links":{"self":[{"href":"https:\/\/www.acapulcopress.com\/index.php\/wp-json\/wp\/v2\/posts\/1256371","targetHints":{"allow":["GET"]}}],"collection":[{"href":"https:\/\/www.acapulcopress.com\/index.php\/wp-json\/wp\/v2\/posts"}],"about":[{"href":"https:\/\/www.acapulcopress.com\/index.php\/wp-json\/wp\/v2\/types\/post"}],"author":[{"embeddable":true,"href":"https:\/\/www.acapulcopress.com\/index.php\/wp-json\/wp\/v2\/users\/2"}],"replies":[{"embeddable":true,"href":"https:\/\/www.acapulcopress.com\/index.php\/wp-json\/wp\/v2\/comments?post=1256371"}],"version-history":[{"count":0,"href":"https:\/\/www.acapulcopress.com\/index.php\/wp-json\/wp\/v2\/posts\/1256371\/revisions"}],"wp:featuredmedia":[{"embeddable":true,"href":"https:\/\/www.acapulcopress.com\/index.php\/wp-json\/"}],"wp:attachment":[{"href":"https:\/\/www.acapulcopress.com\/index.php\/wp-json\/wp\/v2\/media?parent=1256371"}],"wp:term":[{"taxonomy":"category","embeddable":true,"href":"https:\/\/www.acapulcopress.com\/index.php\/wp-json\/wp\/v2\/categories?post=1256371"},{"taxonomy":"post_tag","embeddable":true,"href":"https:\/\/www.acapulcopress.com\/index.php\/wp-json\/wp\/v2\/tags?post=1256371"}],"curies":[{"name":"wp","href":"https:\/\/api.w.org\/{rel}","templated":true}]}}