{"id":1256377,"date":"2023-08-23T22:00:51","date_gmt":"2023-08-24T04:00:51","guid":{"rendered":"https:\/\/www.acapulcopress.com\/?p=1256377"},"modified":"2023-08-23T22:00:51","modified_gmt":"2023-08-24T04:00:51","slug":"celebro-gobernadora-el-dia-nacional-del-bombero","status":"publish","type":"post","link":"https:\/\/www.acapulcopress.com\/index.php\/2023\/08\/23\/celebro-gobernadora-el-dia-nacional-del-bombero\/","title":{"rendered":"Celebr\u00f3 Gobernadora el D\u00eda Nacional del Bombero"},"content":{"rendered":"<p style=\"text-align: justify\">CHILPANCINGO * Agosto 23, 2023.<br \/>\n<em>) Gobierno de Guerrero<\/em><br \/>\n<img loading=\"lazy\" decoding=\"async\" class=\"alignleft size-medium wp-image-1256385\" src=\"https:\/\/www.acapulcopress.com\/wp-content\/uploads\/2023\/08\/EVELYN.BOMBEROS8-375x250.jpg\" alt=\"\" width=\"375\" height=\"250\" \/>En reconocimiento a su noble vocaci\u00f3n y heroica labor de proteger y salvar vidas, la gobernadora Evelyn Salgado Pineda celebr\u00f3 el D\u00eda Nacional de la y el Bombero con personal de las ocho coordinaciones de atenci\u00f3n de emergencias de la Secretar\u00eda de Gesti\u00f3n Integral de Riesgos y Protecci\u00f3n Civil del estado de Guerrero.<\/p>\n<p style=\"text-align: justify\">\u00abMi reconocimiento absoluto para todas y todos ustedes, pero el reconocimiento m\u00e1s importante es el de sus familias y el del pueblo de Guerrero. Cuentan con todo el apoyo y respaldo de la gobernadora\u00bb, expres\u00f3 Evelyn Salgado durante este encuentro en Chilpancingo.<\/p>\n<p style=\"text-align: justify\">La mandataria estatal recibi\u00f3 el pliego petitorio de las y los bomberos de Protecci\u00f3n Civil <img loading=\"lazy\" decoding=\"async\" class=\"alignleft size-medium wp-image-1256384\" src=\"https:\/\/www.acapulcopress.com\/wp-content\/uploads\/2023\/08\/EVELYN.BOMBEROS7-375x250.jpg\" alt=\"\" width=\"375\" height=\"250\" \/>estatal, del cual dijo que revisar\u00e1 personalmente, adem\u00e1s anunci\u00f3 que ser\u00e1n entregados est\u00edmulos econ\u00f3micos por este d\u00eda a 374 bomberos operativos de la Secretar\u00eda de Gesti\u00f3n Integral de Riesgos y Protecci\u00f3n Civil del estado.<\/p>\n<p style=\"text-align: justify\">En el evento, la gobernadora tambi\u00e9n entreg\u00f3 reconocimientos y est\u00edmulos a los elementos del Heroico Cuerpo de Bomberos que participaron en el combate al incendio que afect\u00f3 el Mercado Central de Acapulco el pasado 5 de junio de este a\u00f1o.<\/p>\n<p style=\"text-align: justify\">Por su parte, el titular de la Secretar\u00eda de Gesti\u00f3n Integral de Riesgos y Protecci\u00f3n Civil, Roberto Arroyo Matus destac\u00f3 la vocaci\u00f3n de servicio a la comunidad que tienen las y los bomberos, en cuyo mayor orgullo est\u00e1 el salvar vidas.<\/p>\n<p style=\"text-align: justify\"><img loading=\"lazy\" decoding=\"async\" class=\"alignleft size-medium wp-image-1256382\" src=\"https:\/\/www.acapulcopress.com\/wp-content\/uploads\/2023\/08\/EVELYN.BOMBEROS5-375x250.jpg\" alt=\"\" width=\"375\" height=\"250\" \/>Destac\u00f3 el apoyo y compromiso de la gobernadora Evelyn Salgado con esta instituci\u00f3n que, en este segundo a\u00f1o de gobierno, como nunca, se han invertido m\u00e1s de 19.7 millones de pesos, impulsando el fortalecimiento de las \u00e1reas operativas de las y los bomberos de esta secretar\u00eda.<\/p>\n<p style=\"text-align: justify\">Gracias al apoyo de la gobernadora se han logrado incrementos econ\u00f3micos en ayuda para alimentaci\u00f3n que recibe el personal, se ha dotado de dos veh\u00edculos contra incendio de ataque r\u00e1pido, dos pipas, dos ambulancias y equipamiento que eficientar la labor de las y los bomberos en favor de la poblaci\u00f3n.<\/p>\n<p style=\"text-align: justify\">Arroyo Matus destac\u00f3 que durante este segundo a\u00f1o la dependencia ha realizado m\u00e1s de 2 mil 500 atenciones a personas lesionadas por distintas causas, tambi\u00e9n resalt\u00f3 las <img loading=\"lazy\" decoding=\"async\" class=\"alignleft size-medium wp-image-1256381\" src=\"https:\/\/www.acapulcopress.com\/wp-content\/uploads\/2023\/08\/EVELYN.BOMBEROS4-375x250.jpg\" alt=\"\" width=\"375\" height=\"250\" \/>atenciones hospitalarias, choques automovil\u00edsticos, derrapes de motocicletas y los rescates acu\u00e1ticos en playas durante los periodos vacacionales.<\/p>\n<p style=\"text-align: justify\">A nombre de sus compa\u00f1eros Guadalupe Policarpo Carrasco agradeci\u00f3 la atenci\u00f3n y apoyo de la gobernadora Evelyn Salgado Pineda con las necesidades laborales del personal de la Secretar\u00eda de Protecci\u00f3n Civil de Guerrero, por lo que exhort\u00f3 a sus compa\u00f1eros a seguirse preparando y equipando para seguir desempe\u00f1ando esta\u00a0heroica\u00a0labor.<\/p>\n<p><img loading=\"lazy\" decoding=\"async\" class=\"alignnone wp-image-1256380 size-large\" src=\"https:\/\/www.acapulcopress.com\/wp-content\/uploads\/2023\/08\/EVELYN.BOMBEROS3-840x560.jpg\" alt=\"\" width=\"696\" height=\"464\" \/><\/p>\n<p style=\"text-align: justify\"><em>] S\u00edguenos en Facebook.com\/<a href=\"https:\/\/www.facebook.com\/acapulcopress\" target=\"_blank\" rel=\"noopener\">acapulcopress<\/a><\/em><br \/>\n<em>] S\u00edguenos en Facebook.com\/<a href=\"https:\/\/www.facebook.com\/angelblanco.press\" target=\"_blank\" rel=\"noopener\">angelblanco.press<\/a><\/em><\/p>\n","protected":false},"excerpt":{"rendered":"<p>CHILPANCINGO * Agosto 23, 2023. ) Gobierno de Guerrero En reconocimiento a su noble vocaci\u00f3n y heroica labor de proteger y salvar vidas, la gobernadora Evelyn Salgado Pineda celebr\u00f3 el D\u00eda Nacional de la y el Bombero con personal de las ocho coordinaciones de atenci\u00f3n de emergencias de la Secretar\u00eda de Gesti\u00f3n Integral de Riesgos&#8230;<\/p>\n","protected":false},"author":2,"featured_media":1256379,"comment_status":"closed","ping_status":"closed","sticky":false,"template":"","format":"standard","meta":{"footnotes":""},"categories":[1983,18561],"tags":[7253],"class_list":["post-1256377","post","type-post","status-publish","format-standard","has-post-thumbnail","hentry","category-guerrerogob","category-society-politics","tag-dia-nacional-del-bombero"],"_links":{"self":[{"href":"https:\/\/www.acapulcopress.com\/index.php\/wp-json\/wp\/v2\/posts\/1256377","targetHints":{"allow":["GET"]}}],"collection":[{"href":"https:\/\/www.acapulcopress.com\/index.php\/wp-json\/wp\/v2\/posts"}],"about":[{"href":"https:\/\/www.acapulcopress.com\/index.php\/wp-json\/wp\/v2\/types\/post"}],"author":[{"embeddable":true,"href":"https:\/\/www.acapulcopress.com\/index.php\/wp-json\/wp\/v2\/users\/2"}],"replies":[{"embeddable":true,"href":"https:\/\/www.acapulcopress.com\/index.php\/wp-json\/wp\/v2\/comments?post=1256377"}],"version-history":[{"count":0,"href":"https:\/\/www.acapulcopress.com\/index.php\/wp-json\/wp\/v2\/posts\/1256377\/revisions"}],"wp:featuredmedia":[{"embeddable":true,"href":"https:\/\/www.acapulcopress.com\/index.php\/wp-json\/"}],"wp:attachment":[{"href":"https:\/\/www.acapulcopress.com\/index.php\/wp-json\/wp\/v2\/media?parent=1256377"}],"wp:term":[{"taxonomy":"category","embeddable":true,"href":"https:\/\/www.acapulcopress.com\/index.php\/wp-json\/wp\/v2\/categories?post=1256377"},{"taxonomy":"post_tag","embeddable":true,"href":"https:\/\/www.acapulcopress.com\/index.php\/wp-json\/wp\/v2\/tags?post=1256377"}],"curies":[{"name":"wp","href":"https:\/\/api.w.org\/{rel}","templated":true}]}}