{"id":1256406,"date":"2023-08-24T17:11:36","date_gmt":"2023-08-24T23:11:36","guid":{"rendered":"https:\/\/www.acapulcopress.com\/?p=1256406"},"modified":"2023-08-24T17:11:36","modified_gmt":"2023-08-24T23:11:36","slug":"xochitl-aventaja-a-paredes-como-candidata-del-frente-pero-claudia-venceria-a-ambas-en-2024","status":"publish","type":"post","link":"https:\/\/www.acapulcopress.com\/index.php\/2023\/08\/24\/xochitl-aventaja-a-paredes-como-candidata-del-frente-pero-claudia-venceria-a-ambas-en-2024\/","title":{"rendered":"X\u00f3chitl aventaja a Paredes como candidata del Frente, pero Claudia vencer\u00eda a ambas en 2024"},"content":{"rendered":"<div class=\"xdj266r x11i5rnm xat24cr x1mh8g0r x1vvkbs x126k92a\">\n<div dir=\"auto\" style=\"text-align: justify\">CIUDAD DE M\u00c9XICO * Agosto 24, 2023.<br \/>\n<em>) Aps<\/em><\/p>\n<\/div>\n<\/div>\n<div class=\"x11i5rnm xat24cr x1mh8g0r x1vvkbs xtlvy1s x126k92a\" style=\"text-align: justify\">\n<div dir=\"auto\">A 13 d\u00edas de la contienda interna de Morena y el Frente Amplio por M\u00e9xico para elegir a su <img loading=\"lazy\" decoding=\"async\" class=\"alignleft size-medium wp-image-1256407\" src=\"https:\/\/www.acapulcopress.com\/wp-content\/uploads\/2023\/08\/BEATIZ-VS-XOCHITL-375x469.webp\" alt=\"\" width=\"375\" height=\"469\" \/>candidato presidencial, la panista <a class=\"x1i10hfl xjbqb8w x6umtig x1b1mbwd xaqea5y xav7gou x9f619 x1ypdohk xt0psk2 xe8uvvx xdj266r x11i5rnm xat24cr x1mh8g0r xexx8yu x4uap5 x18d9i69 xkhd6sd x16tdsg8 x1hl2dhg xggy1nq x1a2a7pz xt0b8zv x1qq9wsj xo1l8bm\" role=\"link\" href=\"https:\/\/www.facebook.com\/Xochitl.Galvez.R?__cft__[0]=AZWlNO9-3wXLJtiAFowurNGLdpBRjuHA0m6UV9GM8ok8ZaAunh54osVU1Kz7xmz29uWwbtOegD1xa96I_NVJ6Ju_J8vdPqYuO_cwpPye0o7RWX6rE1-EBimKtjZ-5udJOQznnTprkR9XeKfoA4OpBQ39&amp;__tn__=-]K-R\" target=\"_blank\" rel=\"noopener\"><span class=\"xt0psk2\">X\u00f3chitl G\u00e1lvez Ruiz<\/span><\/a> mantiene liderazgo para ser electa candidata de la coalici\u00f3n PRI\/PAN\/PRD, con 61 puntos de ventaja sobre la pri\u00edsta <a class=\"x1i10hfl xjbqb8w x6umtig x1b1mbwd xaqea5y xav7gou x9f619 x1ypdohk xt0psk2 xe8uvvx xdj266r x11i5rnm xat24cr x1mh8g0r xexx8yu x4uap5 x18d9i69 xkhd6sd x16tdsg8 x1hl2dhg xggy1nq x1a2a7pz xt0b8zv x1qq9wsj xo1l8bm\" role=\"link\" href=\"https:\/\/www.facebook.com\/BeatrizParedesR?__cft__[0]=AZWlNO9-3wXLJtiAFowurNGLdpBRjuHA0m6UV9GM8ok8ZaAunh54osVU1Kz7xmz29uWwbtOegD1xa96I_NVJ6Ju_J8vdPqYuO_cwpPye0o7RWX6rE1-EBimKtjZ-5udJOQznnTprkR9XeKfoA4OpBQ39&amp;__tn__=-]K-R\" target=\"_blank\" rel=\"noopener\"><span class=\"xt0psk2\">Beatriz Paredes Rangel<\/span><\/a>, quien con su 39% se ha quedado casi a la mitad de puntos de &#8216;La Dama del Huipil y Bici&#8217;, seg\u00fan encuesta publicada hoy, 14 de agosto, por CE Research.<\/p>\n<\/div>\n<\/div>\n<div class=\"x11i5rnm xat24cr x1mh8g0r x1vvkbs xtlvy1s x126k92a\" style=\"text-align: justify\">\n<div dir=\"auto\">La encuestadora considera que X\u00f3chitl G\u00e1lvez \u00abser\u00eda la candidata que m\u00e1s competitiva podr\u00eda resultar contra <a class=\"x1i10hfl xjbqb8w x6umtig x1b1mbwd xaqea5y xav7gou x9f619 x1ypdohk xt0psk2 xe8uvvx xdj266r x11i5rnm xat24cr x1mh8g0r xexx8yu x4uap5 x18d9i69 xkhd6sd x16tdsg8 x1hl2dhg xggy1nq x1a2a7pz xt0b8zv x1qq9wsj xo1l8bm\" role=\"link\" href=\"https:\/\/www.facebook.com\/ClaudiaSheinbaumPardo?__cft__[0]=AZWlNO9-3wXLJtiAFowurNGLdpBRjuHA0m6UV9GM8ok8ZaAunh54osVU1Kz7xmz29uWwbtOegD1xa96I_NVJ6Ju_J8vdPqYuO_cwpPye0o7RWX6rE1-EBimKtjZ-5udJOQznnTprkR9XeKfoA4OpBQ39&amp;__tn__=-]K-R\" target=\"_blank\" rel=\"noopener\"><span class=\"xt0psk2\">Claudia Sheinbaum<\/span><\/a>, quien se perfila a ser la candidata de Morena\u00bb y a la cual la misma encuesta la perfila como ganadora de la contienda presidencial del 2024, pero por m\u00ednima ventaja de 36 puntos sobre la panista, quien si fueran hoy las elecciones obtendr\u00eda el 25% de la votaci\u00f3n, seguida de <a class=\"x1i10hfl xjbqb8w x6umtig x1b1mbwd xaqea5y xav7gou x9f619 x1ypdohk xt0psk2 xe8uvvx xdj266r x11i5rnm xat24cr x1mh8g0r xexx8yu x4uap5 x18d9i69 xkhd6sd x16tdsg8 x1hl2dhg xggy1nq x1a2a7pz xt0b8zv x1qq9wsj xo1l8bm\" role=\"link\" href=\"https:\/\/www.facebook.com\/colosioriojas?__cft__[0]=AZWlNO9-3wXLJtiAFowurNGLdpBRjuHA0m6UV9GM8ok8ZaAunh54osVU1Kz7xmz29uWwbtOegD1xa96I_NVJ6Ju_J8vdPqYuO_cwpPye0o7RWX6rE1-EBimKtjZ-5udJOQznnTprkR9XeKfoA4OpBQ39&amp;__tn__=-]K-R\" target=\"_blank\" rel=\"noopener\"><span class=\"xt0psk2\">Luis Donaldo Colosio Riojas<\/span><\/a>, quien si fuera el candidato de MC, obtendr\u00eda el 21 por ciento de los sufragios.<\/p>\n<\/div>\n<\/div>\n<div class=\"x11i5rnm xat24cr x1mh8g0r x1vvkbs xtlvy1s x126k92a\" style=\"text-align: justify\">\n<div dir=\"auto\">En una encuesta alterna con Beatriz Paredes como candidata del Frente Amplio y <a class=\"x1i10hfl xjbqb8w x6umtig x1b1mbwd xaqea5y xav7gou x9f619 x1ypdohk xt0psk2 xe8uvvx xdj266r x11i5rnm xat24cr x1mh8g0r xexx8yu x4uap5 x18d9i69 xkhd6sd x16tdsg8 x1hl2dhg xggy1nq x1a2a7pz xt0b8zv x1qq9wsj xo1l8bm\" role=\"link\" href=\"https:\/\/www.facebook.com\/PatriciaMercadoCastro?__cft__[0]=AZWlNO9-3wXLJtiAFowurNGLdpBRjuHA0m6UV9GM8ok8ZaAunh54osVU1Kz7xmz29uWwbtOegD1xa96I_NVJ6Ju_J8vdPqYuO_cwpPye0o7RWX6rE1-EBimKtjZ-5udJOQznnTprkR9XeKfoA4OpBQ39&amp;__tn__=-]K-R\" target=\"_blank\" rel=\"noopener\"><span class=\"xt0psk2\">Patricia Mercado<\/span><\/a> de MC, Claudia Sheinbaum tambi\u00e9n ganar\u00eda la Presidencia pero con mayor ventaja que con X\u00f3chitl y Colosio: 47%.<\/p>\n<p><img loading=\"lazy\" decoding=\"async\" class=\"alignnone wp-image-1256408 size-large\" src=\"https:\/\/www.acapulcopress.com\/wp-content\/uploads\/2023\/08\/COLOSIO-XOCHITL-CLAUDIA-840x1050.webp\" alt=\"\" width=\"696\" height=\"870\" \/><\/p>\n<\/div>\n<\/div>\n<div class=\"x11i5rnm xat24cr x1mh8g0r x1vvkbs xtlvy1s x126k92a\">\n<div dir=\"auto\" style=\"text-align: justify\"><em>] S\u00edguenos en <a class=\"x1i10hfl xjbqb8w x6umtig x1b1mbwd xaqea5y xav7gou x9f619 x1ypdohk xt0psk2 xe8uvvx xdj266r x11i5rnm xat24cr x1mh8g0r xexx8yu x4uap5 x18d9i69 xkhd6sd x16tdsg8 x1hl2dhg xggy1nq x1a2a7pz xt0b8zv x1qq9wsj xo1l8bm\" role=\"link\" href=\"https:\/\/www.facebook.com\/acapulcopress?__cft__[0]=AZWlNO9-3wXLJtiAFowurNGLdpBRjuHA0m6UV9GM8ok8ZaAunh54osVU1Kz7xmz29uWwbtOegD1xa96I_NVJ6Ju_J8vdPqYuO_cwpPye0o7RWX6rE1-EBimKtjZ-5udJOQznnTprkR9XeKfoA4OpBQ39&amp;__tn__=-]K-R\" target=\"_blank\" rel=\"noopener\"><span class=\"xt0psk2\">AcapulcoPress<\/span><\/a><\/em><\/div>\n<div dir=\"auto\" style=\"text-align: justify\"><em>] S\u00edguenos en <a class=\"x1i10hfl xjbqb8w x6umtig x1b1mbwd xaqea5y xav7gou x9f619 x1ypdohk xt0psk2 xe8uvvx xdj266r x11i5rnm xat24cr x1mh8g0r xexx8yu x4uap5 x18d9i69 xkhd6sd x16tdsg8 x1hl2dhg xggy1nq x1a2a7pz xt0b8zv x1qq9wsj xo1l8bm\" role=\"link\" href=\"https:\/\/www.facebook.com\/angelblanco.press?__cft__[0]=AZWlNO9-3wXLJtiAFowurNGLdpBRjuHA0m6UV9GM8ok8ZaAunh54osVU1Kz7xmz29uWwbtOegD1xa96I_NVJ6Ju_J8vdPqYuO_cwpPye0o7RWX6rE1-EBimKtjZ-5udJOQznnTprkR9XeKfoA4OpBQ39&amp;__tn__=-]K-R\" target=\"_blank\" rel=\"noopener\"><span class=\"xt0psk2\">Angel Blanco<\/span><\/a><\/em><\/div>\n<\/div>\n","protected":false},"excerpt":{"rendered":"<p>CIUDAD DE M\u00c9XICO * Agosto 24, 2023. ) Aps A 13 d\u00edas de la contienda interna de Morena y el Frente Amplio por M\u00e9xico para elegir a su candidato presidencial, la panista X\u00f3chitl G\u00e1lvez Ruiz mantiene liderazgo para ser electa candidata de la coalici\u00f3n PRI\/PAN\/PRD, con 61 puntos de ventaja sobre la pri\u00edsta Beatriz Paredes&#8230;<\/p>\n","protected":false},"author":2,"featured_media":1256407,"comment_status":"closed","ping_status":"closed","sticky":false,"template":"","format":"standard","meta":{"footnotes":""},"categories":[2052,1972,18561],"tags":[],"class_list":["post-1256406","post","type-post","status-publish","format-standard","has-post-thumbnail","hentry","category-elecciones","category-special","category-society-politics"],"_links":{"self":[{"href":"https:\/\/www.acapulcopress.com\/index.php\/wp-json\/wp\/v2\/posts\/1256406","targetHints":{"allow":["GET"]}}],"collection":[{"href":"https:\/\/www.acapulcopress.com\/index.php\/wp-json\/wp\/v2\/posts"}],"about":[{"href":"https:\/\/www.acapulcopress.com\/index.php\/wp-json\/wp\/v2\/types\/post"}],"author":[{"embeddable":true,"href":"https:\/\/www.acapulcopress.com\/index.php\/wp-json\/wp\/v2\/users\/2"}],"replies":[{"embeddable":true,"href":"https:\/\/www.acapulcopress.com\/index.php\/wp-json\/wp\/v2\/comments?post=1256406"}],"version-history":[{"count":0,"href":"https:\/\/www.acapulcopress.com\/index.php\/wp-json\/wp\/v2\/posts\/1256406\/revisions"}],"wp:featuredmedia":[{"embeddable":true,"href":"https:\/\/www.acapulcopress.com\/index.php\/wp-json\/"}],"wp:attachment":[{"href":"https:\/\/www.acapulcopress.com\/index.php\/wp-json\/wp\/v2\/media?parent=1256406"}],"wp:term":[{"taxonomy":"category","embeddable":true,"href":"https:\/\/www.acapulcopress.com\/index.php\/wp-json\/wp\/v2\/categories?post=1256406"},{"taxonomy":"post_tag","embeddable":true,"href":"https:\/\/www.acapulcopress.com\/index.php\/wp-json\/wp\/v2\/tags?post=1256406"}],"curies":[{"name":"wp","href":"https:\/\/api.w.org\/{rel}","templated":true}]}}