{"id":1256410,"date":"2023-08-24T17:50:11","date_gmt":"2023-08-24T23:50:11","guid":{"rendered":"https:\/\/www.acapulcopress.com\/?p=1256410"},"modified":"2023-08-24T17:50:11","modified_gmt":"2023-08-24T23:50:11","slug":"praga-la-ciudad-de-la-eterna-arquitectura","status":"publish","type":"post","link":"https:\/\/www.acapulcopress.com\/index.php\/2023\/08\/24\/praga-la-ciudad-de-la-eterna-arquitectura\/","title":{"rendered":"Praga | La ciudad de la eterna arquitectura"},"content":{"rendered":"<p style=\"text-align: justify\">Marem\u00e1gnum<br \/>\n\u00bb RICARDO | CASTILLO BARRIENTOS<br \/>\n<em>) Facebook \/ <a href=\"https:\/\/www.facebook.com\/ricardocastill01\" target=\"_blank\" rel=\"noopener\">Ricardo Castillo Barrientos<\/a><\/em><\/p>\n<p style=\"text-align: justify\">Visitar Praga es una experiencia inolvidable e inigualable por su belleza arquitect\u00f3nica y su singular historia del siglo pasado con dos invasiones despiadadas: una del ej\u00e9rcito nazi en 1938 y la otra del ej\u00e9rcito sovi\u00e9tico en 1968, cuando formaba parte de la Rep\u00fablica de Checoslovaquia, disuelta en 1992, despu\u00e9s del estrepitoso derrumbe de la \u201cCortina de Hierro\u201d y del \u201cPacto de Varsovia\u201d, bajo el poder\u00edo de la extinta Uni\u00f3n Sovi\u00e9tica.<\/p>\n<p style=\"text-align: justify\">Retornar\u00e9 al tema hist\u00f3rico, antes referirme a su portentosa y admirable arquitectura, de gran impacto visual por su rica variedad de estilos que reflejan su evoluci\u00f3n y desarrollo, a trav\u00e9s de los siglos, determinados de acuerdo a las \u00e9pocas como la arquitectura G\u00f3tica, Barroco, Rococ\u00f3, Art Nouveau. Neog\u00f3tico, Cubismo, Funcionalismo, Arquitectura Comunista y Arquitectura Contempor\u00e1nea. Algunos de ellos se pueden apreciar en la Ciudad M\u00e9xico, no todos por supuesto, como en Praga.<\/p>\n<p style=\"text-align: justify\">Estos estilos y con algunas combinaciones arquitect\u00f3nicas causan una impresi\u00f3n visual impactante que se disfruta plenamente por su expresi\u00f3n art\u00edstica inconmensurable, durante el recorrido por las agradables y vistosas calles citadinas, con intermitente tr\u00e1fico de tranv\u00edas y trolebuses que atraen la atenci\u00f3n y la precauci\u00f3n de los transe\u00fantes en el cruce de las v\u00edas.<\/p>\n<p style=\"text-align: justify\">A Praga se le conoce tambi\u00e9n como \u201cLa Ciudad de las Cien Torres\u201d, que se pueden apreciar en todos los sitios, paralelamente a los monumentales edificios que dan armon\u00eda al entorno citadino.<\/p>\n<p style=\"text-align: justify\">Entre los principales atractivos de la milenaria ciudad figuran, el Castillo de Praga, uno de los castillos m\u00e1s grandes del mundo, con su propia catedral y ofrece una vista panor\u00e1mica digna de admirar los cuatro puntos cardinales de la ciudad.<\/p>\n<p style=\"text-align: justify\">El Puente de Carlos (Charles Brigde), ic\u00f3nico puente medieval sobre el r\u00edo Moldava, adornado con estatuas religiosas. El Reloj Astron\u00f3mico (Astronomical Clock), reloj medieval que muestra el tiempo, la posici\u00f3n del sol, la luna y figuras animales cada hora.<br \/>\nNo olvidarse de probar la cerveza checa, parte integral de la cultura de Praga, famosa por su alta calidad y sabor distintivo. En fin, una gama de sitios recomendables y dignos de visitar.<\/p>\n<p style=\"text-align: justify\">Antes de cerrar la narraci\u00f3n viene a mi memoria la hist\u00f3rica \u201cPrimavera de Praga\u201d, acontecida en 1968 cuando el pueblo checoslovaco resisti\u00f3 la invasi\u00f3n sovi\u00e9tica originada por las reformas democr\u00e1ticas y sociales impulsadas por el l\u00edder de la naci\u00f3n Alexander Dubcek, tendientes a permitir una mayor apertura pol\u00edtica y cultural del pa\u00eds y un pugnar por un \u201csocialismo con rostro humano\u201d, que cont\u00f3 con el apoyo de la poblaci\u00f3n y caus\u00f3 enorme disgusto al gobierno dictatorial de la URSS.<\/p>\n<p style=\"text-align: justify\">Se impusieron las tropas invasoras y dominaron al pa\u00eds durante dos d\u00e9cadas m\u00e1s, ahogando por completo los anhelos y aspiraciones de una poblaci\u00f3n que fue sometida por la fuerza de los tanques de guerra. En la primavera del 68 se luch\u00f3 por la liberaci\u00f3n de Checoslovaquia, y en ese hist\u00f3rico, combativo e inolvidable a\u00f1o, as\u00ed lo hicieron tambi\u00e9n los estudiantes en Par\u00eds y en la Ciudad de M\u00e9xico.<\/p>\n<p style=\"text-align: justify\"><strong>Marea Baja.-<\/strong> Este d\u00eda 24 de agosto es un d\u00eda muy especial para mi querido nieto Jack Felipe Carollo, con motivo de su cumplea\u00f1os n\u00famero 16, quien se encuentra en pleno desarrollo f\u00edsico y mental.<\/p>\n<p style=\"text-align: justify\">Vaya para este inquieto e inteligente jovencito, nuestros mejores parabienes, abrazos y bendiciones, en compa\u00f1\u00eda de sus queridos padres, abuelos, hermano, t\u00eda y sin faltar su adorable noviecita.<\/p>\n<p style=\"text-align: justify\"><strong>Marea Alta.-<\/strong> Se hab\u00edan tardado pero lleg\u00f3 el momento de reconocer la prol\u00edfica labor art\u00edstica y musical del eximio guerrerense Armando Carmona Quezada, quien recibir\u00e1 este viernes un merecido homenaje (en vida hermano, en vida) como compositor e int\u00e9rprete de su canto a la vida, al amor y a su querida patria chica.<\/p>\n<p style=\"text-align: justify\">El evento es coordinado por el experimentado publirrelacionista V\u00edctor Manuel Jim\u00e9nez Mora y Alarc\u00f3n, reconocido promotor tur\u00edstico y cultural, que conjuntamente con la Secretar\u00eda de Cultura del Gobierno del Estado y el \u201cLibro de Oro de Acapulco\u201d, del cual es editor, se han encargado de la realizaci\u00f3n del magno evento. Tambi\u00e9n se realizar\u00e1 la presentaci\u00f3n del libro, \u201cEn la Sangre y en el Alma\u201d.<\/p>\n<p style=\"text-align: justify\">Entre las canciones m\u00e1s conocidas del ilustre homenajeado se encuentran: \u201cMe quieres olvidar\u201d, \u201cUn mundo diferente\u201d, \u201cAcapulco de mi alma\u201d, \u201cSoy zumpangue\u00f1o\u201d y muchas m\u00e1s.<br \/>\nEl evento tendr\u00e1 verificativo ma\u00f1ana viernes 25, a las 19:00 horas, en la avenida Costera Miguel Alem\u00e1n No. 3117, Costa Azul, con la participaci\u00f3n de artistas invitados.<\/p>\n<p style=\"text-align: justify\"><strong>Maremoto.-<\/strong> Muy oportuna y valiosa en la presente temporada de huracanes, la informaci\u00f3n sobre los refugios temporales ubicados en el territorio guerrerense, proporcionada por el Gobierno del Estado, a trav\u00e9s de la Secretar\u00eda de Gesti\u00f3n Integral de Riesgos y Protecci\u00f3n Civil.<\/p>\n<p style=\"text-align: justify\">Esta entidad federativa se ha visto afectada en varias ocasiones por los efectos devastadores de huracanes y terremotos, ocasionando p\u00e9rdidas de vidas humanas y cuantiosos da\u00f1os materiales, que tardan a\u00f1os en resarcirse como en la colonia El Mirador, en Chilpancingo. Por su p\u00e9sima edificaci\u00f3n nuevamente es construida por la SEDATU. Una millonada de pesos pr\u00e1cticamente se fue a la basura.<\/p>\n<p style=\"text-align: justify\">Est\u00e1n ubicados 631 refugios temporales con una capacidad para albergar a 34 mil familias y un total de 137 mil 540 personas.<\/p>\n<p style=\"text-align: justify\">Es uno de los procedimientos m\u00e1s relevantes en la concientizaci\u00f3n de la poblaci\u00f3n en la prevenci\u00f3n de desastres y avanzar hacia una firme cultura de protecci\u00f3n civil, que todav\u00eda nos hace mucha falta y hay un largo camino que recorrer.<\/p>\n<p style=\"text-align: justify\">Los tres niveles de gobierno y la sociedad civil, conjuntamente deber\u00e1n hacer lo suyo. A nadie m\u00e1s le corresponde.<\/p>\n<p style=\"text-align: justify\"><em>] S\u00edguenos en Facebook.com\/<a href=\"https:\/\/www.facebook.com\/acapulcopress\" target=\"_blank\" rel=\"noopener\">acapulcopress<\/a><\/em><br \/>\n<em>] S\u00edguenos en Facebook.com\/<a href=\"https:\/\/www.facebook.com\/angelblanco.press\" target=\"_blank\" rel=\"noopener\">angelblanco.press<\/a><\/em><\/p>\n","protected":false},"excerpt":{"rendered":"<p>Marem\u00e1gnum \u00bb RICARDO | CASTILLO BARRIENTOS ) Facebook \/ Ricardo Castillo Barrientos Visitar Praga es una experiencia inolvidable e inigualable por su belleza arquitect\u00f3nica y su singular historia del siglo pasado con dos invasiones despiadadas: una del ej\u00e9rcito nazi en 1938 y la otra del ej\u00e9rcito sovi\u00e9tico en 1968, cuando formaba parte de la Rep\u00fablica&#8230;<\/p>\n","protected":false},"author":2,"featured_media":1256411,"comment_status":"closed","ping_status":"closed","sticky":false,"template":"","format":"standard","meta":{"footnotes":""},"categories":[2071,1991],"tags":[12503,14801,15575],"class_list":["post-1256410","post","type-post","status-publish","format-standard","has-post-thumbnail","hentry","category-opinion-analisis-columnas","category-libertad-de-expresion","tag-maremagnum","tag-praga","tag-ricardo-castillo-barrientos"],"_links":{"self":[{"href":"https:\/\/www.acapulcopress.com\/index.php\/wp-json\/wp\/v2\/posts\/1256410","targetHints":{"allow":["GET"]}}],"collection":[{"href":"https:\/\/www.acapulcopress.com\/index.php\/wp-json\/wp\/v2\/posts"}],"about":[{"href":"https:\/\/www.acapulcopress.com\/index.php\/wp-json\/wp\/v2\/types\/post"}],"author":[{"embeddable":true,"href":"https:\/\/www.acapulcopress.com\/index.php\/wp-json\/wp\/v2\/users\/2"}],"replies":[{"embeddable":true,"href":"https:\/\/www.acapulcopress.com\/index.php\/wp-json\/wp\/v2\/comments?post=1256410"}],"version-history":[{"count":0,"href":"https:\/\/www.acapulcopress.com\/index.php\/wp-json\/wp\/v2\/posts\/1256410\/revisions"}],"wp:featuredmedia":[{"embeddable":true,"href":"https:\/\/www.acapulcopress.com\/index.php\/wp-json\/"}],"wp:attachment":[{"href":"https:\/\/www.acapulcopress.com\/index.php\/wp-json\/wp\/v2\/media?parent=1256410"}],"wp:term":[{"taxonomy":"category","embeddable":true,"href":"https:\/\/www.acapulcopress.com\/index.php\/wp-json\/wp\/v2\/categories?post=1256410"},{"taxonomy":"post_tag","embeddable":true,"href":"https:\/\/www.acapulcopress.com\/index.php\/wp-json\/wp\/v2\/tags?post=1256410"}],"curies":[{"name":"wp","href":"https:\/\/api.w.org\/{rel}","templated":true}]}}