{"id":1256414,"date":"2023-08-24T18:06:42","date_gmt":"2023-08-25T00:06:42","guid":{"rendered":"https:\/\/www.acapulcopress.com\/?p=1256414"},"modified":"2023-08-24T18:06:42","modified_gmt":"2023-08-25T00:06:42","slug":"alerta-en-costas-de-guerrero-por-mar-de-fondo","status":"publish","type":"post","link":"https:\/\/www.acapulcopress.com\/index.php\/2023\/08\/24\/alerta-en-costas-de-guerrero-por-mar-de-fondo\/","title":{"rendered":"Alerta en costas de Guerrero por &#8216;mar de fondo&#8217;"},"content":{"rendered":"<p style=\"text-align: justify\">CHILPANCINGO * Agosto 24, 2023.<br \/>\n<em>) Gobierno de Guerrero<\/em><br \/>\nLas costas de Guerrero son afectadas por los efectos del fen\u00f3meno de Mar de Fondo, inform\u00f3 la Secretar\u00eda de Gesti\u00f3n Integral de Riesgos y Protecci\u00f3n Civil, por lo que emiti\u00f3 una alerta preventiva para las autoridades municipales y poblaci\u00f3n en general, con el prop\u00f3sito de que se tomen las medidas de precauci\u00f3n necesarias, principalmente en zonas de playa.<\/p>\n<p style=\"text-align: justify\">De acuerdo con informaci\u00f3n de la Secretar\u00eda de Marina, este nuevo evento de Mar de Fondo generar\u00e1 condiciones de oleaje elevado de 1.8 a 2.7 metros de altura, marejadas recurrentes, reducci\u00f3n de la franja de arena, corrientes de arrastre e incremento del nivel del mar, mismas que podr\u00edan prevalecer en las pr\u00f3ximas 72 horas.<\/p>\n<p style=\"text-align: justify\">La dependencia estatal a trav\u00e9s de la Direcci\u00f3n de Monitoreo y An\u00e1lisis de Riesgos, mantiene en vigilancia a dicho fen\u00f3meno mar\u00edtimo, con el prop\u00f3sito de emitir los avisos y alertamientos oportunos para la poblaci\u00f3n.<\/p>\n<p style=\"text-align: justify\">La Secretar\u00eda de Gesti\u00f3n Integral de Riesgos y Protecci\u00f3n Civil, recomienda a la poblaci\u00f3n no realizar deportes acu\u00e1ticos, no introducirse al mar, ni caminar sobre la franja de arena y atender las recomendaciones del personal salvavidas y de protecci\u00f3n civil.<\/p>\n<p style=\"text-align: justify\">Al sector hotelero, restaurantero y de enramadas, se les sugiere colocar banderolas rojas en zona de playas, reforzar la presencia de personal salvavidas y prohibir que los ba\u00f1istas se metan al mar.<\/p>\n<p style=\"text-align: justify\">Tambi\u00e9n retirar\u00e1 mobiliario, equipo, establecimientos semifijos, palapas y zonas de recreo de la franja de arena.<\/p>\n<p style=\"text-align: justify\">A navegantes de embarcaciones menores, se les pide atender las indicaciones de Capitan\u00eda de Puerto y de las autoridades de\u00a0su\u00a0municipio.<\/p>\n<p style=\"text-align: justify\"><em>] S\u00edguenos en Facebook.com\/<a href=\"https:\/\/www.facebook.com\/acapulcopress\" target=\"_blank\" rel=\"noopener\">acapulcopress<\/a><\/em><br \/>\n<em>] S\u00edguenos en Facebook.com\/<a href=\"https:\/\/www.facebook.com\/angelblanco.press\" target=\"_blank\" rel=\"noopener\">angelblanco.press<\/a><\/em><\/p>\n","protected":false},"excerpt":{"rendered":"<p>CHILPANCINGO * Agosto 24, 2023. ) Gobierno de Guerrero Las costas de Guerrero son afectadas por los efectos del fen\u00f3meno de Mar de Fondo, inform\u00f3 la Secretar\u00eda de Gesti\u00f3n Integral de Riesgos y Protecci\u00f3n Civil, por lo que emiti\u00f3 una alerta preventiva para las autoridades municipales y poblaci\u00f3n en general, con el prop\u00f3sito de que&#8230;<\/p>\n","protected":false},"author":2,"featured_media":1256415,"comment_status":"closed","ping_status":"closed","sticky":false,"template":"","format":"standard","meta":{"footnotes":""},"categories":[2036,1969],"tags":[],"class_list":["post-1256414","post","type-post","status-publish","format-standard","has-post-thumbnail","hentry","category-el-clima","category-trending"],"_links":{"self":[{"href":"https:\/\/www.acapulcopress.com\/index.php\/wp-json\/wp\/v2\/posts\/1256414","targetHints":{"allow":["GET"]}}],"collection":[{"href":"https:\/\/www.acapulcopress.com\/index.php\/wp-json\/wp\/v2\/posts"}],"about":[{"href":"https:\/\/www.acapulcopress.com\/index.php\/wp-json\/wp\/v2\/types\/post"}],"author":[{"embeddable":true,"href":"https:\/\/www.acapulcopress.com\/index.php\/wp-json\/wp\/v2\/users\/2"}],"replies":[{"embeddable":true,"href":"https:\/\/www.acapulcopress.com\/index.php\/wp-json\/wp\/v2\/comments?post=1256414"}],"version-history":[{"count":0,"href":"https:\/\/www.acapulcopress.com\/index.php\/wp-json\/wp\/v2\/posts\/1256414\/revisions"}],"wp:featuredmedia":[{"embeddable":true,"href":"https:\/\/www.acapulcopress.com\/index.php\/wp-json\/"}],"wp:attachment":[{"href":"https:\/\/www.acapulcopress.com\/index.php\/wp-json\/wp\/v2\/media?parent=1256414"}],"wp:term":[{"taxonomy":"category","embeddable":true,"href":"https:\/\/www.acapulcopress.com\/index.php\/wp-json\/wp\/v2\/categories?post=1256414"},{"taxonomy":"post_tag","embeddable":true,"href":"https:\/\/www.acapulcopress.com\/index.php\/wp-json\/wp\/v2\/tags?post=1256414"}],"curies":[{"name":"wp","href":"https:\/\/api.w.org\/{rel}","templated":true}]}}