{"id":1256431,"date":"2023-08-24T21:16:27","date_gmt":"2023-08-25T03:16:27","guid":{"rendered":"https:\/\/www.acapulcopress.com\/?p=1256431"},"modified":"2023-08-24T21:16:27","modified_gmt":"2023-08-25T03:16:27","slug":"reprocha-ebrard-que-mario-viva-en-fantasyland-y-siga-haciendo-lo-mismo-que-los-de-antes","status":"publish","type":"post","link":"https:\/\/www.acapulcopress.com\/index.php\/2023\/08\/24\/reprocha-ebrard-que-mario-viva-en-fantasyland-y-siga-haciendo-lo-mismo-que-los-de-antes\/","title":{"rendered":"Reprocha Ebrard que Mario viva en &#8216;Fantasyland&#8217; y siga haciendo lo mismo que &#8216;los de antes&#8217;"},"content":{"rendered":"<p style=\"text-align: justify\">CAMPECHE * Agosto 24, 2023.<br \/>\n<em>) <a href=\"https:\/\/politico.mx\/ebrard-asegura-que-mario-delgado-vive-en-fantasyland-al-no-ver-cargada-a-favor-de-sheinbaum\" target=\"_blank\" rel=\"noopener\">Pol\u00edtico.mx<\/a><\/em><br \/>\nMarcelo Ebrard, aspirante a la candidatura presidencial de la 4T, acus\u00f3 al dirigente nacional de Morena, Mario Delgado, por \u201cvivir en Fantasyland\u201d y no darse cuenta de la supuesta \u201ccargada\u201d de algunos gobernadores hacia Claudia Sheinbaum, exjefa de gobierno de la Ciudad de M\u00e9xico y contendiente por la candidatura presidencial.<\/p>\n<p style=\"text-align: justify\">Ante las acusaciones de un periodista en Campeche sobre una supuesta \u201ccargada\u201d de la gobernadora Layda Sansores y militantes en favor de Sheinbaum, Ebrard pidi\u00f3 que le proporcionara la informaci\u00f3n para d\u00e1rsela a Delgado:<\/p>\n<p style=\"text-align: justify\">\u201cTe voy a pedir que luego me des algunos elementos para mand\u00e1rselos a Mario Delgado, que vive en Fantasyland y no sabe lo que t\u00fa est\u00e1s diciendo\u201d, respondi\u00f3 el excanciller a los medios de comunicaci\u00f3n.<\/p>\n<p style=\"text-align: justify\">Por ello, dijo, es que solicit\u00f3 transparencia en el proceso de la encuesta y detall\u00f3 que la aplicaci\u00f3n en los hogares para definir al \u201ccoordinador nacional de los comit\u00e9s de defensa de la 4T\u201d deber\u00eda estar apegada a ciertos criterios que garanticen el voto libre de los ciudadanos:<\/p>\n<p style=\"text-align: justify\">\u201cA lo que voy es, estamos en contra de esas cosas: acarreo, cargada, etc\u00e9tera. Eso ya es el pasado. No va a alcanzar, la gente va a votar libremente. Es lo que queremos. Por eso pedimos una boleta y que la gente lo haga de manera secreta, lo doblas y lo pones en una mochila transparente que trae el encuestador, y vamos a tener a su representante a una distancia razonable, nada m\u00e1s para ver que se haga bien\u201d, dijo.<\/p>\n<p style=\"text-align: justify\">\u201cEso es lo que nosotros queremos para la semana que viene: que la gente decida. Y eso es lo que se va a respetar, pero que sea la gente. Ah\u00ed no influye ni la cargada ni los acarreos ni nada. Es una decisi\u00f3n tuya. Esa es nuestra confianza\u201d, dijo Ebrard.<\/p>\n<p style=\"text-align: justify\"><em>] S\u00edguenos en Facebook.com\/<a href=\"https:\/\/www.facebook.com\/acapulcopress\" target=\"_blank\" rel=\"noopener\">acapulcopress<\/a><\/em><br \/>\n<em>] S\u00edguenos en Facebook.com\/<a href=\"https:\/\/www.facebook.com\/angelblanco.press\" target=\"_blank\" rel=\"noopener\">angelblanco.press<\/a><\/em><\/p>\n","protected":false},"excerpt":{"rendered":"<p>CAMPECHE * Agosto 24, 2023. ) Pol\u00edtico.mx Marcelo Ebrard, aspirante a la candidatura presidencial de la 4T, acus\u00f3 al dirigente nacional de Morena, Mario Delgado, por \u201cvivir en Fantasyland\u201d y no darse cuenta de la supuesta \u201ccargada\u201d de algunos gobernadores hacia Claudia Sheinbaum, exjefa de gobierno de la Ciudad de M\u00e9xico y contendiente por la&#8230;<\/p>\n","protected":false},"author":2,"featured_media":1256433,"comment_status":"closed","ping_status":"closed","sticky":false,"template":"","format":"standard","meta":{"footnotes":""},"categories":[2052,1972,18561],"tags":[8370,12447,12675],"class_list":["post-1256431","post","type-post","status-publish","format-standard","has-post-thumbnail","hentry","category-elecciones","category-special","category-society-politics","tag-fantasyland","tag-marcelo-ebrard","tag-mario-delgado"],"_links":{"self":[{"href":"https:\/\/www.acapulcopress.com\/index.php\/wp-json\/wp\/v2\/posts\/1256431","targetHints":{"allow":["GET"]}}],"collection":[{"href":"https:\/\/www.acapulcopress.com\/index.php\/wp-json\/wp\/v2\/posts"}],"about":[{"href":"https:\/\/www.acapulcopress.com\/index.php\/wp-json\/wp\/v2\/types\/post"}],"author":[{"embeddable":true,"href":"https:\/\/www.acapulcopress.com\/index.php\/wp-json\/wp\/v2\/users\/2"}],"replies":[{"embeddable":true,"href":"https:\/\/www.acapulcopress.com\/index.php\/wp-json\/wp\/v2\/comments?post=1256431"}],"version-history":[{"count":0,"href":"https:\/\/www.acapulcopress.com\/index.php\/wp-json\/wp\/v2\/posts\/1256431\/revisions"}],"wp:featuredmedia":[{"embeddable":true,"href":"https:\/\/www.acapulcopress.com\/index.php\/wp-json\/"}],"wp:attachment":[{"href":"https:\/\/www.acapulcopress.com\/index.php\/wp-json\/wp\/v2\/media?parent=1256431"}],"wp:term":[{"taxonomy":"category","embeddable":true,"href":"https:\/\/www.acapulcopress.com\/index.php\/wp-json\/wp\/v2\/categories?post=1256431"},{"taxonomy":"post_tag","embeddable":true,"href":"https:\/\/www.acapulcopress.com\/index.php\/wp-json\/wp\/v2\/tags?post=1256431"}],"curies":[{"name":"wp","href":"https:\/\/api.w.org\/{rel}","templated":true}]}}