{"id":1256439,"date":"2023-08-25T12:34:37","date_gmt":"2023-08-25T18:34:37","guid":{"rendered":"https:\/\/www.acapulcopress.com\/?p=1256439"},"modified":"2023-08-25T12:34:37","modified_gmt":"2023-08-25T18:34:37","slug":"evelyn-salgado-guerrero-estado-en-progreso-social-y-seguridad-gracias-al-apoyo-de-lopez-obrador","status":"publish","type":"post","link":"https:\/\/www.acapulcopress.com\/index.php\/2023\/08\/25\/evelyn-salgado-guerrero-estado-en-progreso-social-y-seguridad-gracias-al-apoyo-de-lopez-obrador\/","title":{"rendered":"Evelyn Salgado | Guerrero, estado en progreso social y seguridad gracias al apoyo de L\u00f3pez Obrador"},"content":{"rendered":"<p style=\"text-align: justify\"><em>* Anuncia el Presidente el inicio de la construcci\u00f3n del Hospital de Especialidades en Acapulco, el cual quedar\u00e1 listo en septiembre de 2024<\/em><br \/>\n<em><strong>* Destaca L\u00f3pez Obrador el trabajo de la Gobernadora Evelyn Salgado en la transformaci\u00f3n de Guerrero: \u00abEvelyn es una muy buena Gobernadora. \u00a1Se rayaron!\u00bb, dice, satisfecho, del trabajo de la mandataria estatal<\/strong><\/em><br \/>\n<em>* Los homicidios dolosos van en descenso en Guerrero, lo que significa que estamos avanzado, destaca L\u00f3pez Obrador<\/em><br \/>\n<strong><em>* En Guerrero se han invertido 533 millones 749 mil pesos en el fortalecimiento de la salud de los guerrerenses<\/em><\/strong><br \/>\n<em>* Los avances en desarrollo y justicia social en nuestro estado hoy son una realidad gracias a la inversi\u00f3n en programas sociales, caminos artesanales, infraestructura m\u00e9dica y hospitalaria del gobierno federal, suscribe Evelyn Salgado<\/em><\/p>\n<p style=\"text-align: justify\">ACAPULCO * Agosto 25, 2023.<br \/>\n) Gobierno de Guerrero<br \/>\nEl presidente <a href=\"https:\/\/www.facebook.com\/lopezobrador.org.mx\" target=\"_blank\" rel=\"noopener\">Andr\u00e9s Manuel L\u00f3pez Obrador<\/a> y la gobernadora <a href=\"https:\/\/www.facebook.com\/EvelynSalgadoP\" target=\"_blank\" rel=\"noopener\">Evelyn Salgado Pineda<\/a>, firmaron el convenio donde se oficializa la implementaci\u00f3n del sistema IMSS-Bienestar en <img loading=\"lazy\" decoding=\"async\" class=\"alignleft size-medium wp-image-1256445\" src=\"https:\/\/www.acapulcopress.com\/wp-content\/uploads\/2023\/08\/amlo-acapulco6-375x250.jpg\" alt=\"\" width=\"375\" height=\"250\" \/>Guerrero a fin de garantizar servicios m\u00e9dicos de calidad a personas sin seguridad social.<\/p>\n<p style=\"text-align: justify\">En su vista al puerto, el mandatario mexicano explic\u00f3, en materia de seguridad p\u00fablica, que en 2018 se presentaron en Guerrero \u00ab2 mil 222 homicidios, mientras que en 2022 solo 1 mil 137\u00bb, lo que muestra una reducci\u00f3n de casi el 50 por ciento de homicidios, lo que significa que \u00abestamos avanzando, a pesar de esa herencia de grupos que se fueron tolerando desde Felipe Calder\u00f3n y el gobierno anterior (de Enrique Pe\u00f1a Nieto)\u00bb, rese\u00f1\u00f3 el presidente.<\/p>\n<p style=\"text-align: justify\">Entre las buenas noticias que trajo a Guerrero, L\u00f3pez Obrador anunci\u00f3 que se ha comenzado la construcci\u00f3n del Hospital de Especialidades de Acapulco, el cual quedar\u00e1 listo <img loading=\"lazy\" decoding=\"async\" class=\"alignleft size-medium wp-image-1256451\" src=\"https:\/\/www.acapulcopress.com\/wp-content\/uploads\/2023\/08\/GRO-SEGURIDAD-375x207.jpg\" alt=\"\" width=\"375\" height=\"207\" \/>en septiembre de 2024 y cuya inversi\u00f3n consta de 3 mil 243 millones de pesos\u00bb.<\/p>\n<p style=\"text-align: justify\">Al referirse al\u00a0 trabajo realizado por la Gobernadora Evelyn Salgado, quien lo acompa\u00f1\u00f3 a la Conferencia Matutina celebrada desde Acapulco, el Presidente, dijo, satisfecho: \u00abEvelyn es una muy buena Gobernadora. \u00a1Se rayaron!\u00bb.<\/p>\n<p style=\"text-align: justify\">Al respecto, la mandataria guerrerense destac\u00f3 que seg\u00fan datos del Consejo Nacional de Evaluaci\u00f3n de la Pol\u00edtica de Desarrollo Social (Coneval), bajo el r\u00e9gimen de la Cuarta Transformaci\u00f3n, \u00ab190 mil personas han salido de la pobreza en Guerrero\u00bb y que en la entidad se invierten 26 mil millones de pesos m\u00e1s\u00bb.<\/p>\n<p style=\"text-align: justify\"><img loading=\"lazy\" decoding=\"async\" class=\"alignleft size-medium wp-image-1256440\" src=\"https:\/\/www.acapulcopress.com\/wp-content\/uploads\/2023\/08\/AMLO-ACAPULCO-375x212.jpg\" alt=\"\" width=\"375\" height=\"212\" \/>Como parte del programa IMSS-Bienestar, se inform\u00f3 que a Guerrero se han enviado 449 m\u00e9dicos especialistas y se ha invertido m\u00e1s de 2 mil millones de pesos para el mejoramiento de hospitales y abasto de medicamentos. Adem\u00e1s, se han invertido 533 millones 749 mil pesos en el fortalecimiento de la salud de los guerrerenses. As\u00ed mismo, se dijo que hospitales que llevaban m\u00e1s de 6 a\u00f1os en construcci\u00f3n se han terminado.<\/p>\n<p style=\"text-align: justify\">Evelyn Salgado emiti\u00f3 al Presidente de la Rep\u00fablica \u00abtodo el cari\u00f1o del pueblo guerrerense\u00bb y reiter\u00f3 a integrantes de su gabinete federal su \u00abprofundo agradecimiento por su compromiso y apoyo a nuestro estado\u00bb.<\/p>\n<p style=\"text-align: justify\">Los avances en desarrollo y justicia social en nuestro estado hoy son una realidad gracias a <img loading=\"lazy\" decoding=\"async\" class=\"alignleft size-medium wp-image-1256442\" src=\"https:\/\/www.acapulcopress.com\/wp-content\/uploads\/2023\/08\/amlo-acapulco3-375x250.jpg\" alt=\"\" width=\"375\" height=\"250\" \/>la inversi\u00f3n en programas sociales, caminos artesanales, infraestructura m\u00e9dica y hospitalaria del gobierno federal. \u00abEn estas tierras del Sur s\u00ed hay avances permanentes. Seguimos adelante sin mover nuestro ideales un cent\u00edmetro y con la convicci\u00f3n de seguir #TransformandoGuerrero\u00bb con la ayuda del Presidente de la Rep\u00fablica, Andr\u00e9s Manuel L\u00f3pez Obrador, concluy\u00f3 la gobernadora guerrerense<\/p>\n<p style=\"text-align: justify\"><img loading=\"lazy\" decoding=\"async\" class=\"alignnone wp-image-1256450 size-full\" src=\"https:\/\/www.acapulcopress.com\/wp-content\/uploads\/2023\/08\/evelyn-salgado.jpg\" alt=\"\" width=\"683\" height=\"1024\" \/><\/p>\n<p style=\"text-align: justify\"><img loading=\"lazy\" decoding=\"async\" class=\"alignnone wp-image-1256447 size-full\" src=\"https:\/\/www.acapulcopress.com\/wp-content\/uploads\/2023\/08\/amlo-evelyn-salgado.jpg\" alt=\"\" width=\"812\" height=\"960\" \/><\/p>\n<div style=\"width: 480px;\" class=\"wp-video\"><video class=\"wp-video-shortcode\" id=\"video-1256439-1\" width=\"480\" height=\"480\" preload=\"metadata\" controls=\"controls\"><source type=\"video\/mp4\" src=\"https:\/\/www.acapulcopress.com\/wp-content\/uploads\/2023\/08\/evelyn-buena-gobernadora.mp4?_=1\" \/><a href=\"https:\/\/www.acapulcopress.com\/wp-content\/uploads\/2023\/08\/evelyn-buena-gobernadora.mp4\">https:\/\/www.acapulcopress.com\/wp-content\/uploads\/2023\/08\/evelyn-buena-gobernadora.mp4<\/a><\/video><\/div>\n<p style=\"text-align: justify\"><em>] S\u00edguenos en Facebook.com\/<a href=\"https:\/\/www.facebook.com\/acapulcopress\" target=\"_blank\" rel=\"noopener\">acapulcopress<\/a><\/em><br \/>\n<em>] S\u00edguenos en Facebook.com\/<a href=\"https:\/\/www.facebook.com\/angelblanco.press\" target=\"_blank\" rel=\"noopener\">angelblanco.press<\/a><\/em><br \/>\n<em>] S\u00edguenos en ) acapulcopress.com<\/em><\/p>\n","protected":false},"excerpt":{"rendered":"<p>* Anuncia el Presidente el inicio de la construcci\u00f3n del Hospital de Especialidades en Acapulco, el cual quedar\u00e1 listo en septiembre de 2024 * Destaca L\u00f3pez Obrador el trabajo de la Gobernadora Evelyn Salgado en la transformaci\u00f3n de Guerrero: \u00abEvelyn es una muy buena Gobernadora. \u00a1Se rayaron!\u00bb, dice, satisfecho, del trabajo de la mandataria estatal&#8230;<\/p>\n","protected":false},"author":2,"featured_media":1256445,"comment_status":"closed","ping_status":"closed","sticky":false,"template":"","format":"standard","meta":{"footnotes":""},"categories":[1972,1983,18561],"tags":[3896,8251,10093],"class_list":["post-1256439","post","type-post","status-publish","format-standard","has-post-thumbnail","hentry","category-special","category-guerrerogob","category-society-politics","tag-andres-manuel-lopez-obrador","tag-evelyn-salgado-pineda","tag-imss-bienestar-guerrero"],"_links":{"self":[{"href":"https:\/\/www.acapulcopress.com\/index.php\/wp-json\/wp\/v2\/posts\/1256439","targetHints":{"allow":["GET"]}}],"collection":[{"href":"https:\/\/www.acapulcopress.com\/index.php\/wp-json\/wp\/v2\/posts"}],"about":[{"href":"https:\/\/www.acapulcopress.com\/index.php\/wp-json\/wp\/v2\/types\/post"}],"author":[{"embeddable":true,"href":"https:\/\/www.acapulcopress.com\/index.php\/wp-json\/wp\/v2\/users\/2"}],"replies":[{"embeddable":true,"href":"https:\/\/www.acapulcopress.com\/index.php\/wp-json\/wp\/v2\/comments?post=1256439"}],"version-history":[{"count":0,"href":"https:\/\/www.acapulcopress.com\/index.php\/wp-json\/wp\/v2\/posts\/1256439\/revisions"}],"wp:featuredmedia":[{"embeddable":true,"href":"https:\/\/www.acapulcopress.com\/index.php\/wp-json\/"}],"wp:attachment":[{"href":"https:\/\/www.acapulcopress.com\/index.php\/wp-json\/wp\/v2\/media?parent=1256439"}],"wp:term":[{"taxonomy":"category","embeddable":true,"href":"https:\/\/www.acapulcopress.com\/index.php\/wp-json\/wp\/v2\/categories?post=1256439"},{"taxonomy":"post_tag","embeddable":true,"href":"https:\/\/www.acapulcopress.com\/index.php\/wp-json\/wp\/v2\/tags?post=1256439"}],"curies":[{"name":"wp","href":"https:\/\/api.w.org\/{rel}","templated":true}]}}