{"id":1256462,"date":"2023-08-25T13:55:01","date_gmt":"2023-08-25T19:55:01","guid":{"rendered":"https:\/\/www.acapulcopress.com\/?p=1256462"},"modified":"2023-08-25T13:55:01","modified_gmt":"2023-08-25T19:55:01","slug":"abelina-lopez-cada-vez-mas-invisible-para-amlo-y-morena","status":"publish","type":"post","link":"https:\/\/www.acapulcopress.com\/index.php\/2023\/08\/25\/abelina-lopez-cada-vez-mas-invisible-para-amlo-y-morena\/","title":{"rendered":"Abelina, cada vez m\u00e1s invisible para AMLO y Morena"},"content":{"rendered":"<div class=\"xdj266r x11i5rnm xat24cr x1mh8g0r x1vvkbs x126k92a\">\n<div dir=\"auto\" style=\"text-align: justify\"><strong>E d i t o r i a l\u00a0<\/strong><\/div>\n<div dir=\"auto\" style=\"text-align: justify\"><\/div>\n<\/div>\n<div class=\"x11i5rnm xat24cr x1mh8g0r x1vvkbs xtlvy1s x126k92a\" style=\"text-align: justify\">\n<div dir=\"auto\">\n<p>No. Ya no se ve, ya no se siente&#8230; ni el respaldo del Presidente de la Rep\u00fablica ni de Morena.<\/p>\n<\/div>\n<\/div>\n<div class=\"x11i5rnm xat24cr x1mh8g0r x1vvkbs xtlvy1s x126k92a\" style=\"text-align: justify\">\n<div dir=\"auto\">\n<p>La alcaldesa <a class=\"x1i10hfl xjbqb8w x6umtig x1b1mbwd xaqea5y xav7gou x9f619 x1ypdohk xt0psk2 xe8uvvx xdj266r x11i5rnm xat24cr x1mh8g0r xexx8yu x4uap5 x18d9i69 xkhd6sd x16tdsg8 x1hl2dhg xggy1nq x1a2a7pz xt0b8zv x1qq9wsj xo1l8bm\" role=\"link\" href=\"https:\/\/www.facebook.com\/AbelinaLopezR?__cft__[0]=AZXM5KGfB5aAebBuLEwujrfocF5CXd1u6FzK3FES7GdYESrk1eDM3kBqouBcb17vBhdVQ_IwcoeR3RebOWBGnQ1ptRYgfQgnUODAcy9ZuCG6lQ2dHUXqgD5UJC-7iMF1RLgVib_KDMT9w-elRtkfrBK4KHNveI_Fn-AUo0qAW2bRcg&amp;__tn__=-]K-R\" target=\"_blank\" rel=\"noopener\"><span class=\"xt0psk2\">Abelina L\u00f3pez Rodr\u00edguez<\/span><\/a> y su insultante soberbia se han estrellado con una realidad inevitable: \u00abSe ha quedado sola\u00bb, solo con sus focas aplaudiendo por inercia o para desquitar el pago y sus sue\u00f1os h\u00famedos de reelecci\u00f3n.<\/p>\n<\/div>\n<\/div>\n<div class=\"x11i5rnm xat24cr x1mh8g0r x1vvkbs xtlvy1s x126k92a\" style=\"text-align: justify\">\n<div dir=\"auto\">\n<p>Abelina L\u00f3pez no fue invitada hoy ni a la conferencia matutina ni a la reuni\u00f3n de gabinete de seguridad que sostuvo <a class=\"x1i10hfl xjbqb8w x6umtig x1b1mbwd xaqea5y xav7gou x9f619 x1ypdohk xt0psk2 xe8uvvx xdj266r x11i5rnm xat24cr x1mh8g0r xexx8yu x4uap5 x18d9i69 xkhd6sd x16tdsg8 x1hl2dhg xggy1nq x1a2a7pz xt0b8zv x1qq9wsj xo1l8bm\" role=\"link\" href=\"https:\/\/www.facebook.com\/lopezobrador.org.mx?__cft__[0]=AZXM5KGfB5aAebBuLEwujrfocF5CXd1u6FzK3FES7GdYESrk1eDM3kBqouBcb17vBhdVQ_IwcoeR3RebOWBGnQ1ptRYgfQgnUODAcy9ZuCG6lQ2dHUXqgD5UJC-7iMF1RLgVib_KDMT9w-elRtkfrBK4KHNveI_Fn-AUo0qAW2bRcg&amp;__tn__=-]K-R\" target=\"_blank\" rel=\"noopener\"><span class=\"xt0psk2\">Andr\u00e9s Manuel L\u00f3pez Obrador<\/span><\/a> en Acapulco&#8230; donde tampoco le informaron de su visita al puerto, como antes, cuando era la primera en anuncias la visita de su amado presidente.<\/p>\n<\/div>\n<\/div>\n<div class=\"x11i5rnm xat24cr x1mh8g0r x1vvkbs xtlvy1s x126k92a\" style=\"text-align: justify\">\n<div dir=\"auto\">\n<p>D\u00edas antes, la alcaldesa de Acapulco tampoco fue invitada al encuentro de \u00abmujeres l\u00edderes del Estado\u00bb, presidida por <a class=\"x1i10hfl xjbqb8w x6umtig x1b1mbwd xaqea5y xav7gou x9f619 x1ypdohk xt0psk2 xe8uvvx xdj266r x11i5rnm xat24cr x1mh8g0r xexx8yu x4uap5 x18d9i69 xkhd6sd x16tdsg8 x1hl2dhg xggy1nq x1a2a7pz xt0b8zv x1qq9wsj xo1l8bm\" role=\"link\" href=\"https:\/\/www.facebook.com\/mariodelgadocarrillo?__cft__[0]=AZXM5KGfB5aAebBuLEwujrfocF5CXd1u6FzK3FES7GdYESrk1eDM3kBqouBcb17vBhdVQ_IwcoeR3RebOWBGnQ1ptRYgfQgnUODAcy9ZuCG6lQ2dHUXqgD5UJC-7iMF1RLgVib_KDMT9w-elRtkfrBK4KHNveI_Fn-AUo0qAW2bRcg&amp;__tn__=-]K-R\" target=\"_blank\" rel=\"noopener\"><span class=\"xt0psk2\">Mario Delgado Carrillo<\/span><\/a>, l\u00edder nacional de Morena.<\/p>\n<\/div>\n<\/div>\n<div class=\"x11i5rnm xat24cr x1mh8g0r x1vvkbs xtlvy1s x126k92a\" style=\"text-align: justify\">\n<div dir=\"auto\">\u00bfQu\u00e9 ocurre con Abelina L\u00f3pez y su repulsiva soberbia que siempre cargaba a flor de piel?<\/div>\n<\/div>\n<div class=\"x11i5rnm xat24cr x1mh8g0r x1vvkbs xtlvy1s x126k92a\" style=\"text-align: justify\">\n<div dir=\"auto\">\n<p>\u00bfYa no existe su \u00abterritorio Acapulco\u00bb?<\/p>\n<\/div>\n<\/div>\n<div class=\"x11i5rnm xat24cr x1mh8g0r x1vvkbs xtlvy1s x126k92a\" style=\"text-align: justify\">\n<div dir=\"auto\">\n<p>Siendo la verdadera \u00abconocedora de los problemas de Acapulco\u00bb, (lo cual no se ha visto en los casi tres a\u00f1os de su mandato); siendo la \u00fanica que cuenta con las firmas del presidente para proyectos importantes; siendo la \u00fanica que cuenta con el respaldo del presidente L\u00f3pez Obrador para combatir la inseguridad en Acapulco, como asegur\u00f3 su gallo presidencial, <a class=\"x1i10hfl xjbqb8w x6umtig x1b1mbwd xaqea5y xav7gou x9f619 x1ypdohk xt0psk2 xe8uvvx xdj266r x11i5rnm xat24cr x1mh8g0r xexx8yu x4uap5 x18d9i69 xkhd6sd x16tdsg8 x1hl2dhg xggy1nq x1a2a7pz xt0b8zv x1qq9wsj xo1l8bm\" role=\"link\" href=\"https:\/\/www.facebook.com\/MarceloEbrardC?__cft__[0]=AZXM5KGfB5aAebBuLEwujrfocF5CXd1u6FzK3FES7GdYESrk1eDM3kBqouBcb17vBhdVQ_IwcoeR3RebOWBGnQ1ptRYgfQgnUODAcy9ZuCG6lQ2dHUXqgD5UJC-7iMF1RLgVib_KDMT9w-elRtkfrBK4KHNveI_Fn-AUo0qAW2bRcg&amp;__tn__=-]K-R\" target=\"_blank\" rel=\"noopener\"><span class=\"xt0psk2\">Marcelo Ebrard<\/span><\/a>, \u00bfpor qu\u00e9 es cada vez m\u00e1s invisible para el Presidente de la Rep\u00fablica y hasta para el dirigente nacional de su propio partido, Morena?<\/p>\n<\/div>\n<\/div>\n<div class=\"x11i5rnm xat24cr x1mh8g0r x1vvkbs xtlvy1s x126k92a\" style=\"text-align: justify\">\n<div dir=\"auto\">\n<p>Todo lo anterior son malos augurios pol\u00edticos para la alcaldesa de Acapulco&#8230; no solo malos, sino muy malos.<\/p>\n<\/div>\n<\/div>\n<div class=\"x11i5rnm xat24cr x1mh8g0r x1vvkbs xtlvy1s x126k92a\" style=\"text-align: justify\">\n<div dir=\"auto\">\n<p>Si ya no &#8216;existe&#8217; ni para el presidente nacional de su partido, mucho menos figura en la agenda del Presidente de M\u00e9xico, por dignidad, la soberbia alcaldesa acapulque\u00f1a deber\u00eda irse olvidando de su reelecci\u00f3n bajo las siglas de Morena y buscar otras opciones pol\u00edticas&#8230; o preparar maletas para la c\u00e1rcel, porque su nuevo enemigo, <a class=\"x1i10hfl xjbqb8w x6umtig x1b1mbwd xaqea5y xav7gou x9f619 x1ypdohk xt0psk2 xe8uvvx xdj266r x11i5rnm xat24cr x1mh8g0r xexx8yu x4uap5 x18d9i69 xkhd6sd x16tdsg8 x1hl2dhg xggy1nq x1a2a7pz xt0b8zv x1qq9wsj xo1l8bm\" role=\"link\" href=\"https:\/\/www.facebook.com\/ramirosolorioacapulco?__cft__[0]=AZXM5KGfB5aAebBuLEwujrfocF5CXd1u6FzK3FES7GdYESrk1eDM3kBqouBcb17vBhdVQ_IwcoeR3RebOWBGnQ1ptRYgfQgnUODAcy9ZuCG6lQ2dHUXqgD5UJC-7iMF1RLgVib_KDMT9w-elRtkfrBK4KHNveI_Fn-AUo0qAW2bRcg&amp;__tn__=-]K-R\" target=\"_blank\" rel=\"noopener\"><span class=\"xt0psk2\">Ramiro Solorio Almaz\u00e1n<\/span><\/a>, le tiene todo preparado para denunciarla penalmente y llevarla a juicio con todo y acalorada soberbia y sue\u00f1os de reelecci\u00f3n.<\/p>\n<\/div>\n<\/div>\n<div class=\"x11i5rnm xat24cr x1mh8g0r x1vvkbs xtlvy1s x126k92a\" style=\"text-align: justify\">\n<div dir=\"auto\">\n<p>En suma, \u00bfcav\u00f3 ya la alcaldesa de Acapulco su tumba pol\u00edtica?<\/p>\n<\/div>\n<\/div>\n<div class=\"x11i5rnm xat24cr x1mh8g0r x1vvkbs xtlvy1s x126k92a\" style=\"text-align: justify\">\n<div dir=\"auto\">\n<p>\u00abLo que se ve no se juzga\u00bb.<\/p>\n<div style=\"width: 854px;\" class=\"wp-video\"><video class=\"wp-video-shortcode\" id=\"video-1256462-1\" width=\"854\" height=\"480\" preload=\"metadata\" controls=\"controls\"><source type=\"video\/mp4\" src=\"https:\/\/www.acapulcopress.com\/wp-content\/uploads\/2023\/08\/ABELINA-TERRITORIO-ACAPULCO.mp4?_=1\" \/><a href=\"https:\/\/www.acapulcopress.com\/wp-content\/uploads\/2023\/08\/ABELINA-TERRITORIO-ACAPULCO.mp4\">https:\/\/www.acapulcopress.com\/wp-content\/uploads\/2023\/08\/ABELINA-TERRITORIO-ACAPULCO.mp4<\/a><\/video><\/div>\n<\/div>\n<\/div>\n<div class=\"x11i5rnm xat24cr x1mh8g0r x1vvkbs xtlvy1s x126k92a\">\n<div dir=\"auto\" style=\"text-align: justify\"><a class=\"x1i10hfl xjbqb8w x6umtig x1b1mbwd xaqea5y xav7gou x9f619 x1ypdohk xt0psk2 xe8uvvx xdj266r x11i5rnm xat24cr x1mh8g0r xexx8yu x4uap5 x18d9i69 xkhd6sd x16tdsg8 x1hl2dhg xggy1nq x1a2a7pz xt0b8zv x1qq9wsj xo1l8bm\" role=\"link\" href=\"https:\/\/www.facebook.com\/angelblanco.press?__cft__[0]=AZXM5KGfB5aAebBuLEwujrfocF5CXd1u6FzK3FES7GdYESrk1eDM3kBqouBcb17vBhdVQ_IwcoeR3RebOWBGnQ1ptRYgfQgnUODAcy9ZuCG6lQ2dHUXqgD5UJC-7iMF1RLgVib_KDMT9w-elRtkfrBK4KHNveI_Fn-AUo0qAW2bRcg&amp;__tn__=-]K-R\" target=\"_blank\" rel=\"noopener\"><span class=\"xt0psk2\">Angel Blanco<\/span><\/a> | <a class=\"x1i10hfl xjbqb8w x6umtig x1b1mbwd xaqea5y xav7gou x9f619 x1ypdohk xt0psk2 xe8uvvx xdj266r x11i5rnm xat24cr x1mh8g0r xexx8yu x4uap5 x18d9i69 xkhd6sd x16tdsg8 x1hl2dhg xggy1nq x1a2a7pz xt0b8zv x1qq9wsj xo1l8bm\" role=\"link\" href=\"https:\/\/www.facebook.com\/acapulcopress.news?__cft__[0]=AZXM5KGfB5aAebBuLEwujrfocF5CXd1u6FzK3FES7GdYESrk1eDM3kBqouBcb17vBhdVQ_IwcoeR3RebOWBGnQ1ptRYgfQgnUODAcy9ZuCG6lQ2dHUXqgD5UJC-7iMF1RLgVib_KDMT9w-elRtkfrBK4KHNveI_Fn-AUo0qAW2bRcg&amp;__tn__=-]K-R\" target=\"_blank\" rel=\"noopener\"><span class=\"xt0psk2\">AcapulcoPress<\/span><\/a><\/div>\n<div dir=\"auto\" style=\"text-align: justify\">www.acapulcopress.com<\/div>\n<\/div>\n","protected":false},"excerpt":{"rendered":"<p>E d i t o r i a l\u00a0 No. Ya no se ve, ya no se siente&#8230; ni el respaldo del Presidente de la Rep\u00fablica ni de Morena. La alcaldesa Abelina L\u00f3pez Rodr\u00edguez y su insultante soberbia se han estrellado con una realidad inevitable: \u00abSe ha quedado sola\u00bb, solo con sus focas aplaudiendo por&#8230;<\/p>\n","protected":false},"author":2,"featured_media":1240282,"comment_status":"closed","ping_status":"closed","sticky":false,"template":"","format":"standard","meta":{"footnotes":""},"categories":[2048,1997,2008],"tags":[],"class_list":["post-1256462","post","type-post","status-publish","format-standard","has-post-thumbnail","hentry","category-editorial-editorial","category-noticias-destacadas","category-editorial"],"_links":{"self":[{"href":"https:\/\/www.acapulcopress.com\/index.php\/wp-json\/wp\/v2\/posts\/1256462","targetHints":{"allow":["GET"]}}],"collection":[{"href":"https:\/\/www.acapulcopress.com\/index.php\/wp-json\/wp\/v2\/posts"}],"about":[{"href":"https:\/\/www.acapulcopress.com\/index.php\/wp-json\/wp\/v2\/types\/post"}],"author":[{"embeddable":true,"href":"https:\/\/www.acapulcopress.com\/index.php\/wp-json\/wp\/v2\/users\/2"}],"replies":[{"embeddable":true,"href":"https:\/\/www.acapulcopress.com\/index.php\/wp-json\/wp\/v2\/comments?post=1256462"}],"version-history":[{"count":0,"href":"https:\/\/www.acapulcopress.com\/index.php\/wp-json\/wp\/v2\/posts\/1256462\/revisions"}],"wp:featuredmedia":[{"embeddable":true,"href":"https:\/\/www.acapulcopress.com\/index.php\/wp-json\/"}],"wp:attachment":[{"href":"https:\/\/www.acapulcopress.com\/index.php\/wp-json\/wp\/v2\/media?parent=1256462"}],"wp:term":[{"taxonomy":"category","embeddable":true,"href":"https:\/\/www.acapulcopress.com\/index.php\/wp-json\/wp\/v2\/categories?post=1256462"},{"taxonomy":"post_tag","embeddable":true,"href":"https:\/\/www.acapulcopress.com\/index.php\/wp-json\/wp\/v2\/tags?post=1256462"}],"curies":[{"name":"wp","href":"https:\/\/api.w.org\/{rel}","templated":true}]}}