{"id":1256468,"date":"2023-08-25T20:08:47","date_gmt":"2023-08-26T02:08:47","guid":{"rendered":"https:\/\/www.acapulcopress.com\/?p=1256468"},"modified":"2023-08-25T20:08:47","modified_gmt":"2023-08-26T02:08:47","slug":"nadie-se-quedara-fuera-de-la-transformacion-evelyn-salgado","status":"publish","type":"post","link":"https:\/\/www.acapulcopress.com\/index.php\/2023\/08\/25\/nadie-se-quedara-fuera-de-la-transformacion-evelyn-salgado\/","title":{"rendered":"Nadie se quedar\u00e1 fuera de la transformaci\u00f3n | Evelyn Salgado"},"content":{"rendered":"<p style=\"text-align: justify\">AYUTLA * Agosto 25, 2023.<br \/>\n<em>) Gobierno de Guerrero<\/em><br \/>\n\u201cNo vamos a permitir que nadie se quede fuera de la transformaci\u00f3n, no vamos a <img loading=\"lazy\" decoding=\"async\" class=\"alignleft size-medium wp-image-1256475\" src=\"https:\/\/www.acapulcopress.com\/wp-content\/uploads\/2023\/08\/EVELYN-Y-AMLO-375x250.jpg\" alt=\"\" width=\"375\" height=\"250\" \/>descansar hasta que cada familia de Guerrero, cada ni\u00f1a, cada ni\u00f1o, todos sin excepci\u00f3n, disfruten de una vida digna, del ejercicio pleno de sus derechos, de la felicidad y del amor, porque esto es tambi\u00e9n una prioridad para este gobierno\u201d, se\u00f1al\u00f3 la gobernadora <a href=\"https:\/\/www.facebook.com\/EvelynSalgadoP\" target=\"_blank\" rel=\"noopener\">Evelyn Salgado Pineda<\/a> durante la Evaluaci\u00f3n de los Programas del Bienestar que realiz\u00f3 el presidente Andr\u00e9s Manuel L\u00f3pez Obrador.<\/p>\n<p style=\"text-align: justify\">Durante el evento en la Unidad Deportiva de esta cabecera municipal, la gobernadora le dio la bienvenida al jefe del Ejecutivo federal y le expres\u00f3 su benepl\u00e1cito por su presencia en este lugar tan representativo, que ha sido testigo de grandes momentos en la historia. Adem\u00e1s, le agradeci\u00f3 su apoyo hacia quienes m\u00e1s lo necesitan, a trav\u00e9s de distintas <img loading=\"lazy\" decoding=\"async\" class=\"alignleft size-medium wp-image-1256473\" src=\"https:\/\/www.acapulcopress.com\/wp-content\/uploads\/2023\/08\/EVELYN-Y-AMLO-4-375x250.jpg\" alt=\"\" width=\"375\" height=\"250\" \/>estrategias como los programas sociales, que han sido de gran ayuda para lograr el objetivo com\u00fan de afianzar la transformaci\u00f3n del estado.<\/p>\n<p style=\"text-align: justify\">\u201cEs un d\u00eda de fiesta, porque reafirmamos el compromiso de nuestro presidente con Guerrero, con la Costa Chica, porque vemos de manera directa el inter\u00e9s por supervisar todas y cada una de las entregas de los programas sociales, el inter\u00e9s por garantizar que los apoyos se entreguen de manera directa y sin intermediarios. Tambi\u00e9n porque hoy reafirmamos el compromiso de este gobierno estatal de seguir acompa\u00f1ando estas entregas, para profundizar con obras de infraestructura, programas sociales, con obras y consolidar el reconocimiento y desarrollo de los pueblos, as\u00ed como de nuestra poblaci\u00f3n afrodescendiente\u201d, a\u00f1adi\u00f3.<\/p>\n<p style=\"text-align: justify\"><img loading=\"lazy\" decoding=\"async\" class=\"alignleft size-medium wp-image-1256472\" src=\"https:\/\/www.acapulcopress.com\/wp-content\/uploads\/2023\/08\/EVELYN-Y-AMLO-3-375x507.jpg\" alt=\"\" width=\"375\" height=\"507\" \/>Por ello, la gobernadora reafirm\u00f3 su compromiso de que la transformaci\u00f3n llegar\u00e1 hasta el \u00faltimo rinc\u00f3n de Guerrero, sin dejar a nadie atr\u00e1s, de la mano del presidente <a href=\"https:\/\/www.facebook.com\/lopezobrador.org.mx\" target=\"_blank\" rel=\"noopener\">Andr\u00e9s Manuel L\u00f3pez Obrador<\/a> y con el acompa\u00f1amiento de los diferentes \u00f3rdenes de gobierno, trabajando en el territorio, escuchando y atendiendo las necesidades de la poblaci\u00f3n, pero sobre todo siempre atendiendo la instrucci\u00f3n de que \u201cLa calidez y la eficiencia no est\u00e1n a discusi\u00f3n\u201d.<\/p>\n<p style=\"text-align: justify\">En su mensaje, el presidente L\u00f3pez Obrador refrend\u00f3 su compromiso por continuar con todos estos programas hasta el final de su sexenio, a la vez que garantiz\u00f3 la continuidad de los mismos, para seguir apoyando a quienes m\u00e1s lo necesitan. \u201cVan a continuar todos los programas hasta el final y m\u00e1s all\u00e1. Vengo a Ayutla a decirles vamos a seguir adelante. Van a continuar todos los programas de Bienestar\u201d, enfatiz\u00f3.<\/p>\n<p style=\"text-align: justify\">En su encuentro con los pobladores, el presidente de la Rep\u00fablica dio un informe sobre los alcances que han tenido los distintos programas en Ayutla; en el caso de J\u00f3venes <img loading=\"lazy\" decoding=\"async\" class=\"alignleft size-medium wp-image-1256470\" src=\"https:\/\/www.acapulcopress.com\/wp-content\/uploads\/2023\/08\/AMLO-Y-EVELYN-375x250.jpg\" alt=\"\" width=\"375\" height=\"250\" \/>Construyendo el Futuro, explic\u00f3 que hay 526 beneficiarios. En el caso de las Becas, para nivel superior, hay 81 estudiantes que est\u00e1n recibiendo este apoyo; en nivel medio superior, hay 2 mil 192; en el b\u00e1sico, hay 7 mil 858 apoyos.<\/p>\n<p style=\"text-align: justify\">En lo correspondiente al programa La Escuela Es Nuestra, hasta el momento hay 270 escuelas beneficiadas; mencion\u00f3 adem\u00e1s que en lo que respecta a las pensiones, hay 4 mil 383 adultos mayores beneficiados y destac\u00f3 la participaci\u00f3n decidida de la gobernadora Evelyn Salgado, para lograr que en Guerrero la pensi\u00f3n para personas con discapacidad sea universal, esto a trav\u00e9s de un esquema de aportaci\u00f3n de 50 por ciento de la Federaci\u00f3n y el otro 50 por ciento por parte de la administraci\u00f3n estatal.<\/p>\n<p style=\"text-align: justify\"><img loading=\"lazy\" decoding=\"async\" class=\"alignleft size-medium wp-image-1256469\" src=\"https:\/\/www.acapulcopress.com\/wp-content\/uploads\/2023\/08\/AMLO-Y-EVELYN-2-375x250.jpg\" alt=\"\" width=\"375\" height=\"250\" \/>Adelant\u00f3 que se continuar\u00e1 con la estrategia de la construcci\u00f3n de caminos y se fortalecer\u00e1n los Bancos del Bienestar. Detall\u00f3 que actualmente hay 87 unidades en operaci\u00f3n y se busca consolidar por lo menos 116 a lo largo y ancho del territorio guerrerense.<\/p>\n<p style=\"text-align: justify\">En este evento tambi\u00e9n se cont\u00f3 con la participaci\u00f3n del Secretario de Infraestructura, Comunicaci\u00f3n y Transportes, Jorge Nu\u00f1o Lara quien inform\u00f3 que en Guerrero se han concluido obras de gran relevancia que permiten acercar los servicios y disminuir dr\u00e1sticamente los tiempos de traslado para los habitantes de las diversas comunidades, promoviendo la construcci\u00f3n y modernizaci\u00f3n de las v\u00edas terrestres con visi\u00f3n de justicia social, para no dejar a nadie atr\u00e1s en el acceso a las mejores condiciones de bienestar.<\/p>\n<p style=\"text-align: justify\">Entre las obras concluidas est\u00e1n la de la Carretera Ayutla de los Libres a Acatepec, en su tramo de San Jos\u00e9 la Hacienda a Encino Amarillo, en donde se construyeron 28 kil\u00f3metros de v\u00eda, con una inversi\u00f3n de 272 millones de pesos; la Autopista Libramiento Acapulco; la Carretera Tlapa-Marquelia; el tramo Lucerito-Tlacoapa; la Modernizaci\u00f3n de la Carretera Federal Las Cruces-Pinotepa Nacional, en su tramo Cayaco-San Marcos y la Pavimentaci\u00f3n de 39 caminos en la Monta\u00f1a de Guerrero.<\/p>\n<p style=\"text-align: justify\">Actualmente se trabaja en la Modernizaci\u00f3n de Las Cruces-Pinotepa Nacional en su tramo de Las Vigas al l\u00edmite con Oaxaca; la carretera Acapulco-Zihuatanejo, en los entronques Cacalutla I y II; la Construcci\u00f3n del Puente Vehicular sobre la carretera Tlapa-Marquelia; Caminos rurales de Igualapa y la Pavimentaci\u00f3n de 99 caminos de mano de obra la Monta\u00f1a. En total, todas estas obras suman m\u00e1s de mil kil\u00f3metros, con una inversi\u00f3n de m\u00e1s de 14 mil millones de pesos para beneficio de m\u00e1s de un mill\u00f3n 200 mil habitantes.<\/p>\n<p style=\"text-align: justify\">En tanto que la encargada del programa La Escuela es Nuestra, Pamela L\u00f3pez Ruiz, inform\u00f3 que en el estado de Guerrero, se ha logrado la atenci\u00f3n hist\u00f3rica de 8 mil 483 escuelas con una inversi\u00f3n total de m\u00e1s de 6 mil millones de pesos.<\/p>\n<p style=\"text-align: justify\">Durante este acto, el primer coordinador de la Honorable Casa de los Pueblos en Ayutla, Ysabel de los Santos Morales dio la bienvenida al presidente y le hizo entrega de un machete de cinta hecho por manos ayutlecas.<\/p>\n<p style=\"text-align: justify\">Asistieron a este acto el secretario del Trabajo y Previsi\u00f3n Social, Marath Baruch Bola\u00f1os L\u00f3pez; la subsecretaria de Empleo y Productividad Laboral, Quiahuitl Ch\u00e1vez Dom\u00ednguez; la subsecretaria de la Sedatu y responsable del Programa de Vivienda, Edna Elena Vega Rangel; el director general del Banco del Bienestar, V\u00edctor No\u00e9 Lamoyi Bocanegra; el director general de Seguridad Alimentaria, Leonel Cota Monta\u00f1o; el coordinador nacional del Programa de Becas para el Bienestar \u201cBenito Ju\u00e1rez\u201d, Abraham V\u00e1zquez Piceno; la directora general del programa La Escuela es Nuestra, Pamela L\u00f3pez Ru\u00edz; la directora general Financiera para el Bienestar, Mar\u00eda del Roc\u00edo Mej\u00eda Flores; la secretaria del Bienestar, Ariadna Montiel Reyes; el secretario de Agricultura y Desarrollo Rural, V\u00edctor Villalobos,\u00a0entre\u00a0otros.<\/p>\n<p style=\"text-align: justify\"><em>] S\u00edguenos en Facebook.com\/<a href=\"https:\/\/www.facebook.com\/acapulcopress\" target=\"_blank\" rel=\"noopener\">acapulcopress<\/a><\/em><br \/>\n<em>] S\u00edguenos en Facebook.com\/<a href=\"https:\/\/www.facebook.com\/angelblanco.press\" target=\"_blank\" rel=\"noopener\">angelblanco.press<\/a><\/em><br \/>\n<em>] S\u00edguenos en ) acapulcopress.com<\/em><\/p>\n<p style=\"text-align: justify\"><em>https:\/\/www.facebook.com\/acapulcopress<\/em><br \/>\n<em>https:\/\/www.facebook.com\/angelblanco.press<\/em><\/p>\n","protected":false},"excerpt":{"rendered":"<p>AYUTLA * Agosto 25, 2023. ) Gobierno de Guerrero \u201cNo vamos a permitir que nadie se quede fuera de la transformaci\u00f3n, no vamos a descansar hasta que cada familia de Guerrero, cada ni\u00f1a, cada ni\u00f1o, todos sin excepci\u00f3n, disfruten de una vida digna, del ejercicio pleno de sus derechos, de la felicidad y del amor,&#8230;<\/p>\n","protected":false},"author":2,"featured_media":1256471,"comment_status":"closed","ping_status":"closed","sticky":false,"template":"","format":"standard","meta":{"footnotes":""},"categories":[1983,18561],"tags":[3896,8251],"class_list":["post-1256468","post","type-post","status-publish","format-standard","has-post-thumbnail","hentry","category-guerrerogob","category-society-politics","tag-andres-manuel-lopez-obrador","tag-evelyn-salgado-pineda"],"_links":{"self":[{"href":"https:\/\/www.acapulcopress.com\/index.php\/wp-json\/wp\/v2\/posts\/1256468","targetHints":{"allow":["GET"]}}],"collection":[{"href":"https:\/\/www.acapulcopress.com\/index.php\/wp-json\/wp\/v2\/posts"}],"about":[{"href":"https:\/\/www.acapulcopress.com\/index.php\/wp-json\/wp\/v2\/types\/post"}],"author":[{"embeddable":true,"href":"https:\/\/www.acapulcopress.com\/index.php\/wp-json\/wp\/v2\/users\/2"}],"replies":[{"embeddable":true,"href":"https:\/\/www.acapulcopress.com\/index.php\/wp-json\/wp\/v2\/comments?post=1256468"}],"version-history":[{"count":0,"href":"https:\/\/www.acapulcopress.com\/index.php\/wp-json\/wp\/v2\/posts\/1256468\/revisions"}],"wp:featuredmedia":[{"embeddable":true,"href":"https:\/\/www.acapulcopress.com\/index.php\/wp-json\/"}],"wp:attachment":[{"href":"https:\/\/www.acapulcopress.com\/index.php\/wp-json\/wp\/v2\/media?parent=1256468"}],"wp:term":[{"taxonomy":"category","embeddable":true,"href":"https:\/\/www.acapulcopress.com\/index.php\/wp-json\/wp\/v2\/categories?post=1256468"},{"taxonomy":"post_tag","embeddable":true,"href":"https:\/\/www.acapulcopress.com\/index.php\/wp-json\/wp\/v2\/tags?post=1256468"}],"curies":[{"name":"wp","href":"https:\/\/api.w.org\/{rel}","templated":true}]}}