{"id":1256477,"date":"2023-08-25T20:53:22","date_gmt":"2023-08-26T02:53:22","guid":{"rendered":"https:\/\/www.acapulcopress.com\/?p=1256477"},"modified":"2023-08-25T20:53:22","modified_gmt":"2023-08-26T02:53:22","slug":"convoca-diputada-alejo-a-reforzar-politicas-a-favor-de-adultos-mayores","status":"publish","type":"post","link":"https:\/\/www.acapulcopress.com\/index.php\/2023\/08\/25\/convoca-diputada-alejo-a-reforzar-politicas-a-favor-de-adultos-mayores\/","title":{"rendered":"Convoca Diputada Alejo a reforzar pol\u00edticas a favor de adultos mayores"},"content":{"rendered":"<p style=\"text-align: justify\">CHILPANCINGO * Agosto 25, 2023.<br \/>\n<em>) <a href=\"https:\/\/www.facebook.com\/congresogro\" target=\"_blank\" rel=\"noopener\">Congreso de Guerrero<\/a><\/em><\/p>\n<p style=\"text-align: justify\">La diputada <a href=\"https:\/\/www.facebook.com\/Diputada.Jessica.Alejo.Rayo\" target=\"_blank\" rel=\"noopener\">Jessica Ivette Alejo Rayo<\/a> hizo un llamado a los tres \u00f3rdenes de gobierno, as\u00ed como a los grupos y representaciones parlamentarias del Congreso, para trazar e impulsar pol\u00edticas p\u00fablicas integrales y acordes a las necesidades biol\u00f3gicas, psicol\u00f3gicas y sociales de los adultos mayores, que les genere un entorno amigable.<\/p>\n<p style=\"text-align: justify\">Al intervenir en torno al D\u00eda Nacional del Adulto Mayor (29 de agosto), instituido en M\u00e9xico desde el a\u00f1o 1998, la tambi\u00e9n presidenta de la Comisi\u00f3n de Atenci\u00f3n a los Adultos Mayores manifest\u00f3 que esta fecha debe ir m\u00e1s all\u00e1 de la celebraci\u00f3n, y recapacitar sobre si lo que se hace en M\u00e9xico, particularmente en Guerrero, est\u00e1 efectivamente ayudando a este sector vulnerable.<\/p>\n<p style=\"text-align: justify\">Expuso que, si bien es cierto que los gobiernos federal y estatal realizan acciones para mejorar las condiciones de vida de las personas adultas mayores, como la entrega de la Pensi\u00f3n Universal y el Programa Pensi\u00f3n Guerrero, mismas que han aumentado su cobertura y cantidad econ\u00f3mica, a\u00fan se est\u00e1 en deuda con ellos y se requiere redoblar esfuerzos para abatir las carencias que los aquejan.<\/p>\n<p style=\"text-align: justify\">Alejo Rayo consider\u00f3 que, para seguir avanzando en la tarea de brindar bienestar a este importante sector que ha hecho grandes aportaciones al estado y el pa\u00eds, se requiere la suma de<\/p>\n<p style=\"text-align: justify\">voluntades de sociedad, gobiernos y Poder Legislativo, a efecto de impulsar un nuevo andamiaje jur\u00eddico-pol\u00edtico que mejore el acceso a la salud, educaci\u00f3n, vivienda, ingresos, nutrici\u00f3n, higiene, empleo y seguridad social.<\/p>\n<p style=\"text-align: justify\">Por \u00faltimo, la diputada integrante del Grupo Parlamentario de Morena reiter\u00f3 que siempre ser\u00e1 una aliada de las personas adultas mayores, y desde la m\u00e1xima tribuna levantar\u00e1 la voz para defender su noble causa y coadyuvar en la mejora de sus condiciones de vida<\/p>\n<p style=\"text-align: justify\"><em>] S\u00edguenos en Facebook.com\/<a href=\"https:\/\/www.facebook.com\/acapulcopress\" target=\"_blank\" rel=\"noopener\">acapulcopress<\/a><\/em><br \/>\n<em>] S\u00edguenos en Facebook.com\/<a href=\"https:\/\/www.facebook.com\/angelblanco.press\" target=\"_blank\" rel=\"noopener\">angelblanco.press<\/a><\/em><\/p>\n","protected":false},"excerpt":{"rendered":"<p>CHILPANCINGO * Agosto 25, 2023. ) Congreso de Guerrero La diputada Jessica Ivette Alejo Rayo hizo un llamado a los tres \u00f3rdenes de gobierno, as\u00ed como a los grupos y representaciones parlamentarias del Congreso, para trazar e impulsar pol\u00edticas p\u00fablicas integrales y acordes a las necesidades biol\u00f3gicas, psicol\u00f3gicas y sociales de los adultos mayores, que&#8230;<\/p>\n","protected":false},"author":2,"featured_media":1256478,"comment_status":"closed","ping_status":"closed","sticky":false,"template":"","format":"standard","meta":{"footnotes":""},"categories":[61,18561],"tags":[6370],"class_list":["post-1256477","post","type-post","status-publish","format-standard","has-post-thumbnail","hentry","category-legislacion","category-society-politics","tag-congreso-de-guerrero"],"_links":{"self":[{"href":"https:\/\/www.acapulcopress.com\/index.php\/wp-json\/wp\/v2\/posts\/1256477","targetHints":{"allow":["GET"]}}],"collection":[{"href":"https:\/\/www.acapulcopress.com\/index.php\/wp-json\/wp\/v2\/posts"}],"about":[{"href":"https:\/\/www.acapulcopress.com\/index.php\/wp-json\/wp\/v2\/types\/post"}],"author":[{"embeddable":true,"href":"https:\/\/www.acapulcopress.com\/index.php\/wp-json\/wp\/v2\/users\/2"}],"replies":[{"embeddable":true,"href":"https:\/\/www.acapulcopress.com\/index.php\/wp-json\/wp\/v2\/comments?post=1256477"}],"version-history":[{"count":0,"href":"https:\/\/www.acapulcopress.com\/index.php\/wp-json\/wp\/v2\/posts\/1256477\/revisions"}],"wp:featuredmedia":[{"embeddable":true,"href":"https:\/\/www.acapulcopress.com\/index.php\/wp-json\/"}],"wp:attachment":[{"href":"https:\/\/www.acapulcopress.com\/index.php\/wp-json\/wp\/v2\/media?parent=1256477"}],"wp:term":[{"taxonomy":"category","embeddable":true,"href":"https:\/\/www.acapulcopress.com\/index.php\/wp-json\/wp\/v2\/categories?post=1256477"},{"taxonomy":"post_tag","embeddable":true,"href":"https:\/\/www.acapulcopress.com\/index.php\/wp-json\/wp\/v2\/tags?post=1256477"}],"curies":[{"name":"wp","href":"https:\/\/api.w.org\/{rel}","templated":true}]}}