{"id":1256481,"date":"2023-08-25T21:20:16","date_gmt":"2023-08-26T03:20:16","guid":{"rendered":"https:\/\/www.acapulcopress.com\/?p=1256481"},"modified":"2023-08-25T21:20:16","modified_gmt":"2023-08-26T03:20:16","slug":"ciudad-de-mexico-podria-quedarse-sin-agua-en-2028-investigadores","status":"publish","type":"post","link":"https:\/\/www.acapulcopress.com\/index.php\/2023\/08\/25\/ciudad-de-mexico-podria-quedarse-sin-agua-en-2028-investigadores\/","title":{"rendered":"Ciudad de M\u00e9xico podr\u00eda quedarse sin agua en 2028 | Investigadores"},"content":{"rendered":"<p style=\"text-align: justify\">CIUDAD DE M\u00c9XICO * Agosto 25, 2023.<br \/>\n<em>) <a href=\"https:\/\/www.proceso.com.mx\/nacional\/cdmx\/2023\/8\/25\/la-cdmx-podria-quedarse-sin-agua-en-2028-preven-investigadores-313597.html\" target=\"_blank\" rel=\"noopener\">Apro<\/a><\/em><\/p>\n<p style=\"text-align: justify\">El \u201cD\u00eda Cero\u201d llegar\u00e1 a la Ciudad de M\u00e9xico en el 2028 si no se cambian las medidas para cuidar el agua, advirtieron investigadores de la Universidad Aut\u00f3noma de Metropolitana (UAM).<\/p>\n<p style=\"text-align: justify\">De acuerdo con el peri\u00f3dico El Financiero, Roberto Constantino Toto, coordinador general de la red de investigaci\u00f3n en agua de la UAM (AgUAM), dijo que, si las medidas para el cuidado del agua no mejoran, el \u201cD\u00eda Cero\u201d podr\u00eda llegar a la capital en 2028 o en 2045: \u201cCualquiera que sea la estimaci\u00f3n es muy preocupante\u201d.<\/p>\n<p style=\"text-align: justify\">En la presentaci\u00f3n del programa de radio \u201cAgua Cero\u201d, el coordinador explic\u00f3 que en los \u00faltimos 450 a\u00f1os no se han cambiado las medidas para gestionar dicho recurso en la CDMX.<\/p>\n<p style=\"text-align: justify\">Adem\u00e1s, calific\u00f3 de \u201cinsuficientes\u201d las acciones para llenar los sistemas de presas y gestionar el agua residual.<\/p>\n<p style=\"text-align: justify\">Delia Montero Contreras, profesora de Econom\u00eda y fundadora de AgUAM, detall\u00f3 que la capital mexicana tiene problemas relacionados con la gesti\u00f3n del recurso h\u00eddrico y la falta de informaci\u00f3n.<\/p>\n<p style=\"text-align: justify\">Tambi\u00e9n agreg\u00f3 que M\u00e9xico ocupa el primer lugar del mundo en el consumo de agua embotellada por habitante, lo cual, dijo, refleja la carencia del recurso, ya que, tan solo en la capital, el 43% de los habitantes no tienen acceso al agua potable.<\/p>\n<p style=\"text-align: justify\">Delia Montero enlist\u00f3 algunas de las causas de dicha problem\u00e1tica:<\/p>\n<p style=\"text-align: justify\"><em>* Fugas.<strong><br \/>\n<\/strong><\/em><br \/>\n<em>* Falta de medidas para reutilizar el agua y para mejorar la captaci\u00f3n pluvial.<\/em><\/p>\n<p style=\"text-align: justify\"><em>* Falta de regulaci\u00f3n sobre las purificadoras o establecimientos que venden agua potabilizada.<\/em><\/p>\n<p style=\"text-align: justify\">Sobre \u00e9stos \u00faltimos, detall\u00f3 que muchos de los establecimientos no cumplen con los est\u00e1ndares de calidad, por lo que quiz\u00e1 el agua que sale del grifo \u201ces de mejor calidad\u201d.<\/p>\n<p style=\"text-align: justify\">Tambi\u00e9n explic\u00f3 que para tener \u201cun futuro mejor\u201d es necesario que la ciudadan\u00eda est\u00e9 informada, se sensibilice y participe en las acciones necesarias para detener las dificultades relativas al cuidado del agua.<\/p>\n<p style=\"text-align: justify\">Los investigadores hicieron un llamado a las autoridades gubernamentales, a la sociedad y a la academia para enfrentar la problem\u00e1tica, sobre la que aseguraron que \u201cpuede cambiar si se trabaja a tiempo\u201d.<\/p>\n<p style=\"text-align: justify\"><em>] S\u00edguenos en Facebook.com\/<a href=\"https:\/\/www.facebook.com\/acapulcopress\" target=\"_blank\" rel=\"noopener\">acapulcopress<\/a><\/em><br \/>\n<em>] S\u00edguenos en Facebook.com\/<a href=\"https:\/\/www.facebook.com\/angelblanco.press\" target=\"_blank\" rel=\"noopener\">angelblanco.press<\/a><\/em><\/p>\n","protected":false},"excerpt":{"rendered":"<p>CIUDAD DE M\u00c9XICO * Agosto 25, 2023. ) Apro El \u201cD\u00eda Cero\u201d llegar\u00e1 a la Ciudad de M\u00e9xico en el 2028 si no se cambian las medidas para cuidar el agua, advirtieron investigadores de la Universidad Aut\u00f3noma de Metropolitana (UAM). De acuerdo con el peri\u00f3dico El Financiero, Roberto Constantino Toto, coordinador general de la red&#8230;<\/p>\n","protected":false},"author":2,"featured_media":1256483,"comment_status":"closed","ping_status":"closed","sticky":false,"template":"","format":"standard","meta":{"footnotes":""},"categories":[1969,1989],"tags":[8075],"class_list":["post-1256481","post","type-post","status-publish","format-standard","has-post-thumbnail","hentry","category-trending","category-noticias-generales","tag-escaces-de-agua"],"_links":{"self":[{"href":"https:\/\/www.acapulcopress.com\/index.php\/wp-json\/wp\/v2\/posts\/1256481","targetHints":{"allow":["GET"]}}],"collection":[{"href":"https:\/\/www.acapulcopress.com\/index.php\/wp-json\/wp\/v2\/posts"}],"about":[{"href":"https:\/\/www.acapulcopress.com\/index.php\/wp-json\/wp\/v2\/types\/post"}],"author":[{"embeddable":true,"href":"https:\/\/www.acapulcopress.com\/index.php\/wp-json\/wp\/v2\/users\/2"}],"replies":[{"embeddable":true,"href":"https:\/\/www.acapulcopress.com\/index.php\/wp-json\/wp\/v2\/comments?post=1256481"}],"version-history":[{"count":0,"href":"https:\/\/www.acapulcopress.com\/index.php\/wp-json\/wp\/v2\/posts\/1256481\/revisions"}],"wp:featuredmedia":[{"embeddable":true,"href":"https:\/\/www.acapulcopress.com\/index.php\/wp-json\/"}],"wp:attachment":[{"href":"https:\/\/www.acapulcopress.com\/index.php\/wp-json\/wp\/v2\/media?parent=1256481"}],"wp:term":[{"taxonomy":"category","embeddable":true,"href":"https:\/\/www.acapulcopress.com\/index.php\/wp-json\/wp\/v2\/categories?post=1256481"},{"taxonomy":"post_tag","embeddable":true,"href":"https:\/\/www.acapulcopress.com\/index.php\/wp-json\/wp\/v2\/tags?post=1256481"}],"curies":[{"name":"wp","href":"https:\/\/api.w.org\/{rel}","templated":true}]}}