{"id":1256499,"date":"2023-08-21T16:57:00","date_gmt":"2023-08-21T22:57:00","guid":{"rendered":"https:\/\/www.acapulcopress.com\/?p=1256499"},"modified":"2023-08-21T16:57:00","modified_gmt":"2023-08-21T22:57:00","slug":"inicio-congreso-encuentros-regionales-de-participacion-ciudadana-con-jovenes","status":"publish","type":"post","link":"https:\/\/www.acapulcopress.com\/index.php\/2023\/08\/21\/inicio-congreso-encuentros-regionales-de-participacion-ciudadana-con-jovenes\/","title":{"rendered":"Inici\u00f3 Congreso encuentros regionales de participaci\u00f3n ciudadana con j\u00f3venes"},"content":{"rendered":"<p style=\"text-align: justify\">CHILPANCINGO * Agosto 21, 2023.<br \/>\n<em>) Congreso de Guerrero<\/em><\/p>\n<p style=\"text-align: justify\">Con la participaci\u00f3n de j\u00f3venes provenientes de la regi\u00f3n Monta\u00f1a, el Congreso del Estado realiz\u00f3 este lunes el primero de ocho Encuentros Regionales de Participaci\u00f3n Ciudadana de <img loading=\"lazy\" decoding=\"async\" class=\"alignleft size-medium wp-image-1256501\" src=\"https:\/\/www.acapulcopress.com\/wp-content\/uploads\/2023\/08\/ENCUENTROS-375x202.jpg\" alt=\"\" width=\"375\" height=\"202\" \/>la Juventud Guerrerense, para seleccionar a quienes integrar\u00e1n el Parlamento Juvenil 2023.<\/p>\n<p style=\"text-align: justify\">Al inaugurar el evento, la diputada Ang\u00e9lica Espinoza Garc\u00eda, presidenta de la Comisi\u00f3n de la Juventud y el Deporte, se\u00f1al\u00f3 que en el Poder Legislativo siempre han procurado que el di\u00e1logo con las y los j\u00f3venes sea abierto, con el inter\u00e9s de conocer sus propuestas e inquietudes para integrar la Ley de Personas J\u00f3venes del Estado de Guerrero.<\/p>\n<p style=\"text-align: justify\">Explic\u00f3 que durante los pr\u00f3ximos ocho d\u00edas se dar\u00e1 oportunidad a j\u00f3venes de las ocho regiones del estado para que participen en las mesas tem\u00e1ticas, de las cuales saldr\u00e1n electos dos hombres y dos mujeres que formar\u00e1n parte del Parlamento Juvenil 2023, a realizarse el pr\u00f3ximo mes de septiembre.<\/p>\n<p style=\"text-align: justify\">La legisladora resalt\u00f3 que para convertir este ejercicio en un espacio seguro y plural, se busca que el pr\u00f3ximo parlamento no solo est\u00e9 integrado de manera paritaria, sino que incorpore a grupos prioritarios, como los de la comunidad LGBTQ+, los pueblos originarios y afromexicanos, y a personas con discapacidad.<\/p>\n<p style=\"text-align: justify\">Espinoza Garc\u00eda pidi\u00f3 a las y los j\u00f3venes tener la certeza de que todas y cada una de sus participaciones ser\u00e1n tomadas en cuenta para integrar un marco jur\u00eddico que favorezca a las juventudes guerrerenses.<\/p>\n<p style=\"text-align: justify\">En su intervenci\u00f3n, la consejera presidenta de la Comisi\u00f3n de Educaci\u00f3n C\u00edvica y Participaci\u00f3n Ciudadana del Instituto Electoral y de Participaci\u00f3n Ciudadana del Estado (IEPC), Vicenta Molina Revueltas, dijo que la participaci\u00f3n de la juventud es importante en la construcci\u00f3n de un pa\u00eds y un Guerrero m\u00e1s inclusivo, justo y pr\u00f3spero.<\/p>\n<p style=\"text-align: justify\">Tambi\u00e9n invito a las y los j\u00f3venes a expresar sus ideas con toda libertad y entusiasmo, as\u00ed como escuchar con respeto y empat\u00eda las posturas de todos y cada uno de sus compa\u00f1eros, de modo que su voz se una en la b\u00fasqueda de acciones tangibles que den soluci\u00f3n a los distintos problemas que los aquejan.<\/p>\n<p style=\"text-align: justify\">En su oportunidad, la secretaria de la Juventud y la Ni\u00f1ez del Gobierno del Estado, Jessica Maldonado Morales, hizo un reconocimiento a las y los j\u00f3venes por participar en este ejercicio y dar a conocer la problem\u00e1tica que enfrentan diariamente, reiter\u00e1ndoles el compromiso de la titular del Ejecutivo estatal de apoyar en todo momento a la juventud para tener un futuro m\u00e1s pr\u00f3spero en Guerrero.<\/p>\n<p style=\"text-align: justify\"><em>] S\u00edguenos en Facebook.com\/<a href=\"https:\/\/www.facebook.com\/acapulcopress\" target=\"_blank\" rel=\"noopener\">acapulcopress<\/a><\/em><br \/>\n<em>] S\u00edguenos en Facebook.com\/<a href=\"https:\/\/www.facebook.com\/angelblanco.press\" target=\"_blank\" rel=\"noopener\">angelblanco.press<\/a><\/em><\/p>\n","protected":false},"excerpt":{"rendered":"<p>CHILPANCINGO * Agosto 21, 2023. ) Congreso de Guerrero Con la participaci\u00f3n de j\u00f3venes provenientes de la regi\u00f3n Monta\u00f1a, el Congreso del Estado realiz\u00f3 este lunes el primero de ocho Encuentros Regionales de Participaci\u00f3n Ciudadana de la Juventud Guerrerense, para seleccionar a quienes integrar\u00e1n el Parlamento Juvenil 2023. Al inaugurar el evento, la diputada Ang\u00e9lica&#8230;<\/p>\n","protected":false},"author":2,"featured_media":1256502,"comment_status":"closed","ping_status":"closed","sticky":false,"template":"","format":"standard","meta":{"footnotes":""},"categories":[61,18561],"tags":[],"class_list":["post-1256499","post","type-post","status-publish","format-standard","has-post-thumbnail","hentry","category-legislacion","category-society-politics"],"_links":{"self":[{"href":"https:\/\/www.acapulcopress.com\/index.php\/wp-json\/wp\/v2\/posts\/1256499","targetHints":{"allow":["GET"]}}],"collection":[{"href":"https:\/\/www.acapulcopress.com\/index.php\/wp-json\/wp\/v2\/posts"}],"about":[{"href":"https:\/\/www.acapulcopress.com\/index.php\/wp-json\/wp\/v2\/types\/post"}],"author":[{"embeddable":true,"href":"https:\/\/www.acapulcopress.com\/index.php\/wp-json\/wp\/v2\/users\/2"}],"replies":[{"embeddable":true,"href":"https:\/\/www.acapulcopress.com\/index.php\/wp-json\/wp\/v2\/comments?post=1256499"}],"version-history":[{"count":0,"href":"https:\/\/www.acapulcopress.com\/index.php\/wp-json\/wp\/v2\/posts\/1256499\/revisions"}],"wp:featuredmedia":[{"embeddable":true,"href":"https:\/\/www.acapulcopress.com\/index.php\/wp-json\/"}],"wp:attachment":[{"href":"https:\/\/www.acapulcopress.com\/index.php\/wp-json\/wp\/v2\/media?parent=1256499"}],"wp:term":[{"taxonomy":"category","embeddable":true,"href":"https:\/\/www.acapulcopress.com\/index.php\/wp-json\/wp\/v2\/categories?post=1256499"},{"taxonomy":"post_tag","embeddable":true,"href":"https:\/\/www.acapulcopress.com\/index.php\/wp-json\/wp\/v2\/tags?post=1256499"}],"curies":[{"name":"wp","href":"https:\/\/api.w.org\/{rel}","templated":true}]}}