{"id":1256507,"date":"2023-08-28T19:36:12","date_gmt":"2023-08-29T01:36:12","guid":{"rendered":"https:\/\/www.acapulcopress.com\/?p=1256507"},"modified":"2023-08-28T19:36:12","modified_gmt":"2023-08-29T01:36:12","slug":"nombraran-cabildos-instituyentes-el-19-de-septiembre","status":"publish","type":"post","link":"https:\/\/www.acapulcopress.com\/index.php\/2023\/08\/28\/nombraran-cabildos-instituyentes-el-19-de-septiembre\/","title":{"rendered":"Nombrar\u00e1n cabildos instituyentes el 19 de septiembre"},"content":{"rendered":"<p style=\"text-align: justify\">CHILPANCINGO * Agosto 28, 2023.<br \/>\n<em>) Congreso de Guerrero<\/em><br \/>\nLa presidenta de la Junta de Coordinaci\u00f3n Pol\u00edtica del Congreso del Estado, diputada <a href=\"https:\/\/www.facebook.com\/YoloczinDominguez\" target=\"_blank\" rel=\"noopener\">Yoloczin Dom\u00ednguez Serna<\/a>, inform\u00f3 que el pr\u00f3ximo 19 de septiembre, en sesi\u00f3n de Pleno, se estar\u00e1 nombrando a las y los integrantes de los ayuntamientos instituyentes de Santa Cruz del Rinc\u00f3n, San Nicol\u00e1s y Las Vigas.<\/p>\n<p style=\"text-align: justify\">La legisladora explic\u00f3 que diputados y diputadas de la Jucopo sostuvieron reuniones de manera separada con los comit\u00e9s gestores de estos nuevos municipios de Guerrero, y se acord\u00f3 que en la fecha citada se propondr\u00e1n al Pleno las planillas de presidente o presidenta, s\u00edndica o s\u00edndico, y regidoras y regidores, todas y todos propuestos en asamblea de cada nueva municipalidad.<\/p>\n<p style=\"text-align: justify\">Agreg\u00f3 que el Congreso del Estado tiene el firme compromiso de actuar con apego a la legalidad, y eso significa que la Jucopo ha sido respetuosa de tomar en cuenta las propuestas de la colectividad.<\/p>\n<p style=\"text-align: justify\">\u201cNo vamos a ser un factor de inestabilidad en los nuevos municipios; por eso se habl\u00f3, se dialog\u00f3 y se lleg\u00f3 al acuerdo de que ellos abonar\u00edan a generar las condiciones necesarias y adecuadas para poder llevar a cabo la designaci\u00f3n de sus autoridades\u201d, abund\u00f3.<\/p>\n<p style=\"text-align: justify\">Manifest\u00f3 que la Jucopo sigue dando seguimiento al tema para lograr que la designaci\u00f3n de estos ayuntamientos instituyentes sea conforme a lo estipulado en la ley, pero siempre ponderando la voluntad del pueblo.<\/p>\n<p style=\"text-align: justify\">Por \u00faltimo, la diputada Dom\u00ednguez Serna lament\u00f3 la muerte de tres promotores de Santa Cruz del Rinc\u00f3n en un accidente automovil\u00edstico, y extern\u00f3 que el Congreso del Estado se solidariza con sus familiares.<\/p>\n<p><em>] S\u00edguenos en Facebook.com\/<a href=\"https:\/\/www.facebook.com\/acapulcopress\" target=\"_blank\" rel=\"noopener\">acapulcopress<\/a><\/em><br \/>\n<em>] S\u00edguenos en Facebook.com\/<a href=\"https:\/\/www.facebook.com\/angelblanco.press\" target=\"_blank\" rel=\"noopener\">angelblanco.press<\/a><\/em><\/p>\n","protected":false},"excerpt":{"rendered":"<p>CHILPANCINGO * Agosto 28, 2023. ) Congreso de Guerrero La presidenta de la Junta de Coordinaci\u00f3n Pol\u00edtica del Congreso del Estado, diputada Yoloczin Dom\u00ednguez Serna, inform\u00f3 que el pr\u00f3ximo 19 de septiembre, en sesi\u00f3n de Pleno, se estar\u00e1 nombrando a las y los integrantes de los ayuntamientos instituyentes de Santa Cruz del Rinc\u00f3n, San Nicol\u00e1s&#8230;<\/p>\n","protected":false},"author":2,"featured_media":1256508,"comment_status":"closed","ping_status":"closed","sticky":false,"template":"","format":"standard","meta":{"footnotes":""},"categories":[61,18561],"tags":[11347,18260],"class_list":["post-1256507","post","type-post","status-publish","format-standard","has-post-thumbnail","hentry","category-legislacion","category-society-politics","tag-junta-de-coordinacion-politica-congreso-guerrero","tag-yoloczin-dominguez-serna"],"_links":{"self":[{"href":"https:\/\/www.acapulcopress.com\/index.php\/wp-json\/wp\/v2\/posts\/1256507","targetHints":{"allow":["GET"]}}],"collection":[{"href":"https:\/\/www.acapulcopress.com\/index.php\/wp-json\/wp\/v2\/posts"}],"about":[{"href":"https:\/\/www.acapulcopress.com\/index.php\/wp-json\/wp\/v2\/types\/post"}],"author":[{"embeddable":true,"href":"https:\/\/www.acapulcopress.com\/index.php\/wp-json\/wp\/v2\/users\/2"}],"replies":[{"embeddable":true,"href":"https:\/\/www.acapulcopress.com\/index.php\/wp-json\/wp\/v2\/comments?post=1256507"}],"version-history":[{"count":0,"href":"https:\/\/www.acapulcopress.com\/index.php\/wp-json\/wp\/v2\/posts\/1256507\/revisions"}],"wp:featuredmedia":[{"embeddable":true,"href":"https:\/\/www.acapulcopress.com\/index.php\/wp-json\/"}],"wp:attachment":[{"href":"https:\/\/www.acapulcopress.com\/index.php\/wp-json\/wp\/v2\/media?parent=1256507"}],"wp:term":[{"taxonomy":"category","embeddable":true,"href":"https:\/\/www.acapulcopress.com\/index.php\/wp-json\/wp\/v2\/categories?post=1256507"},{"taxonomy":"post_tag","embeddable":true,"href":"https:\/\/www.acapulcopress.com\/index.php\/wp-json\/wp\/v2\/tags?post=1256507"}],"curies":[{"name":"wp","href":"https:\/\/api.w.org\/{rel}","templated":true}]}}