{"id":1256513,"date":"2023-08-29T10:00:05","date_gmt":"2023-08-29T16:00:05","guid":{"rendered":"https:\/\/www.acapulcopress.com\/?p=1256513"},"modified":"2023-08-29T10:00:05","modified_gmt":"2023-08-29T16:00:05","slug":"inah-revoca-monumento-de-otilia-hernandez-a-aurora-mesa-en-chilpancingo","status":"publish","type":"post","link":"https:\/\/www.acapulcopress.com\/index.php\/2023\/08\/29\/inah-revoca-monumento-de-otilia-hernandez-a-aurora-mesa-en-chilpancingo\/","title":{"rendered":"INAH revoca monumento de Otilia Hern\u00e1ndez a Aurora Mesa en Chilpancingo"},"content":{"rendered":"<p style=\"text-align: justify\">\u00bb Marcial | Campuzano<br \/>\n<img loading=\"lazy\" decoding=\"async\" class=\"alignleft size-medium wp-image-1256519\" src=\"https:\/\/www.acapulcopress.com\/wp-content\/uploads\/2023\/08\/bano-chilpo-375x500.jpg\" alt=\"\" width=\"375\" height=\"500\" \/>CHILPANCINGO * Agosto 29, 2023.<br \/>\n\u00bb Marcial | Campuzano<br \/>\n) ANASA<br \/>\nEl <a href=\"https:\/\/www.facebook.com\/INAHmx\" target=\"_blank\" rel=\"noopener\">Instituto Nacional de Antropolog\u00eda e Historia<\/a> (INAH) dio un rev\u00e9s a la presidenta municipal de Chilpancingo, <a href=\"https:\/\/www.facebook.com\/NormaOtiliaHernandez\" target=\"_blank\" rel=\"noopener\">Norma Otilia Hern\u00e1ndez Mart\u00ednez<\/a>, al determinar que no procede la colocaci\u00f3n del monumento en honor a la primera presidenta municipal de M\u00e9xico Aurora Mesa Andraca en la plaza central \u201cPrimer Congreso de An\u00e1huac\u201d, porque romper\u00eda con el concepto de monumentos de personajes hist\u00f3ricos que hay en ese espacio, y porque invade superficie del \u00e1rea verde.<\/p>\n<p style=\"text-align: justify\">Por lo anterior, los regidores opositores a la presidenta municipal solicitaron por escrito al secretario de Obras P\u00fablicas Alberto Leyva V\u00e1zquez que derribe el pedestal que a medio construir dej\u00f3 la alcaldesa Norma Otilia Hern\u00e1ndez, y que recomponga el \u00e1rea verde afectada con la advertencia de que si en un plazo fijado no cumple, ahora s\u00ed lo derribar\u00e1n con marros y martillos.<\/p>\n<p style=\"text-align: justify\">Los regidores opositores a Norma Otilia Hern\u00e1ndez, Antonio Guzm\u00e1n Ruiz, Guadalupe <img loading=\"lazy\" decoding=\"async\" class=\"alignleft size-medium wp-image-1256518\" src=\"https:\/\/www.acapulcopress.com\/wp-content\/uploads\/2023\/08\/aurora-mesa-andrda-375x377.jpeg\" alt=\"\" width=\"375\" height=\"377\" \/>Aguilar, Mar\u00eda de los \u00c1ngeles V\u00e1zquez Pastor, In\u00e9s Camarillo y Reynalda Pablo, ofrecieron la tarde de este lunes una conferencia de prensa al pie de los muros que formar\u00edan parte del monumento, en la que reiteraron que el acuerdo de cabildo aprobado por unanimidad, establece que dicho monumento ser\u00eda colocado en el Andador Emiliano Zapata frente al Museo \u201cJos\u00e9 Ju\u00e1rez\u201d de la Universidad Aut\u00f3noma de Guerrero.<\/p>\n<p style=\"text-align: justify\">La delegaci\u00f3n del INAH Guerrero se\u00f1ala en su recomendaci\u00f3n, que el \u00e1rea de Monumentos Hist\u00f3ricos determin\u00f3 que el espacio seleccionado para edificar el monumento en honor a Aurora Mesa, si bien no colinda con un monumento hist\u00f3rico de la Plaza Central Primer Congreso de An\u00e1huac, s\u00ed impactar\u00eda con esculturas y otros elementos urbanos que hay en ese espacio del centro de la ciudad, es decir impactar\u00eda la imagen urbana y patrimonial.<\/p>\n<p style=\"text-align: justify\"><img loading=\"lazy\" decoding=\"async\" class=\"alignleft size-medium wp-image-1256520\" src=\"https:\/\/www.acapulcopress.com\/wp-content\/uploads\/2023\/08\/norma-otilia-hernandez-375x241.png\" alt=\"\" width=\"375\" height=\"241\" \/>Determin\u00f3 que el lugar escogido para colocar el monumento que la alcaldesa desea poner frente a los monumentos de personajes hist\u00f3ricos que hay en el z\u00f3calo, fue inadecuadamente porque corresponde a un \u00e1rea verde junto al p\u00f3rtico del Palacio de la Cultura, lo cual provocar\u00eda una saturaci\u00f3n visual.<\/p>\n<p style=\"text-align: justify\">El INAH observ\u00f3 que la escala, simetr\u00eda y la altura del monumento propuesto, resultan desproporcionados en referencia al inmueble colindante, llegando a la altura media del edificio bloqueando visualmente elementos arquitect\u00f3nicos como columnas, pretiles y ventanas, en detrimento evidente de la imagen arquitect\u00f3nica con el mismo inmueble y con la imagen urbana del contexto.<\/p>\n<p style=\"text-align: justify\">Detall\u00f3 que la Plaza C\u00edvica contempla en su lado norte 4 monumentos de personajes de importancia nacional: Nicol\u00e1s Bravo, Jos\u00e9 Mar\u00eda Morelos y Pav\u00f3n, Vicente Guerrero y Juan \u00c1lvarez, que hacen referencia al periodo hist\u00f3rico de la Independencia de M\u00e9xico, y el colocar un monumento en honor a Aurora Mesa Andraca, no corresponde conceptualmente a dicho periodo hist\u00f3rico, independientemente de su importancia pol\u00edtica, social, y provocar\u00e1 una imagen distorsionada.<\/p>\n<p style=\"text-align: justify\">Por lo anterior, la Delegaci\u00f3n del INAH en Guerrero determin\u00f3 que la propuesta de colocar un monumento de la primera presidenta municipal de M\u00e9xico y de Latino Am\u00e9rica en la plaza C\u00edvica no es viable.<\/p>\n<p style=\"text-align: justify\">Por su parte la regidora Reynalda Pablo denunci\u00f3 que el secretario de Obras P\u00fablicas del ayuntamiento de Chilpancingo cometi\u00f3 infracciones a la ley, al no cumplir con requerimientos para utilizar un espacio del \u00e1rea verde para colocar un monumento, como es el cambio de uso de suelo.<\/p>\n<p style=\"text-align: justify\">Aclar\u00f3 que antes de haber iniciado la construcci\u00f3n del pedestal, el cabildo de Chilpancingo debi\u00f3 haber aprobado el cambio de uso de suelo, lo cual no ocurri\u00f3, por lo que lo emplazaron a que un plazo que sea acordado derribe los muros y cimientos, y recomponga el \u00e1rea verde porque violent\u00f3 todos los procesos, y por eso est\u00e1 obligado a retirar lo construido.<br \/>\nSi el secretario de Obras P\u00fablicas no derriba lo que fue construido en el plazo que sea acordado, la demolici\u00f3n correr\u00eda a cargo de los regidores \u201cporque queremos ser cuidadosos con la ley, y no queremos ser transgresores de la misma\u201d.<\/p>\n<div style=\"width: 848px;\" class=\"wp-video\"><video class=\"wp-video-shortcode\" id=\"video-1256513-1\" width=\"848\" height=\"480\" preload=\"metadata\" controls=\"controls\"><source type=\"video\/mp4\" src=\"https:\/\/www.acapulcopress.com\/wp-content\/uploads\/2023\/08\/INA-VS-OTILIA-HERNANDEZ.mp4?_=1\" \/><a href=\"https:\/\/www.acapulcopress.com\/wp-content\/uploads\/2023\/08\/INA-VS-OTILIA-HERNANDEZ.mp4\">https:\/\/www.acapulcopress.com\/wp-content\/uploads\/2023\/08\/INA-VS-OTILIA-HERNANDEZ.mp4<\/a><\/video><\/div>\n<p style=\"text-align: justify\"><em>] S\u00edguenos en Facebook.com\/<a href=\"https:\/\/www.facebook.com\/acapulcopress\" target=\"_blank\" rel=\"noopener\">acapulcopress<\/a><\/em><br \/>\n<em>] S\u00edguenos en Facebook.com\/<a href=\"https:\/\/www.facebook.com\/angelblanco.press\" target=\"_blank\" rel=\"noopener\">angelblanco.press<\/a><\/em><br \/>\n<em>] S\u00edguenos en ) acapulcopress.com<\/em><\/p>\n","protected":false},"excerpt":{"rendered":"<p>\u00bb Marcial | Campuzano CHILPANCINGO * Agosto 29, 2023. \u00bb Marcial | Campuzano ) ANASA El Instituto Nacional de Antropolog\u00eda e Historia (INAH) dio un rev\u00e9s a la presidenta municipal de Chilpancingo, Norma Otilia Hern\u00e1ndez Mart\u00ednez, al determinar que no procede la colocaci\u00f3n del monumento en honor a la primera presidenta municipal de M\u00e9xico Aurora&#8230;<\/p>\n","protected":false},"author":2,"featured_media":1256516,"comment_status":"closed","ping_status":"closed","sticky":false,"template":"","format":"standard","meta":{"footnotes":""},"categories":[1972,1988,1994],"tags":[4014,9502,10141,10302,12540,13744,15555],"class_list":["post-1256513","post","type-post","status-publish","format-standard","has-post-thumbnail","hentry","category-special","category-lifestyles","category-personalidades","tag-antonio-guzman-ruiz","tag-guadalupe-aguilar","tag-ines-camarillo","tag-instituto-nacional-de-antropologia-e-historia-inah","tag-maria-de-los-angeles-vazquez-pastor","tag-norma-otilia-hernandez-martinez","tag-reynalda-pablo"],"_links":{"self":[{"href":"https:\/\/www.acapulcopress.com\/index.php\/wp-json\/wp\/v2\/posts\/1256513","targetHints":{"allow":["GET"]}}],"collection":[{"href":"https:\/\/www.acapulcopress.com\/index.php\/wp-json\/wp\/v2\/posts"}],"about":[{"href":"https:\/\/www.acapulcopress.com\/index.php\/wp-json\/wp\/v2\/types\/post"}],"author":[{"embeddable":true,"href":"https:\/\/www.acapulcopress.com\/index.php\/wp-json\/wp\/v2\/users\/2"}],"replies":[{"embeddable":true,"href":"https:\/\/www.acapulcopress.com\/index.php\/wp-json\/wp\/v2\/comments?post=1256513"}],"version-history":[{"count":0,"href":"https:\/\/www.acapulcopress.com\/index.php\/wp-json\/wp\/v2\/posts\/1256513\/revisions"}],"wp:featuredmedia":[{"embeddable":true,"href":"https:\/\/www.acapulcopress.com\/index.php\/wp-json\/"}],"wp:attachment":[{"href":"https:\/\/www.acapulcopress.com\/index.php\/wp-json\/wp\/v2\/media?parent=1256513"}],"wp:term":[{"taxonomy":"category","embeddable":true,"href":"https:\/\/www.acapulcopress.com\/index.php\/wp-json\/wp\/v2\/categories?post=1256513"},{"taxonomy":"post_tag","embeddable":true,"href":"https:\/\/www.acapulcopress.com\/index.php\/wp-json\/wp\/v2\/tags?post=1256513"}],"curies":[{"name":"wp","href":"https:\/\/api.w.org\/{rel}","templated":true}]}}