{"id":1256547,"date":"2023-08-29T22:10:46","date_gmt":"2023-08-30T04:10:46","guid":{"rendered":"https:\/\/www.acapulcopress.com\/?p=1256547"},"modified":"2023-08-29T22:10:46","modified_gmt":"2023-08-30T04:10:46","slug":"monumento-de-otilia-patras-patras-patras","status":"publish","type":"post","link":"https:\/\/www.acapulcopress.com\/index.php\/2023\/08\/29\/monumento-de-otilia-patras-patras-patras\/","title":{"rendered":"Monumento de Otilia | Pa\u00b4tras, pa\u00b4tras, pa\u00b4tras\u2026"},"content":{"rendered":"<p style=\"text-align: justify\">Un Rapid\u00edn<br \/>\n\u00bb<strong> \u00c1NGEL<\/strong> | <strong>IRRA CARCEDA<\/strong><br \/>\nangelirracar@hotmail.com<br \/>\n<em>) Facebook \/ <a href=\"https:\/\/www.facebook.com\/angel.irracarceda.7\" target=\"_blank\" rel=\"noopener\">Angel Irra Carceda<\/a><\/em><\/p>\n<p style=\"text-align: justify\">Finalmente recul\u00f3 la alcaldesa morenista de Chilpancingo, <a href=\"https:\/\/www.facebook.com\/NormaOtiliaHernandez\" target=\"_blank\" rel=\"noopener\">Norma Otilia Hern\u00e1ndez Mart\u00ednez<\/a>.<\/p>\n<p style=\"text-align: justify\">Ya no colocar\u00e1 la estatua de Do\u00f1a Aurora Mesa Andraca, quien fuera alcaldesa de Chilpancingo, en una jardinera frontal del Palacio de la Cultura, en la plaza c\u00edvica \u201cPrimer Congreso de An\u00e1huac\u201d de la capital de Guerrero.<\/p>\n<p style=\"text-align: justify\"><img loading=\"lazy\" decoding=\"async\" class=\"alignleft size-medium wp-image-1256518\" src=\"https:\/\/www.acapulcopress.com\/wp-content\/uploads\/2023\/08\/aurora-mesa-andrda-375x377.jpeg\" alt=\"\" width=\"375\" height=\"377\" \/>La estatua en honor a la primera presidenta municipal de M\u00e9xico y Am\u00e9rica Latina, se colocar\u00e1 en el Andador Emiliano Zapata, a la altura del Museo Ju\u00e1rez, \u201cpor recomendaciones de expertos del<a href=\"https:\/\/www.facebook.com\/INAHmx\" target=\"_blank\" rel=\"noopener\"> INAH<\/a>\u201d.<\/p>\n<p style=\"text-align: justify\">De esta manera se cierra el \u00faltimo cap\u00edtulo de la pol\u00e9mica que gener\u00f3 por estar empecinada en colocar esa estatua en la jardinera del Palacio de la Cultura, lo que le vali\u00f3 insistentes y severas cr\u00edticas.<\/p>\n<p style=\"text-align: justify\">As\u00ed, ella misma se benefici\u00f3 porque no har\u00e1 m\u00e1s corajes por este tema. Y por la tarde de este martes acudi\u00f3 con su s\u00e9quito al lugar donde quedar\u00e1 la estatua de Do\u00f1a Aurora Mesa Andraca.<\/p>\n<p style=\"text-align: justify\">Eso s\u00ed, fue con una amplia sonrisa y vestimenta negra bien apantalladora, tipo corsario.<\/p>\n<p style=\"text-align: justify\">\u00bfY por qu\u00e9 no? Tambi\u00e9n se puede re\u00edr cuando se pierde.<\/p>\n<p style=\"text-align: justify\"><em>] S\u00edguenos en Facebook.com\/<a href=\"https:\/\/www.facebook.com\/acapulcopress\" target=\"_blank\" rel=\"noopener\">acapulcopress<\/a><\/em><br \/>\n<em>] S\u00edguenos en Facebook.com\/<a href=\"https:\/\/www.facebook.com\/angelblanco.press\" target=\"_blank\" rel=\"noopener\">angelblanco.press<\/a><\/em><\/p>\n","protected":false},"excerpt":{"rendered":"<p>Un Rapid\u00edn \u00bb \u00c1NGEL | IRRA CARCEDA angelirracar@hotmail.com ) Facebook \/ Angel Irra Carceda Finalmente recul\u00f3 la alcaldesa morenista de Chilpancingo, Norma Otilia Hern\u00e1ndez Mart\u00ednez. Ya no colocar\u00e1 la estatua de Do\u00f1a Aurora Mesa Andraca, quien fuera alcaldesa de Chilpancingo, en una jardinera frontal del Palacio de la Cultura, en la plaza c\u00edvica \u201cPrimer Congreso&#8230;<\/p>\n","protected":false},"author":2,"featured_media":1256548,"comment_status":"closed","ping_status":"closed","sticky":false,"template":"","format":"standard","meta":{"footnotes":""},"categories":[2071,1991],"tags":[3938,13744,17511],"class_list":["post-1256547","post","type-post","status-publish","format-standard","has-post-thumbnail","hentry","category-opinion-analisis-columnas","category-libertad-de-expresion","tag-angel-irra-carceda","tag-norma-otilia-hernandez-martinez","tag-un-rapidin"],"_links":{"self":[{"href":"https:\/\/www.acapulcopress.com\/index.php\/wp-json\/wp\/v2\/posts\/1256547","targetHints":{"allow":["GET"]}}],"collection":[{"href":"https:\/\/www.acapulcopress.com\/index.php\/wp-json\/wp\/v2\/posts"}],"about":[{"href":"https:\/\/www.acapulcopress.com\/index.php\/wp-json\/wp\/v2\/types\/post"}],"author":[{"embeddable":true,"href":"https:\/\/www.acapulcopress.com\/index.php\/wp-json\/wp\/v2\/users\/2"}],"replies":[{"embeddable":true,"href":"https:\/\/www.acapulcopress.com\/index.php\/wp-json\/wp\/v2\/comments?post=1256547"}],"version-history":[{"count":0,"href":"https:\/\/www.acapulcopress.com\/index.php\/wp-json\/wp\/v2\/posts\/1256547\/revisions"}],"wp:featuredmedia":[{"embeddable":true,"href":"https:\/\/www.acapulcopress.com\/index.php\/wp-json\/"}],"wp:attachment":[{"href":"https:\/\/www.acapulcopress.com\/index.php\/wp-json\/wp\/v2\/media?parent=1256547"}],"wp:term":[{"taxonomy":"category","embeddable":true,"href":"https:\/\/www.acapulcopress.com\/index.php\/wp-json\/wp\/v2\/categories?post=1256547"},{"taxonomy":"post_tag","embeddable":true,"href":"https:\/\/www.acapulcopress.com\/index.php\/wp-json\/wp\/v2\/tags?post=1256547"}],"curies":[{"name":"wp","href":"https:\/\/api.w.org\/{rel}","templated":true}]}}