{"id":1256563,"date":"2023-08-30T20:37:29","date_gmt":"2023-08-31T02:37:29","guid":{"rendered":"https:\/\/www.acapulcopress.com\/?p=1256563"},"modified":"2023-08-30T20:37:29","modified_gmt":"2023-08-31T02:37:29","slug":"pri-da-apoya-a-xochitl-como-candidata-unica-del-frente","status":"publish","type":"post","link":"https:\/\/www.acapulcopress.com\/index.php\/2023\/08\/30\/pri-da-apoya-a-xochitl-como-candidata-unica-del-frente\/","title":{"rendered":"PRI apoya a X\u00f3chitl como candidata \u00fanica del Frente"},"content":{"rendered":"<p style=\"text-align: justify\">CIUDAD DE M\u00c9XICO * Agosto 30, 2023.<br \/>\n<em>) <a href=\"https:\/\/www.forbes.com.mx\/pri-da-su-apoyo-a-xochitl-galvez-para-ser-candidata-presidencial-del-frente-amplio\/\" target=\"_blank\" rel=\"noopener\">Forbes M\u00e9xico<\/a><\/em><\/p>\n<p style=\"text-align: justify\">El PRI dio la espalda a <a href=\"https:\/\/www.facebook.com\/BeatrizParedesR\" target=\"_blank\" rel=\"noopener\">Beatriz Paredes<\/a> y anunci\u00f3 su respaldo a la panista <a href=\"https:\/\/www.facebook.com\/Xochitl.Galvez.R\" target=\"_blank\" rel=\"noopener\">X\u00f3chitl G\u00e1lvez<\/a> para ser la candidata presidencial \u201cde unidad\u201d de la alianza con el PAN y PRD en el Frente Amplio por M\u00e9xico.<\/p>\n<p>Desde la sede nacional del PRI, el dirigente nacional del partido, <a href=\"https:\/\/www.facebook.com\/AlejandroMC\" target=\"_blank\" rel=\"noopener\">Alejandro Moreno<\/a>, \u201dAlito\u201d, anunci\u00f3 que el instituto que encabeza decidi\u00f3 respaldar la candidatura \u00fanica de la senadora <img loading=\"lazy\" decoding=\"async\" class=\"alignleft size-medium wp-image-1256568\" src=\"https:\/\/www.acapulcopress.com\/wp-content\/uploads\/2023\/08\/ALITO-375x234.webp\" alt=\"\" width=\"375\" height=\"234\" \/>panista por ser m\u00e1s competitiva en las preferencias electorales.<\/p>\n<p style=\"text-align: justify\">\u201cLa informaci\u00f3n indica una ventaja consolidada por parte de nuestra compa\u00f1era X\u00f3chitl G\u00e1lvez. (\u2026) Por esas razones, los 32 Comit\u00e9s Directivos estatales, 2,450 comit\u00e9s municipales, nuestras organizaciones y sectores nacionales hemos tomado la decisi\u00f3n de respaldar la candidatura en la persona de X\u00f3chitl G\u00e1lvez para encabezar el Frente Amplio por M\u00e9xico\u201d, declar\u00f3.<\/p>\n<p style=\"text-align: justify\">Despu\u00e9s de una reuni\u00f3n por m\u00e1s dos horas con Beatriz Paredes y dirigentes del PAN y el PRI, el presidente priista sali\u00f3 a dar la conferencia en la que no aclar\u00f3 si este fin de semana se realizar\u00e1 o no la consulta ciudadana que se tiene contemplada para definir a la candidata presidencial del Frente Amplio. La propia Paredes tampoco estuvo presente en la rueda de prensa y no ha dicho si declina a favor de X\u00f3chitl G\u00e1lvez.<\/p>\n<p style=\"text-align: justify\">Moreno reconoci\u00f3 a la senadora priista y dijo que si bien es \u201cuna gran compa\u00f1era y es nuestra amiga\u201d, sostuvo cuando hay \u201cventajas consolidadas\u201d, deben ser congruentes e ir en una sola direcci\u00f3n para mantener a la oposici\u00f3n cohesionada y con la alternativa m\u00e1s competitiva; adem\u00e1s, agreg\u00f3 que Beatriz Paredes seguir\u00e1 acompa\u00f1ando las tareas del Frente Amplio por M\u00e9xico.<\/p>\n<p style=\"text-align: justify\">\u201cNos honra que nuestra compa\u00f1era haya llegado hasta esta \u00faltima instancia. Para nosotros Beatriz es un referente de todas las cualidades que idealmente deber\u00eda tener una persona para practicar la pol\u00edtica\u201d, declar\u00f3.<\/p>\n<p style=\"text-align: justify\">Alejandro Moreno tambi\u00e9n agreg\u00f3 que no buscar\u00e1 la presidencia de la C\u00e1mara de Diputados para el \u00faltimo a\u00f1o de la actual Legislatura y que afirm\u00f3 que es \u201ctiempo de las mujeres\u201d; con esto, se posiciona la priista Carolina Viggiano para el cargo.<\/p>\n<p style=\"text-align: justify\">Apenas hace unas horas se dieron a conocer los resultados de las encuestas del comit\u00e9 organizador del proceso interno del Frente Amplio por M\u00e9xico, en las que la panista X\u00f3chitl G\u00e1lvez se coloc\u00f3 como la preferida para la candidatura presidencial.<\/p>\n<p style=\"text-align: justify\">Las encuestas ser\u00edan reveladas hasta el pr\u00f3ximo domingo, junto con el resultado de la consulta prevista para ese d\u00eda, pero los partidos pidieron al comit\u00e9 organizador adelantar la difusi\u00f3n de los resultados. Con esto, queda en el aire la consulta pendiente.<\/p>\n<p style=\"text-align: justify\">Seg\u00fan los datos dados a conocer, X\u00f3chitl G\u00e1lvez tuvo 57.58% de las preferencias electorales en la ponderaci\u00f3n de las dos encuestas realizadas \u2014una telef\u00f3nica y una en vivienda\u2014, mientras que la priista Beatriz Paredes alcanz\u00f3 el 42.42%.<\/p>\n<p style=\"text-align: justify\">En el estudio telef\u00f3nico, realizado por la empresa Wise, X\u00f3chitl G\u00e1lvez obtuvo 59.4% y Paredes, 40.6%. En tanto, en la encuesta en vivienda, levantada por el diario Reforma, la panista registr\u00f3 56.8% de las preferencias y la priista, 43.2%.<\/p>\n<p style=\"text-align: justify\">Seg\u00fan el Frente Amplio, su candidatura presidencial se resolver\u00eda con la encuesta y la consulta, con un peso de 50% cada procedimiento.<\/p>\n<div style=\"width: 848px;\" class=\"wp-video\"><video class=\"wp-video-shortcode\" id=\"video-1256563-1\" width=\"848\" height=\"480\" preload=\"metadata\" controls=\"controls\"><source type=\"video\/mp4\" src=\"https:\/\/www.acapulcopress.com\/wp-content\/uploads\/2023\/08\/PRI-RESPALDA-A-XOCHITL.mp4?_=1\" \/><a href=\"https:\/\/www.acapulcopress.com\/wp-content\/uploads\/2023\/08\/PRI-RESPALDA-A-XOCHITL.mp4\">https:\/\/www.acapulcopress.com\/wp-content\/uploads\/2023\/08\/PRI-RESPALDA-A-XOCHITL.mp4<\/a><\/video><\/div>\n<p style=\"text-align: justify\"><em>] S\u00edguenos en Facebook.com\/<a href=\"https:\/\/www.facebook.com\/acapulcopress\" target=\"_blank\" rel=\"noopener\">acapulcopress<\/a><\/em><br \/>\n<em>] S\u00edguenos en Facebook.com\/<a href=\"https:\/\/www.facebook.com\/angelblanco.press\" target=\"_blank\" rel=\"noopener\">angelblanco.press<\/a><\/em><\/p>\n","protected":false},"excerpt":{"rendered":"<p>CIUDAD DE M\u00c9XICO * Agosto 30, 2023. ) Forbes M\u00e9xico El PRI dio la espalda a Beatriz Paredes y anunci\u00f3 su respaldo a la panista X\u00f3chitl G\u00e1lvez para ser la candidata presidencial \u201cde unidad\u201d de la alianza con el PAN y PRD en el Frente Amplio por M\u00e9xico. Desde la sede nacional del PRI, el&#8230;<\/p>\n","protected":false},"author":2,"featured_media":1256564,"comment_status":"closed","ping_status":"closed","sticky":false,"template":"","format":"standard","meta":{"footnotes":""},"categories":[1997],"tags":[4641,4643,8929,15207,18162],"class_list":["post-1256563","post","type-post","status-publish","format-standard","has-post-thumbnail","hentry","category-noticias-destacadas","tag-beatriz-paredes","tag-beatriz-paredes-rangel","tag-frente-amplio-por-mexico","tag-rafael-alejandro-moreno-cardenas","tag-xochitl-galvez-ruiz"],"_links":{"self":[{"href":"https:\/\/www.acapulcopress.com\/index.php\/wp-json\/wp\/v2\/posts\/1256563","targetHints":{"allow":["GET"]}}],"collection":[{"href":"https:\/\/www.acapulcopress.com\/index.php\/wp-json\/wp\/v2\/posts"}],"about":[{"href":"https:\/\/www.acapulcopress.com\/index.php\/wp-json\/wp\/v2\/types\/post"}],"author":[{"embeddable":true,"href":"https:\/\/www.acapulcopress.com\/index.php\/wp-json\/wp\/v2\/users\/2"}],"replies":[{"embeddable":true,"href":"https:\/\/www.acapulcopress.com\/index.php\/wp-json\/wp\/v2\/comments?post=1256563"}],"version-history":[{"count":0,"href":"https:\/\/www.acapulcopress.com\/index.php\/wp-json\/wp\/v2\/posts\/1256563\/revisions"}],"wp:featuredmedia":[{"embeddable":true,"href":"https:\/\/www.acapulcopress.com\/index.php\/wp-json\/"}],"wp:attachment":[{"href":"https:\/\/www.acapulcopress.com\/index.php\/wp-json\/wp\/v2\/media?parent=1256563"}],"wp:term":[{"taxonomy":"category","embeddable":true,"href":"https:\/\/www.acapulcopress.com\/index.php\/wp-json\/wp\/v2\/categories?post=1256563"},{"taxonomy":"post_tag","embeddable":true,"href":"https:\/\/www.acapulcopress.com\/index.php\/wp-json\/wp\/v2\/tags?post=1256563"}],"curies":[{"name":"wp","href":"https:\/\/api.w.org\/{rel}","templated":true}]}}