{"id":1256586,"date":"2023-08-31T19:00:29","date_gmt":"2023-09-01T01:00:29","guid":{"rendered":"https:\/\/www.acapulcopress.com\/?p=1256586"},"modified":"2023-08-31T19:00:29","modified_gmt":"2023-09-01T01:00:29","slug":"vamos-con-xochitl-por-los-desprecios-que-nos-ha-hecho-la-4t-rogelio-hernandez","status":"publish","type":"post","link":"https:\/\/www.acapulcopress.com\/index.php\/2023\/08\/31\/vamos-con-xochitl-por-los-desprecios-que-nos-ha-hecho-la-4t-rogelio-hernandez\/","title":{"rendered":"Vamos con X\u00f3chitl por los desprecios que nos ha hecho la 4T | Rogelio Hern\u00e1ndez"},"content":{"rendered":"<p style=\"text-align: justify\">ACAPULCO * Agosto 31, 2023.<br \/>\n<em>) Aps<\/em><br \/>\nAl ser entrevistado en el evento de la candidata a la Presidencia de la Rep\u00fablica del Frente Amplio por M\u00e9xico, X\u00f3\u00e7hitil G\u00e1lvez Ruiz, el presidente de la agrupaci\u00f3n de taxistas \u00abNuevo horizonte para Guerrero, Rogelio Hern\u00e1ndez Cruz, revel\u00f3 que su presencia, como algunos otros que en su momento respaldaron al &#8216;corcholato&#8217; presidencial morenista Marcelo Ebrard, se debi\u00f3 a que decidieron ir con <em>X\u00f3chitl<\/em> por los desprecios y desplantes que han <img loading=\"lazy\" decoding=\"async\" class=\"alignleft size-medium wp-image-1256595\" src=\"https:\/\/www.acapulcopress.com\/wp-content\/uploads\/2023\/08\/FNoeBLAqsfmk4MQ-IqLs2K-tbljFipBGp_lJZQYTIDQ_plaintext_638291237135594943-375x281.jpg\" alt=\"\" width=\"375\" height=\"281\" \/>recibido de los gobiernos de la Cuarta Transformaci\u00f3n, en plural.<\/p>\n<p style=\"text-align: justify\">&#8216;El evento pasado de Marcelo que organizamos con el Grupo Alegro en el bulevard Diamante, el jueves 3 de agosto, fue solo para demostrarle a Abelina L\u00f3pez nuestra nuestra capacidad; \u00a1que vean lo que desprecian al no darnos la atenci\u00f3n que merecemos!&#8217;, parafrase\u00f3.<\/p>\n<p style=\"text-align: justify\">El l\u00edder transportista ex militante del PRI y posteriormente del PRD, se declar\u00f3 ahora morenista y dijo que al evento de la panista X\u00f3chitl G\u00e1lvez fueron convocados algunos organizadores del evento realizado en honor a Marcelo Ebrard el pasado 3 de agosto, por invitaci\u00f3n de la presidenta Abelina L\u00f3pez &#8211;\u00abque puso el billete\u00bb&#8211;, detall\u00f3 con una sonrisa maquiav\u00e9lica. Entre los nombres que Hern\u00e1ndez Cruz destac\u00f3 fue el del pri\u00edsta Miguel \u00c1ngel Pi\u00f1a Garibay&#8230; quien finalmente no apareci\u00f3.<\/p>\n<p style=\"text-align: justify\">Tras breves palabras con la prensa, Hern\u00e1ndez Cruz procedi\u00f3 a saludar a algunos personajes presentes, como Jes\u00fas Ortega, uno de los l\u00edderes m\u00e1s representativos del PRD a nivel nacional, entre otros.<\/p>\n<p style=\"text-align: justify\"><em>] S\u00edguenos en Facebook.com\/<a href=\"https:\/\/www.facebook.com\/acapulcopress\" target=\"_blank\" rel=\"noopener\">acapulcopress<\/a><\/em><br \/>\n<em>] S\u00edguenos en Facebook.com\/<a href=\"https:\/\/www.facebook.com\/angelblanco.press\" target=\"_blank\" rel=\"noopener\">angelblanco.press<\/a><\/em><\/p>\n","protected":false},"excerpt":{"rendered":"<p>ACAPULCO * Agosto 31, 2023. ) Aps Al ser entrevistado en el evento de la candidata a la Presidencia de la Rep\u00fablica del Frente Amplio por M\u00e9xico, X\u00f3\u00e7hitil G\u00e1lvez Ruiz, el presidente de la agrupaci\u00f3n de taxistas \u00abNuevo horizonte para Guerrero, Rogelio Hern\u00e1ndez Cruz, revel\u00f3 que su presencia, como algunos otros que en su momento&#8230;<\/p>\n","protected":false},"author":2,"featured_media":1256596,"comment_status":"closed","ping_status":"closed","sticky":false,"template":"","format":"standard","meta":{"footnotes":""},"categories":[1969,1972,1974],"tags":[8929,12447,15753,18160],"class_list":["post-1256586","post","type-post","status-publish","format-standard","has-post-thumbnail","hentry","category-trending","category-special","category-eventos-politicos","tag-frente-amplio-por-mexico","tag-marcelo-ebrard","tag-rogelio-hernandez-cruz","tag-xochitil-galvez-ruiz"],"_links":{"self":[{"href":"https:\/\/www.acapulcopress.com\/index.php\/wp-json\/wp\/v2\/posts\/1256586","targetHints":{"allow":["GET"]}}],"collection":[{"href":"https:\/\/www.acapulcopress.com\/index.php\/wp-json\/wp\/v2\/posts"}],"about":[{"href":"https:\/\/www.acapulcopress.com\/index.php\/wp-json\/wp\/v2\/types\/post"}],"author":[{"embeddable":true,"href":"https:\/\/www.acapulcopress.com\/index.php\/wp-json\/wp\/v2\/users\/2"}],"replies":[{"embeddable":true,"href":"https:\/\/www.acapulcopress.com\/index.php\/wp-json\/wp\/v2\/comments?post=1256586"}],"version-history":[{"count":0,"href":"https:\/\/www.acapulcopress.com\/index.php\/wp-json\/wp\/v2\/posts\/1256586\/revisions"}],"wp:featuredmedia":[{"embeddable":true,"href":"https:\/\/www.acapulcopress.com\/index.php\/wp-json\/"}],"wp:attachment":[{"href":"https:\/\/www.acapulcopress.com\/index.php\/wp-json\/wp\/v2\/media?parent=1256586"}],"wp:term":[{"taxonomy":"category","embeddable":true,"href":"https:\/\/www.acapulcopress.com\/index.php\/wp-json\/wp\/v2\/categories?post=1256586"},{"taxonomy":"post_tag","embeddable":true,"href":"https:\/\/www.acapulcopress.com\/index.php\/wp-json\/wp\/v2\/tags?post=1256586"}],"curies":[{"name":"wp","href":"https:\/\/api.w.org\/{rel}","templated":true}]}}