{"id":1256622,"date":"2023-08-31T21:58:52","date_gmt":"2023-09-01T03:58:52","guid":{"rendered":"https:\/\/www.acapulcopress.com\/?p=1256622"},"modified":"2023-08-31T21:58:52","modified_gmt":"2023-09-01T03:58:52","slug":"proteccion-civil-emite-alerta-de-lluvias-para-los-proximos-dias","status":"publish","type":"post","link":"https:\/\/www.acapulcopress.com\/index.php\/2023\/08\/31\/proteccion-civil-emite-alerta-de-lluvias-para-los-proximos-dias\/","title":{"rendered":"Protecci\u00f3n Civil emite alerta de lluvias para los pr\u00f3ximos d\u00edas"},"content":{"rendered":"<p style=\"text-align: justify\">CHILPANCINGO * Agosto 31, 2023.<br \/>\n<em>) Protecci\u00f3n Civil Guerrero<\/em><br \/>\nLa Secretar\u00eda de Gesti\u00f3n Integral de Riesgos y Protecci\u00f3n Civil, este jueves emiti\u00f3 un aviso preventivo dirigido a las autoridades municipales y poblaci\u00f3n en general, para que se extremen las medidas de precauci\u00f3n necesarias ante el pron\u00f3stico de chubascos y lluvias puntuales muy fuertes durante los pr\u00f3ximos d\u00edas en gran parte del estado.<\/p>\n<p style=\"text-align: justify\">Estas condiciones climatol\u00f3gicas ser\u00e1n generadas por un canal de baja presi\u00f3n, ubicado en el centro y sureste del territorio nacional, por la inestabilidad en niveles altos de la atm\u00f3sfera, as\u00ed como el ingreso de humedad del Oc\u00e9ano Pac\u00edfico y Golfo de M\u00e9xico.<\/p>\n<p style=\"text-align: justify\">Las lluvias pronosticadas del jueves 31 de agosto al s\u00e1bado 02 de septiembre del presente a\u00f1o, podr\u00edan presentarse acompa\u00f1adas de descargas el\u00e9ctricas y fuertes rachas de viento, lo que podr\u00eda incrementar el riesgo de derrumbes, deslaves y posibles inundaciones por desbordamiento de r\u00edos, arroyos y lagunas.<\/p>\n<p style=\"text-align: justify\">Tambi\u00e9n se espera que a partir del domingo 03 y lunes 04 de septiembre, una nueva onda tropical recorra el sureste y sur del territorio nacional, misma que podr\u00eda asociarse con una zona de baja presi\u00f3n, que podr\u00eda desarrollarse al sur de las costas de Chiapas y Oaxaca, incrementando la posibilidad de lluvias puntuales intensas en Guerrero con acumulados de 75 a 150 mil\u00edmetros por metro cuadrado.<\/p>\n<p style=\"text-align: justify\">Por lo anterior, la dependencia estatal recomend\u00f3 a las autoridades municipales, mantenerse atentos de las lluvias pronosticadas, as\u00ed como activas sus protocolos preestablecidos para atender a la poblaci\u00f3n en caso de ser necesario, a fin de salvaguardar el patrimonio y la integridad de la ciudadan\u00eda, principalmente, la ubicada en zonas\u00a0de\u00a0riesgo.<\/p>\n<p style=\"text-align: justify\"><em>] S\u00edguenos en Facebook.com\/<a href=\"https:\/\/www.facebook.com\/acapulcopress\" target=\"_blank\" rel=\"noopener\">acapulcopress<\/a><\/em><br \/>\n<em>] S\u00edguenos en Facebook.com\/<a href=\"https:\/\/www.facebook.com\/angelblanco.press\" target=\"_blank\" rel=\"noopener\">angelblanco.press<\/a><\/em><\/p>\n","protected":false},"excerpt":{"rendered":"<p>CHILPANCINGO * Agosto 31, 2023. ) Protecci\u00f3n Civil Guerrero La Secretar\u00eda de Gesti\u00f3n Integral de Riesgos y Protecci\u00f3n Civil, este jueves emiti\u00f3 un aviso preventivo dirigido a las autoridades municipales y poblaci\u00f3n en general, para que se extremen las medidas de precauci\u00f3n necesarias ante el pron\u00f3stico de chubascos y lluvias puntuales muy fuertes durante los&#8230;<\/p>\n","protected":false},"author":2,"featured_media":1256623,"comment_status":"closed","ping_status":"closed","sticky":false,"template":"","format":"standard","meta":{"footnotes":""},"categories":[2036,1969,1972],"tags":[12030,15099],"class_list":["post-1256622","post","type-post","status-publish","format-standard","has-post-thumbnail","hentry","category-el-clima","category-trending","category-special","tag-lluvias-guerrero","tag-proteccion-civil-guerrero"],"_links":{"self":[{"href":"https:\/\/www.acapulcopress.com\/index.php\/wp-json\/wp\/v2\/posts\/1256622","targetHints":{"allow":["GET"]}}],"collection":[{"href":"https:\/\/www.acapulcopress.com\/index.php\/wp-json\/wp\/v2\/posts"}],"about":[{"href":"https:\/\/www.acapulcopress.com\/index.php\/wp-json\/wp\/v2\/types\/post"}],"author":[{"embeddable":true,"href":"https:\/\/www.acapulcopress.com\/index.php\/wp-json\/wp\/v2\/users\/2"}],"replies":[{"embeddable":true,"href":"https:\/\/www.acapulcopress.com\/index.php\/wp-json\/wp\/v2\/comments?post=1256622"}],"version-history":[{"count":0,"href":"https:\/\/www.acapulcopress.com\/index.php\/wp-json\/wp\/v2\/posts\/1256622\/revisions"}],"wp:featuredmedia":[{"embeddable":true,"href":"https:\/\/www.acapulcopress.com\/index.php\/wp-json\/"}],"wp:attachment":[{"href":"https:\/\/www.acapulcopress.com\/index.php\/wp-json\/wp\/v2\/media?parent=1256622"}],"wp:term":[{"taxonomy":"category","embeddable":true,"href":"https:\/\/www.acapulcopress.com\/index.php\/wp-json\/wp\/v2\/categories?post=1256622"},{"taxonomy":"post_tag","embeddable":true,"href":"https:\/\/www.acapulcopress.com\/index.php\/wp-json\/wp\/v2\/tags?post=1256622"}],"curies":[{"name":"wp","href":"https:\/\/api.w.org\/{rel}","templated":true}]}}