{"id":1256637,"date":"2023-09-01T12:25:59","date_gmt":"2023-09-01T18:25:59","guid":{"rendered":"https:\/\/www.acapulcopress.com\/?p=1256637"},"modified":"2023-09-01T12:25:59","modified_gmt":"2023-09-01T18:25:59","slug":"ebrard-supera-por-3-puntos-a-claudia","status":"publish","type":"post","link":"https:\/\/www.acapulcopress.com\/index.php\/2023\/09\/01\/ebrard-supera-por-3-puntos-a-claudia\/","title":{"rendered":"Ebrard supera por 3 puntos a Claudia"},"content":{"rendered":"<p style=\"text-align: justify\">MASSIVE CALLER * Septiembre 1, 2023.<br \/>\n<em>) Especial<\/em><br \/>\nLa \u00faltima encuesta de Massive Caller realizada el jueves 31 de agosto a los presidenciables de Morena dio ventaja de 3 puntos a <a href=\"https:\/\/www.facebook.com\/MarceloEbrardC\" target=\"_blank\" rel=\"noopener\">Marcelo Ebrard<\/a> sobre <a href=\"https:\/\/www.facebook.com\/ClaudiaSheinbaumPardo\" target=\"_blank\" rel=\"noopener\">Claudia Sheinbaum<\/a>.<\/p>\n<p style=\"text-align: justify\">Seg\u00fan el sondeo hecho desde el 28 de agosto, Ebrard se mantiene arriba de Sheinbaum.<\/p>\n<p style=\"text-align: justify\">La diferencia entre los dos primeros puestos es de 3.0 puntos, que es menor al margen de error del 3.4%, lo que quiere decir que est\u00e1n en empate t\u00e9cnico.<\/p>\n<p style=\"text-align: justify\">Morena comenz\u00f3 esta semana a levantar encuestas mediante las cuales elegir\u00e1n qui\u00e9n ser\u00e1 el Coordinador de Defensa de la 4T, lo que lo convertir\u00e1 en 2024 como candidato a la Presidencia de la Rep\u00fablica. Los resultados los presentar\u00e1 el partido el 6 de septiembre.<\/p>\n<p style=\"text-align: justify\">Mientras tanto, as\u00ed qued\u00f3 la tabla de posiciones de Massive Caller:<\/p>\n<p style=\"text-align: justify\"><strong>Marcelo Ebrard<\/strong> 34.7%.<br \/>\n<strong>Claudia Sheinbaum<\/strong> 31.7%.<br \/>\n<strong>Ad\u00e1n Augusto L\u00f3pez<\/strong> 20.1%.<br \/>\n<strong>Manuel Velasco<\/strong> 6.2%.<br \/>\n<strong>Gerardo Fern\u00e1ndez Noro\u00f1a<\/strong> 5.8%.<br \/>\n<strong>Ricardo Monreal<\/strong> 1.5%.<\/p>\n<p style=\"text-align: justify\"><em>] S\u00edguenos en Facebook.com\/<a href=\"https:\/\/www.facebook.com\/acapulcopress\" target=\"_blank\" rel=\"noopener\">acapulcopress<\/a><\/em><br \/>\n<em>] S\u00edguenos en Facebook.com\/<a href=\"https:\/\/www.facebook.com\/angelblanco.press\" target=\"_blank\" rel=\"noopener\">angelblanco.press<\/a><\/em><\/p>\n","protected":false},"excerpt":{"rendered":"<p>MASSIVE CALLER * Septiembre 1, 2023. ) Especial La \u00faltima encuesta de Massive Caller realizada el jueves 31 de agosto a los presidenciables de Morena dio ventaja de 3 puntos a Marcelo Ebrard sobre Claudia Sheinbaum. Seg\u00fan el sondeo hecho desde el 28 de agosto, Ebrard se mantiene arriba de Sheinbaum. La diferencia entre los&#8230;<\/p>\n","protected":false},"author":2,"featured_media":1256639,"comment_status":"closed","ping_status":"closed","sticky":false,"template":"","format":"standard","meta":{"footnotes":""},"categories":[1969,18565],"tags":[5851,12447,12792],"class_list":["post-1256637","post","type-post","status-publish","format-standard","has-post-thumbnail","hentry","category-trending","category-politicos","tag-claudia-sheinbaum","tag-marcelo-ebrard","tag-massive-caller"],"_links":{"self":[{"href":"https:\/\/www.acapulcopress.com\/index.php\/wp-json\/wp\/v2\/posts\/1256637","targetHints":{"allow":["GET"]}}],"collection":[{"href":"https:\/\/www.acapulcopress.com\/index.php\/wp-json\/wp\/v2\/posts"}],"about":[{"href":"https:\/\/www.acapulcopress.com\/index.php\/wp-json\/wp\/v2\/types\/post"}],"author":[{"embeddable":true,"href":"https:\/\/www.acapulcopress.com\/index.php\/wp-json\/wp\/v2\/users\/2"}],"replies":[{"embeddable":true,"href":"https:\/\/www.acapulcopress.com\/index.php\/wp-json\/wp\/v2\/comments?post=1256637"}],"version-history":[{"count":0,"href":"https:\/\/www.acapulcopress.com\/index.php\/wp-json\/wp\/v2\/posts\/1256637\/revisions"}],"wp:featuredmedia":[{"embeddable":true,"href":"https:\/\/www.acapulcopress.com\/index.php\/wp-json\/"}],"wp:attachment":[{"href":"https:\/\/www.acapulcopress.com\/index.php\/wp-json\/wp\/v2\/media?parent=1256637"}],"wp:term":[{"taxonomy":"category","embeddable":true,"href":"https:\/\/www.acapulcopress.com\/index.php\/wp-json\/wp\/v2\/categories?post=1256637"},{"taxonomy":"post_tag","embeddable":true,"href":"https:\/\/www.acapulcopress.com\/index.php\/wp-json\/wp\/v2\/tags?post=1256637"}],"curies":[{"name":"wp","href":"https:\/\/api.w.org\/{rel}","templated":true}]}}