{"id":1256643,"date":"2023-09-01T19:15:22","date_gmt":"2023-09-02T01:15:22","guid":{"rendered":"https:\/\/www.acapulcopress.com\/?p=1256643"},"modified":"2023-09-01T19:15:22","modified_gmt":"2023-09-02T01:15:22","slug":"es-un-honor-estar-junto-a-obrador-evelyn-salgado","status":"publish","type":"post","link":"https:\/\/www.acapulcopress.com\/index.php\/2023\/09\/01\/es-un-honor-estar-junto-a-obrador-evelyn-salgado\/","title":{"rendered":"\u00ab\u00a1Es un honor estar junto a Obrador!\u00bb | Evelyn Salgado"},"content":{"rendered":"<p style=\"text-align: justify\">CAMPECHE * Septiembre 1, 2023.<br \/>\n<em>) Especial<\/em><br \/>\n<img loading=\"lazy\" decoding=\"async\" class=\"alignleft size-medium wp-image-1256654\" src=\"https:\/\/www.acapulcopress.com\/wp-content\/uploads\/2023\/09\/amlo-v-informe12-375x500.jpg\" alt=\"\" width=\"375\" height=\"500\" \/>La Gobernadora <a href=\"https:\/\/www.facebook.com\/EvelynSalgadoP\" target=\"_blank\" rel=\"noopener\">Evelyn Salgado Pineda<\/a> manifest\u00f3 haber sido un \u00abenorme gusto\u00bb haber \u00abacompa\u00f1ado a nuestro querido Presidente de M\u00e9xico, <a href=\"https:\/\/www.facebook.com\/lopezobrador.org.mx\" target=\"_blank\" rel=\"noopener\">Andr\u00e9s Manuel L\u00f3pez Obrador<\/a>, en su 5\u00ba Informe de Gobierno celebrado en Campeche\u00bb.<\/p>\n<p style=\"text-align: justify\">\u00abEn nuestra lucha compartida por la transformaci\u00f3n de M\u00e9xico, este evento marca un momento hist\u00f3rico para el pa\u00eds, en el que tambi\u00e9n coincidimos con grandes amigos y aliados de Guerrero\u00bb, rese\u00f1\u00f3 la mandataria estatal, quien desde su p\u00e1gina oficial de Facebook felicit\u00f3 p\u00fablicamente al Presidente por su \u00abtrabajo diario, honesto, transparente, para servir al pueblo\u00bb.<\/p>\n<p style=\"text-align: justify\">\u00abFelicidades presidente, es un orgullo caminar de su mano. \u00a1Es un honor estar junto a Obrador!\u00bb, remach\u00f3 la gobernadora guerrerense.<\/p>\n<p style=\"text-align: justify\"><img loading=\"lazy\" decoding=\"async\" class=\"alignnone wp-image-1256653 size-large\" src=\"https:\/\/www.acapulcopress.com\/wp-content\/uploads\/2023\/09\/amlo-v-informe11-840x560.jpg\" alt=\"\" width=\"696\" height=\"464\" \/><\/p>\n<p style=\"text-align: justify\"><img loading=\"lazy\" decoding=\"async\" class=\"alignnone wp-image-1256648 \" src=\"https:\/\/www.acapulcopress.com\/wp-content\/uploads\/2023\/09\/amlo-v-informe5.jpg\" alt=\"\" width=\"696\" height=\"1075\" \/><\/p>\n<p style=\"text-align: justify\"><img loading=\"lazy\" decoding=\"async\" class=\"alignnone wp-image-1256652 size-large\" src=\"https:\/\/www.acapulcopress.com\/wp-content\/uploads\/2023\/09\/amlo-v-informe9-840x630.jpg\" alt=\"\" width=\"696\" height=\"522\" \/><\/p>\n<p style=\"text-align: justify\"><img loading=\"lazy\" decoding=\"async\" class=\"alignnone wp-image-1256647 size-full\" src=\"https:\/\/www.acapulcopress.com\/wp-content\/uploads\/2023\/09\/amlo-v-informe4.jpg\" alt=\"\" width=\"725\" height=\"1280\" \/><\/p>\n<p style=\"text-align: justify\"><img loading=\"lazy\" decoding=\"async\" class=\"alignnone wp-image-1256649 size-large\" src=\"https:\/\/www.acapulcopress.com\/wp-content\/uploads\/2023\/09\/amlo-v-informe6-840x560.jpg\" alt=\"\" width=\"696\" height=\"464\" \/><\/p>\n<p style=\"text-align: justify\"><img loading=\"lazy\" decoding=\"async\" class=\"alignnone wp-image-1256650 size-large\" src=\"https:\/\/www.acapulcopress.com\/wp-content\/uploads\/2023\/09\/amlo-v-informe7-840x1260.jpg\" alt=\"\" width=\"696\" height=\"1044\" \/><\/p>\n<p style=\"text-align: justify\"><img loading=\"lazy\" decoding=\"async\" class=\"alignnone wp-image-1256646 size-large\" src=\"https:\/\/www.acapulcopress.com\/wp-content\/uploads\/2023\/09\/amlo-v-informe3-840x559.jpg\" alt=\"\" width=\"696\" height=\"463\" \/><\/p>\n<p style=\"text-align: justify\"><em>] S\u00edguenos en Facebook.com\/<a href=\"https:\/\/www.facebook.com\/acapulcopress\" target=\"_blank\" rel=\"noopener\">acapulcopress<\/a><\/em><br \/>\n<em>] S\u00edguenos en Facebook.com\/<a href=\"https:\/\/www.facebook.com\/angelblanco.press\" target=\"_blank\" rel=\"noopener\">angelblanco.press<\/a><\/em><\/p>\n","protected":false},"excerpt":{"rendered":"<p>CAMPECHE * Septiembre 1, 2023. ) Especial La Gobernadora Evelyn Salgado Pineda manifest\u00f3 haber sido un \u00abenorme gusto\u00bb haber \u00abacompa\u00f1ado a nuestro querido Presidente de M\u00e9xico, Andr\u00e9s Manuel L\u00f3pez Obrador, en su 5\u00ba Informe de Gobierno celebrado en Campeche\u00bb. \u00abEn nuestra lucha compartida por la transformaci\u00f3n de M\u00e9xico, este evento marca un momento hist\u00f3rico para&#8230;<\/p>\n","protected":false},"author":2,"featured_media":1256652,"comment_status":"closed","ping_status":"closed","sticky":false,"template":"","format":"standard","meta":{"footnotes":""},"categories":[1972,1983,18561],"tags":[3896,8251],"class_list":["post-1256643","post","type-post","status-publish","format-standard","has-post-thumbnail","hentry","category-special","category-guerrerogob","category-society-politics","tag-andres-manuel-lopez-obrador","tag-evelyn-salgado-pineda"],"_links":{"self":[{"href":"https:\/\/www.acapulcopress.com\/index.php\/wp-json\/wp\/v2\/posts\/1256643","targetHints":{"allow":["GET"]}}],"collection":[{"href":"https:\/\/www.acapulcopress.com\/index.php\/wp-json\/wp\/v2\/posts"}],"about":[{"href":"https:\/\/www.acapulcopress.com\/index.php\/wp-json\/wp\/v2\/types\/post"}],"author":[{"embeddable":true,"href":"https:\/\/www.acapulcopress.com\/index.php\/wp-json\/wp\/v2\/users\/2"}],"replies":[{"embeddable":true,"href":"https:\/\/www.acapulcopress.com\/index.php\/wp-json\/wp\/v2\/comments?post=1256643"}],"version-history":[{"count":0,"href":"https:\/\/www.acapulcopress.com\/index.php\/wp-json\/wp\/v2\/posts\/1256643\/revisions"}],"wp:featuredmedia":[{"embeddable":true,"href":"https:\/\/www.acapulcopress.com\/index.php\/wp-json\/"}],"wp:attachment":[{"href":"https:\/\/www.acapulcopress.com\/index.php\/wp-json\/wp\/v2\/media?parent=1256643"}],"wp:term":[{"taxonomy":"category","embeddable":true,"href":"https:\/\/www.acapulcopress.com\/index.php\/wp-json\/wp\/v2\/categories?post=1256643"},{"taxonomy":"post_tag","embeddable":true,"href":"https:\/\/www.acapulcopress.com\/index.php\/wp-json\/wp\/v2\/tags?post=1256643"}],"curies":[{"name":"wp","href":"https:\/\/api.w.org\/{rel}","templated":true}]}}