{"id":1256660,"date":"2023-09-01T20:35:25","date_gmt":"2023-09-02T02:35:25","guid":{"rendered":"https:\/\/www.acapulcopress.com\/?p=1256660"},"modified":"2023-09-01T20:35:25","modified_gmt":"2023-09-02T02:35:25","slug":"uriel-carmona-fiscal-de-morelos-quedo-en-libertad-pero-seguira-bajo-proceso","status":"publish","type":"post","link":"https:\/\/www.acapulcopress.com\/index.php\/2023\/09\/01\/uriel-carmona-fiscal-de-morelos-quedo-en-libertad-pero-seguira-bajo-proceso\/","title":{"rendered":"Uriel Carmona, fiscal de Morelos, qued\u00f3 en libertad pero seguir\u00e1 bajo proceso"},"content":{"rendered":"<p style=\"text-align: justify\">CIUDAD DE M\u00c9XICO * Septiembre 1, 2023.<br \/>\n<em>) <a href=\"https:\/\/www.proceso.com.mx\/nacional\/estados\/2023\/9\/1\/el-fiscal-uriel-carmona-queda-en-libertad-pero-seguira-bajo-proceso-por-caso-ariadna-fernanda-314054.html\" target=\"_blank\" rel=\"noopener\">Apro<\/a><\/em><br \/>\nEl D\u00e9cimo Tribunal Colegiado del Primer Circuito Judicial, con sede en la Ciudad de M\u00e9xico, resolvi\u00f3 dejar en libertad inmediata al fiscal de Morelos, Uriel Carmona G\u00e1ndara, pues consider\u00f3 excesiva la prisi\u00f3n preventiva que le decret\u00f3 un juez de control; sin embargo, el funcionario seguir\u00e1 vinculado a proceso penal por retraso de la justicia en el caso del feminicidio de Ariadna Fernanda.<\/p>\n<p style=\"text-align: justify\">El fiscal fue detenido el pasado 4 de agosto en su domicilio en Cuernavaca por autoridades de la Fiscal\u00eda General de Justicia de la Ciudad de M\u00e9xico, y luego vinculado a proceso; un juez de la capital del pa\u00eds le fij\u00f3 prisi\u00f3n preventiva.<\/p>\n<p style=\"text-align: justify\">Tambi\u00e9n fue establecido un plazo de dos meses para que la fiscal\u00eda concluyera la investigaci\u00f3n complementaria. Sin embargo, el pasado mi\u00e9rcoles 30 de agosto, la fiscal\u00eda pidi\u00f3 al juez ampliar el plazo de dos a cinco meses, lo que fue admitido.<\/p>\n<p style=\"text-align: justify\">La defensa del fiscal present\u00f3 un recurso de queja en el amparo directo, el cual fue admitido el jueves 31 por el Tribunal Colegiado.<\/p>\n<p style=\"text-align: justify\">En sesi\u00f3n extraordinaria, el magistrado Reynaldo Reyes R\u00edos, ponente del recurso, argument\u00f3 que la prisi\u00f3n preventiva justificada hab\u00eda sido excesiva, pues para el caso, debieron considerarse otras medidas cautelares para garantizar el proceso.<\/p>\n<p style=\"text-align: justify\">Dijo que la prisi\u00f3n preventiva da\u00f1aba, adem\u00e1s, los derechos de Carmona G\u00e1ndara. Sostuvo que el juez de control que lo dej\u00f3 en prisi\u00f3n, no tom\u00f3 en cuenta los alegatos de la defensa sobre que el fiscal tiene fuero.<\/p>\n<p style=\"text-align: justify\">Por ello, consider\u00f3 que deber\u00eda liberarse de forma inmediata al funcionario, pero seguir\u00e1 sometido a proceso, por lo que le impuso que cada lunes tenga que ir a firmar y deber\u00e1 comparecer cada que sea requerido por el juez de control.<\/p>\n<p style=\"text-align: justify\">La resoluci\u00f3n que declara en libertad a Uriel Carmona G\u00e1ndara, pero sujeto al proceso por actos para retrasar la justicia en el caso del feminicidio de Ariadna Fernanda, fue aprobada por unanimidad de los tres magistrados del D\u00e9cimo Tribunal Colegiado del Primer Circuito Judicial con sede en la Ciudad de M\u00e9xico, con los votos de los magistrados Reynaldo Reyes, Carlos L\u00f3pez Cruz y la presidenta Elsa \u00c1lvarez.<\/p>\n<p style=\"text-align: justify\"><em>] S\u00edguenos en Facebook.com\/<a href=\"https:\/\/www.facebook.com\/acapulcopress\" target=\"_blank\" rel=\"noopener\">acapulcopress<\/a><\/em><br \/>\n<em>] S\u00edguenos en Facebook.com\/<a href=\"https:\/\/www.facebook.com\/angelblanco.press\" target=\"_blank\" rel=\"noopener\">angelblanco.press<\/a><\/em><\/p>\n","protected":false},"excerpt":{"rendered":"<p>CIUDAD DE M\u00c9XICO * Septiembre 1, 2023. ) Apro El D\u00e9cimo Tribunal Colegiado del Primer Circuito Judicial, con sede en la Ciudad de M\u00e9xico, resolvi\u00f3 dejar en libertad inmediata al fiscal de Morelos, Uriel Carmona G\u00e1ndara, pues consider\u00f3 excesiva la prisi\u00f3n preventiva que le decret\u00f3 un juez de control; sin embargo, el funcionario seguir\u00e1 vinculado&#8230;<\/p>\n","protected":false},"author":2,"featured_media":1256661,"comment_status":"closed","ping_status":"closed","sticky":false,"template":"","format":"standard","meta":{"footnotes":""},"categories":[1969,1972,2005],"tags":[],"class_list":["post-1256660","post","type-post","status-publish","format-standard","has-post-thumbnail","hentry","category-trending","category-special","category-seguridad-y-justicia"],"_links":{"self":[{"href":"https:\/\/www.acapulcopress.com\/index.php\/wp-json\/wp\/v2\/posts\/1256660","targetHints":{"allow":["GET"]}}],"collection":[{"href":"https:\/\/www.acapulcopress.com\/index.php\/wp-json\/wp\/v2\/posts"}],"about":[{"href":"https:\/\/www.acapulcopress.com\/index.php\/wp-json\/wp\/v2\/types\/post"}],"author":[{"embeddable":true,"href":"https:\/\/www.acapulcopress.com\/index.php\/wp-json\/wp\/v2\/users\/2"}],"replies":[{"embeddable":true,"href":"https:\/\/www.acapulcopress.com\/index.php\/wp-json\/wp\/v2\/comments?post=1256660"}],"version-history":[{"count":0,"href":"https:\/\/www.acapulcopress.com\/index.php\/wp-json\/wp\/v2\/posts\/1256660\/revisions"}],"wp:featuredmedia":[{"embeddable":true,"href":"https:\/\/www.acapulcopress.com\/index.php\/wp-json\/"}],"wp:attachment":[{"href":"https:\/\/www.acapulcopress.com\/index.php\/wp-json\/wp\/v2\/media?parent=1256660"}],"wp:term":[{"taxonomy":"category","embeddable":true,"href":"https:\/\/www.acapulcopress.com\/index.php\/wp-json\/wp\/v2\/categories?post=1256660"},{"taxonomy":"post_tag","embeddable":true,"href":"https:\/\/www.acapulcopress.com\/index.php\/wp-json\/wp\/v2\/tags?post=1256660"}],"curies":[{"name":"wp","href":"https:\/\/api.w.org\/{rel}","templated":true}]}}