{"id":1256695,"date":"2023-09-04T19:01:57","date_gmt":"2023-09-05T01:01:57","guid":{"rendered":"https:\/\/www.acapulcopress.com\/?p=1256695"},"modified":"2023-09-04T19:01:57","modified_gmt":"2023-09-05T01:01:57","slug":"mc-derrotara-a-la-vieja-politica-samuel-garcia","status":"publish","type":"post","link":"https:\/\/www.acapulcopress.com\/index.php\/2023\/09\/04\/mc-derrotara-a-la-vieja-politica-samuel-garcia\/","title":{"rendered":"MC derrotar\u00e1 a la vieja pol\u00edtica | Samuel Garc\u00eda"},"content":{"rendered":"<p style=\"text-align: justify\">CIUDAD DE M\u00c9XICO * Septiembre 4, 2023.<br \/>\n<em>) <a href=\"https:\/\/www.reporteindigo.com\/reporte\/asegura-samuel-garcia-que-mc-es-la-segunda-fuerza-politica-de-mexico\/\" target=\"_blank\" rel=\"noopener\">Reporte \u00cdndigo<\/a> | <a href=\"https:\/\/aristeguinoticias.com\/0707\/mexico\/con-el-prian-ni-a-la-esquina-son-nuestros-enemigos-samuel-garcia\/\" target=\"_blank\" rel=\"noopener\">Aristegui Noticias<\/a><\/em><\/p>\n<p style=\"text-align: justify\">Al afirmar que las encuestas y careos as\u00ed lo demuestran, el gobernador de Nuevo Le\u00f3n, Samuel Alejandro Garc\u00eda Sep\u00falveda, asegur\u00f3 que Movimiento Ciudadano ya es la segunda fuerza pol\u00edtica de M\u00e9xico, teniendo \u2018todo a favor\u2019 para derrotar a la \u2018vieja pol\u00edtica\u2019 en los comicios del pr\u00f3ximo a\u00f1o.<\/p>\n<p style=\"text-align: justify\">Desde el Consejo Nacional y Asamblea Ciudadana del partido naranja, Garc\u00eda afirm\u00f3 que las fuerzas emecistas deben \u2018ponerse las pilas\u2019 y aprovechar el momento; al mismo tiempo, insisti\u00f3 en que el pa\u00eds debe conocer la relevancia alcanzada por Movimiento Ciudadano.<\/p>\n<p style=\"text-align: justify\">\u201cYo soy de la idea de que demos a conocer que somos la segunda fuerza de M\u00e9xico; que se sepa que, sin importar el nombre, en todos los careos estamos arriba del PRIAN, y eso lo tiene que saber M\u00e9xico, se tiene que saber y publicar\u201d, afirm\u00f3 el mandatario neolon\u00e9s.<\/p>\n<p style=\"text-align: justify\"><strong>\u2018Trabajo mata grilla\u2019<\/strong><\/p>\n<p style=\"text-align: justify\">Tal y como ha sido su narrativa en las \u00faltimas semanas, Garc\u00eda aprovech\u00f3 la tribuna para criticar tanto a la alianza conformada por PRI, PAN y PRD como a Morena, asegurando que est\u00e1n distra\u00eddos por la \u2018grilla\u2019 de los comicios presidenciales del pr\u00f3ximo a\u00f1o y dejaron de prestar atenci\u00f3n a los problemas de la ciudadan\u00eda.<\/p>\n<p style=\"text-align: justify\">Por tanto, urgi\u00f3 a los emecistas presentes a seguir \u2018poniendo el ejemplo\u2019 y a no adelantarse para seguir cumpliendo con la ley electoral, misma que castiga los actos anticipados de campa\u00f1a.<\/p>\n<p style=\"text-align: justify\">\u201cTenemos que ponernos las pilas y salir a trabajar, porque trabajo mata grilla; hoy estamos poniendo el ejemplo de c\u00f3mo se deben hacer las cosas (\u2026) Nos toca ponernos a jalar, seguir haciendo buenos gobierno y dar resultados; nosotros no vamos a violar la ley ni a despilfarrar dinero en campa\u00f1as, y a\u00fan as\u00ed, en el 2024 les vamos a dar una lecci\u00f3n\u201c, advirti\u00f3 el gobernador de Nuevo Le\u00f3n.<\/p>\n<p style=\"text-align: justify\">Con las elecciones en puerta, y a pesar de ser se\u00f1alado como posible candidato de Movimiento Ciudadano a la presidencia, Garc\u00eda ha reiterado que no \u2018piensa distraerse\u2019 y mucho menos sumarse al Frente Amplio por M\u00e9xico para compartir plataforma con el PRI y el PAN, a quienes calific\u00f3 como \u2018sus m\u00e1s grandes enemigos\u2018.<\/p>\n<p style=\"text-align: justify\"><strong>CON EL PRIAN, NI A LA ESQUINA<\/strong><\/p>\n<p style=\"text-align: justify\">El gobernador de Nuevo Le\u00f3n, Samuel Garc\u00eda, rechaz\u00f3 tajantemente que su partido -Movimiento Ciudadano- se sume al Frente Amplio de la oposici\u00f3n para 2024, \u201cni a la esquina con el PRIAN\u201d.<\/p>\n<p style=\"text-align: justify\">\u201cQue me pregunten a m\u00ed Samuel Garc\u00eda que qu\u00e9 opino de ir con el PRIAN: ni a la esquina, subrayado, en bold y en it\u00e1licas.<\/p>\n<p style=\"text-align: justify\">\u201cNo hay manera de que convivamos con esa vieja pol\u00edtica que le ha hecho un da\u00f1o terrible a Nuevo Le\u00f3n y al pa\u00eds, al menos yo Samuel, no hay manera\u201d.<\/p>\n<p style=\"text-align: justify\"><strong>Son nuestros enemigos<\/strong><\/p>\n<p style=\"text-align: justify\">Garc\u00eda Sep\u00falveda asever\u00f3 que el PRI y el PAN son sus enemigos.<\/p>\n<p style=\"text-align: justify\">\u201cYo no s\u00e9 a qui\u00e9n se le ocurre ir con el PRI y con el PAN, son nuestros enemigos, vean aqu\u00ed en Nuevo Le\u00f3n c\u00f3mo todos los d\u00edas est\u00e1n jodiendo.<\/p>\n<p style=\"text-align: justify\">\u201cNo hay un d\u00eda que le marquen a mis secretarios a decirles: \u00bfen qu\u00e9 ayudo?, \u00bfc\u00f3mo le hacemos para hacer una ley que genere m\u00e1s inversi\u00f3n? No hay un d\u00eda, uno, que esos partidos no se dediquen a joder y a corromper, porque est\u00e1n podridos, llenos de factureras, de transas, de robos\u201c.<\/p>\n<p style=\"text-align: justify\"><strong>MC apoyar\u00eda a X\u00f3chitl, afirma Casta\u00f1eda; Dante dice que no<\/strong><\/p>\n<p style=\"text-align: justify\">Estas declaraciones se dan luego que este jueves el senador de MC, Clemente Casta\u00f1eda, dijo que si la panista X\u00f3chitl G\u00e1lvez es la candidata presidencial del PRI, PAN, PRD podr\u00edan apoyarla.<\/p>\n<p style=\"text-align: justify\">Casta\u00f1eda dijo que la candidatura de la panista representar\u00eda una alternativa importante, \u201cla cual Movimiento Ciudadano tendr\u00eda que discutir en otros t\u00e9rminos\u201d.<\/p>\n<p style=\"text-align: justify\">Esa postura contrasta con la postura del l\u00edder de ese partido, Dante Delgado, quien tambi\u00e9n ha dicho que no ir\u00e1n ni a la esquina con la alianza opositora.<\/p>\n<p style=\"text-align: justify\">\u201cEn Movimiento Ciudadano siempre hemos estado abiertos al debate. Lo que est\u00e1 fuera de toda discusi\u00f3n es que con el PRI ni a la esquina. Y con el TITANIC de la Alianza tampoco\u201d.<\/p>\n<div style=\"width: 1160px;\" class=\"wp-video\"><video class=\"wp-video-shortcode\" id=\"video-1256695-1\" width=\"1160\" height=\"653\" preload=\"metadata\" controls=\"controls\"><source type=\"video\/mp4\" src=\"https:\/\/www.acapulcopress.com\/wp-content\/uploads\/2023\/09\/SAMUEL-GARCIA-MC.mp4?_=1\" \/><a href=\"https:\/\/www.acapulcopress.com\/wp-content\/uploads\/2023\/09\/SAMUEL-GARCIA-MC.mp4\">https:\/\/www.acapulcopress.com\/wp-content\/uploads\/2023\/09\/SAMUEL-GARCIA-MC.mp4<\/a><\/video><\/div>\n<p style=\"text-align: justify\"><em>] S\u00edguenos en Facebook.com\/<a href=\"https:\/\/www.facebook.com\/acapulcopress\" target=\"_blank\" rel=\"noopener\">acapulcopress<\/a><\/em><br \/>\n<em>] S\u00edguenos en Facebook.com\/<a href=\"https:\/\/www.facebook.com\/angelblanco.press\" target=\"_blank\" rel=\"noopener\">angelblanco.press<\/a><\/em><\/p>\n","protected":false},"excerpt":{"rendered":"<p>CIUDAD DE M\u00c9XICO * Septiembre 4, 2023. ) Reporte \u00cdndigo | Aristegui Noticias Al afirmar que las encuestas y careos as\u00ed lo demuestran, el gobernador de Nuevo Le\u00f3n, Samuel Alejandro Garc\u00eda Sep\u00falveda, asegur\u00f3 que Movimiento Ciudadano ya es la segunda fuerza pol\u00edtica de M\u00e9xico, teniendo \u2018todo a favor\u2019 para derrotar a la \u2018vieja pol\u00edtica\u2019 en&#8230;<\/p>\n","protected":false},"author":2,"featured_media":1256700,"comment_status":"closed","ping_status":"closed","sticky":false,"template":"","format":"standard","meta":{"footnotes":""},"categories":[1997],"tags":[4718,6944,8929,13334],"class_list":["post-1256695","post","type-post","status-publish","format-standard","has-post-thumbnail","hentry","category-noticias-destacadas","tag-bertha-xochitl-galvez-ruiz","tag-dante-delgado-rannauro","tag-frente-amplio-por-mexico","tag-movimiento-ciudadano-mc"],"_links":{"self":[{"href":"https:\/\/www.acapulcopress.com\/index.php\/wp-json\/wp\/v2\/posts\/1256695","targetHints":{"allow":["GET"]}}],"collection":[{"href":"https:\/\/www.acapulcopress.com\/index.php\/wp-json\/wp\/v2\/posts"}],"about":[{"href":"https:\/\/www.acapulcopress.com\/index.php\/wp-json\/wp\/v2\/types\/post"}],"author":[{"embeddable":true,"href":"https:\/\/www.acapulcopress.com\/index.php\/wp-json\/wp\/v2\/users\/2"}],"replies":[{"embeddable":true,"href":"https:\/\/www.acapulcopress.com\/index.php\/wp-json\/wp\/v2\/comments?post=1256695"}],"version-history":[{"count":0,"href":"https:\/\/www.acapulcopress.com\/index.php\/wp-json\/wp\/v2\/posts\/1256695\/revisions"}],"wp:featuredmedia":[{"embeddable":true,"href":"https:\/\/www.acapulcopress.com\/index.php\/wp-json\/"}],"wp:attachment":[{"href":"https:\/\/www.acapulcopress.com\/index.php\/wp-json\/wp\/v2\/media?parent=1256695"}],"wp:term":[{"taxonomy":"category","embeddable":true,"href":"https:\/\/www.acapulcopress.com\/index.php\/wp-json\/wp\/v2\/categories?post=1256695"},{"taxonomy":"post_tag","embeddable":true,"href":"https:\/\/www.acapulcopress.com\/index.php\/wp-json\/wp\/v2\/tags?post=1256695"}],"curies":[{"name":"wp","href":"https:\/\/api.w.org\/{rel}","templated":true}]}}