{"id":1256707,"date":"2023-09-04T19:31:15","date_gmt":"2023-09-05T01:31:15","guid":{"rendered":"https:\/\/www.acapulcopress.com\/?p=1256707"},"modified":"2023-09-04T19:31:15","modified_gmt":"2023-09-05T01:31:15","slug":"gobernador-de-nuevo-leon-se-contagia-de-dantitis-dr","status":"publish","type":"post","link":"https:\/\/www.acapulcopress.com\/index.php\/2023\/09\/04\/gobernador-de-nuevo-leon-se-contagia-de-dantitis-dr\/","title":{"rendered":"Gobernador de Nuevo Le\u00f3n se contagi\u00f3 de &#8216;Dantitis-DR&#8217;"},"content":{"rendered":"<div class=\"xdj266r x11i5rnm xat24cr x1mh8g0r x1vvkbs x126k92a\">\n<div dir=\"auto\" style=\"text-align: justify\"><em>* Con el PRIAN ni a la esquina, MC (que gobierna solo dos estados desde su fundaci\u00f3n como partido) \u00abes la segunda fuerza pol\u00edtica de M\u00e9xico\u00bb, asegura Samuel Garc\u00eda<\/em><\/div>\n<\/div>\n<div class=\"x11i5rnm xat24cr x1mh8g0r x1vvkbs xtlvy1s x126k92a\" style=\"text-align: justify\">\n<div dir=\"auto\">\n<p><strong><em>* \u00abMC es la \u00fanica fuerza pol\u00edtica que puede realmente competir con Morena\u00bb en 2024: Dante Delgado<\/em><\/strong><\/p>\n<p>) El <a class=\"x1i10hfl xjbqb8w x6umtig x1b1mbwd xaqea5y xav7gou x9f619 x1ypdohk xt0psk2 xe8uvvx xdj266r x11i5rnm xat24cr x1mh8g0r xexx8yu x4uap5 x18d9i69 xkhd6sd x16tdsg8 x1hl2dhg xggy1nq x1a2a7pz xt0b8zv x1qq9wsj xo1l8bm\" role=\"link\" href=\"https:\/\/www.facebook.com\/brujochiripero?__cft__[0]=AZUrMiCd9qmRam5OlpxvlkgkkS8P0UyQhB67t9PGwMZ-f7Hu9RkM2oYm6co8W5q10ZBqk8MN9Ne5Drplr6WDPPwzOtXeX0V7ewUjJoH6DaaNKSHUB6nOjUTvOy-JizRH6L9a7zxlKrpPXRJnU9S3ELlI&amp;__tn__=-]K-R\" target=\"_blank\" rel=\"noopener\"><span class=\"xt0psk2\">Brujo Chiripero<\/span><\/a><br \/>\n<em>Acapulco Press<\/em><\/p>\n<\/div>\n<\/div>\n<div class=\"x11i5rnm xat24cr x1mh8g0r x1vvkbs xtlvy1s x126k92a\" style=\"text-align: justify\">\n<div dir=\"auto\">\n<p style=\"text-align: justify\">El Gobernador &#8216;naranja&#8217; de Nuevo Le\u00f3n, <a href=\"https:\/\/www.facebook.com\/SAMUELGARCIASEPULVEDA\" target=\"_blank\" rel=\"noopener\">Samuel Alejandro Garc\u00eda Sep\u00falveda<\/a>, dio positivo hoy a contagio de &#8216;Dantitis-DR&#8217;, una variante del virus \u00abAmlopus Obradoris\u00bb, el cual han padecido m\u00e1s de 30 millones de mexicanos desde el 1 de diciembre del 2018. Seg\u00fan los expertos, este virus ataca letalmente las neuronas del cerebro, convirtiendo a quienes se infectan en &#8216;chairos&#8217; automatizados y &#8216;amlover&#8217; pasivos, entre cuyos s\u00edntomas destacan la <img loading=\"lazy\" decoding=\"async\" class=\"alignleft size-medium wp-image-1256697\" src=\"https:\/\/www.acapulcopress.com\/wp-content\/uploads\/2023\/09\/dantitis-dr-375x221.png\" alt=\"\" width=\"375\" height=\"221\" \/>demencia, el fanatismo y esquirolismo delirantes, causado por una reverencia insana e idolatr\u00eda insana irracional hacia un mes\u00edas creado solo en mentes febriles infectadas, a cambio de canonj\u00edas pol\u00edticas, d\u00e1divas o simple reverencia ciega.<\/p>\n<\/div>\n<\/div>\n<div class=\"x11i5rnm xat24cr x1mh8g0r x1vvkbs xtlvy1s x126k92a\" style=\"text-align: justify\">\n<div dir=\"auto\">\n<p>La variante &#8216;Dantitis-DR&#8217; es conocida as\u00ed por el principal propagador del virus \u00abDante Delgado Rannauro\u00bb, l\u00edder nacional de <a class=\"x1i10hfl xjbqb8w x6umtig x1b1mbwd xaqea5y xav7gou x9f619 x1ypdohk xt0psk2 xe8uvvx xdj266r x11i5rnm xat24cr x1mh8g0r xexx8yu x4uap5 x18d9i69 xkhd6sd x16tdsg8 x1hl2dhg xggy1nq x1a2a7pz xt0b8zv x1qq9wsj xo1l8bm\" role=\"link\" href=\"https:\/\/www.facebook.com\/MovCiudadanoMX?__cft__[0]=AZUrMiCd9qmRam5OlpxvlkgkkS8P0UyQhB67t9PGwMZ-f7Hu9RkM2oYm6co8W5q10ZBqk8MN9Ne5Drplr6WDPPwzOtXeX0V7ewUjJoH6DaaNKSHUB6nOjUTvOy-JizRH6L9a7zxlKrpPXRJnU9S3ELlI&amp;__tn__=-]K-R\" target=\"_blank\" rel=\"noopener\"><span class=\"xt0psk2\">Miovimiento Ciudadano<\/span><\/a> (MC), quien recrudeci\u00f3 los efectos del &#8216;Amlopus Obradoris&#8217; con el surgimiento del Frente Amplio por M\u00e9xico, que deposit\u00f3 en <a class=\"x1i10hfl xjbqb8w x6umtig x1b1mbwd xaqea5y xav7gou x9f619 x1ypdohk xt0psk2 xe8uvvx xdj266r x11i5rnm xat24cr x1mh8g0r xexx8yu x4uap5 x18d9i69 xkhd6sd x16tdsg8 x1hl2dhg xggy1nq x1a2a7pz xt0b8zv x1qq9wsj xo1l8bm\" role=\"link\" href=\"https:\/\/www.facebook.com\/Xochitl.Galvez.R?__cft__[0]=AZUrMiCd9qmRam5OlpxvlkgkkS8P0UyQhB67t9PGwMZ-f7Hu9RkM2oYm6co8W5q10ZBqk8MN9Ne5Drplr6WDPPwzOtXeX0V7ewUjJoH6DaaNKSHUB6nOjUTvOy-JizRH6L9a7zxlKrpPXRJnU9S3ELlI&amp;__tn__=-]K-R\" target=\"_blank\" rel=\"noopener\"><span class=\"xt0psk2\">X\u00f3chitl G\u00e1lvez Ruiz<\/span><\/a> la confianza y responsabilidad de enfrentar este mal y combatirlo hasta exterminarlo.<\/p>\n<\/div>\n<\/div>\n<div class=\"x11i5rnm xat24cr x1mh8g0r x1vvkbs xtlvy1s x126k92a\" style=\"text-align: justify\">\n<div dir=\"auto\">\n<p>En su fase tres de letalidad, que conjuga demencia, senilidad y esquirolismo ultra, el l\u00edder nacional de MC, <a class=\"x1i10hfl xjbqb8w x6umtig x1b1mbwd xaqea5y xav7gou x9f619 x1ypdohk xt0psk2 xe8uvvx xdj266r x11i5rnm xat24cr x1mh8g0r xexx8yu x4uap5 x18d9i69 xkhd6sd x16tdsg8 x1hl2dhg xggy1nq x1a2a7pz xt0b8zv x1qq9wsj xo1l8bm\" role=\"link\" href=\"https:\/\/www.facebook.com\/DanteDelgadoR?__cft__[0]=AZUrMiCd9qmRam5OlpxvlkgkkS8P0UyQhB67t9PGwMZ-f7Hu9RkM2oYm6co8W5q10ZBqk8MN9Ne5Drplr6WDPPwzOtXeX0V7ewUjJoH6DaaNKSHUB6nOjUTvOy-JizRH6L9a7zxlKrpPXRJnU9S3ELlI&amp;__tn__=-]K-R\" target=\"_blank\" rel=\"noopener\"><span class=\"xt0psk2\">Dante Delgado<\/span><\/a>, lleg\u00f3 a decir que, con apenas dos estados gobernados, su partido es \u00abel \u00fanico que puede darle real competencia a Morena en 2024 y arrebatarle la presencia\u00bb de M\u00e9xico.<\/p>\n<\/div>\n<\/div>\n<div class=\"x11i5rnm xat24cr x1mh8g0r x1vvkbs xtlvy1s x126k92a\" style=\"text-align: justify\">\n<div dir=\"auto\">\n<p>Este d\u00eda, Samuel Garc\u00eda, tambi\u00e9n fue diagnosticado con la fase tres del la variante &#8216;Dantitis-RD&#8217; del virus \u00abAmlopus Obradoris\u00bb (bautizado as\u00ed en honor a su primer portador, <a href=\"https:\/\/www.facebook.com\/lopezobrador.org.mx\" target=\"_blank\" rel=\"noopener\">Andr\u00e9s Manuel L\u00f3pez Obrador<\/a>) al asegurar que su partido, el partido de Dante Delgado, es hoy por hoy \u00abla segunda fuerza pol\u00edtica de M\u00e9xico\u00bb, por lo que pidi\u00f3 propagar ese rumor en todo el pa\u00eds, para \u00abque se sepa que, sin importar el nombre, en todos los careos estamos arriba del PRIAN, y eso lo tiene que saber M\u00e9xico, se tiene que saber y publicar\u201d.<\/p>\n<\/div>\n<\/div>\n<div class=\"x11i5rnm xat24cr x1mh8g0r x1vvkbs xtlvy1s x126k92a\">\n<div dir=\"auto\" style=\"text-align: justify\">\n<p>Afortunadamente, millones de mexicanos han recibido la noticia de parte de expertos que trabajan arduamente en el Frente Amplio por M\u00e9xico que el FAM han hallado la posible cura para este letal virus bautizado como \u00abAmlopus Obradoris\u00bb y su variante \u00abDantitis-DR&#8217;, cuyo antivirus corre por la sangre de X\u00f3chitl G\u00e1lvez, y conf\u00edan que en 2024 la vacuna est\u00e9 lista para ser aplicada en todo el pa\u00eds.<\/p>\n<p><em>] S\u00edguenos en Facebook.com\/<a href=\"https:\/\/www.facebook.com\/acapulcopress\" target=\"_blank\" rel=\"noopener\">acapulcopress<\/a><\/em><br \/>\n<em>] S\u00edguenos en Facebook.com\/<a href=\"https:\/\/www.facebook.com\/angelblanco.press\" target=\"_blank\" rel=\"noopener\">angelblanco.press<\/a><\/em><\/p>\n<\/div>\n<\/div>\n","protected":false},"excerpt":{"rendered":"<p>* Con el PRIAN ni a la esquina, MC (que gobierna solo dos estados desde su fundaci\u00f3n como partido) \u00abes la segunda fuerza pol\u00edtica de M\u00e9xico\u00bb, asegura Samuel Garc\u00eda * \u00abMC es la \u00fanica fuerza pol\u00edtica que puede realmente competir con Morena\u00bb en 2024: Dante Delgado ) El Brujo Chiripero Acapulco Press El Gobernador &#8216;naranja&#8217;&#8230;<\/p>\n","protected":false},"author":2,"featured_media":1256697,"comment_status":"closed","ping_status":"closed","sticky":false,"template":"","format":"standard","meta":{"footnotes":""},"categories":[1972,2069,2008],"tags":[3817,3896,6944,6947,8929,13190,18162],"class_list":["post-1256707","post","type-post","status-publish","format-standard","has-post-thumbnail","hentry","category-special","category-a-contraluz","category-editorial","tag-amlopus-obradoris","tag-andres-manuel-lopez-obrador","tag-dante-delgado-rannauro","tag-dantitis-dr","tag-frente-amplio-por-mexico","tag-miovimiento-ciudadano-mc","tag-xochitl-galvez-ruiz"],"_links":{"self":[{"href":"https:\/\/www.acapulcopress.com\/index.php\/wp-json\/wp\/v2\/posts\/1256707","targetHints":{"allow":["GET"]}}],"collection":[{"href":"https:\/\/www.acapulcopress.com\/index.php\/wp-json\/wp\/v2\/posts"}],"about":[{"href":"https:\/\/www.acapulcopress.com\/index.php\/wp-json\/wp\/v2\/types\/post"}],"author":[{"embeddable":true,"href":"https:\/\/www.acapulcopress.com\/index.php\/wp-json\/wp\/v2\/users\/2"}],"replies":[{"embeddable":true,"href":"https:\/\/www.acapulcopress.com\/index.php\/wp-json\/wp\/v2\/comments?post=1256707"}],"version-history":[{"count":0,"href":"https:\/\/www.acapulcopress.com\/index.php\/wp-json\/wp\/v2\/posts\/1256707\/revisions"}],"wp:featuredmedia":[{"embeddable":true,"href":"https:\/\/www.acapulcopress.com\/index.php\/wp-json\/"}],"wp:attachment":[{"href":"https:\/\/www.acapulcopress.com\/index.php\/wp-json\/wp\/v2\/media?parent=1256707"}],"wp:term":[{"taxonomy":"category","embeddable":true,"href":"https:\/\/www.acapulcopress.com\/index.php\/wp-json\/wp\/v2\/categories?post=1256707"},{"taxonomy":"post_tag","embeddable":true,"href":"https:\/\/www.acapulcopress.com\/index.php\/wp-json\/wp\/v2\/tags?post=1256707"}],"curies":[{"name":"wp","href":"https:\/\/api.w.org\/{rel}","templated":true}]}}