{"id":1256714,"date":"2023-09-04T19:44:54","date_gmt":"2023-09-05T01:44:54","guid":{"rendered":"https:\/\/www.acapulcopress.com\/?p=1256714"},"modified":"2023-09-04T19:44:54","modified_gmt":"2023-09-05T01:44:54","slug":"saldo-positivo-en-seguridad-en-la-semana-del-28-de-agosto-al-3-de-septiembre","status":"publish","type":"post","link":"https:\/\/www.acapulcopress.com\/index.php\/2023\/09\/04\/saldo-positivo-en-seguridad-en-la-semana-del-28-de-agosto-al-3-de-septiembre\/","title":{"rendered":"Saldo positivo en seguridad en la semana del 28 de agosto al 3 de septiembre"},"content":{"rendered":"<p style=\"text-align: justify\">CHILPANCINGO * Septiembre 4, 2023.<br \/>\n<em>) Coordinaci\u00f3n para la Construcci\u00f3n de la Paz<\/em><br \/>\nEl vocero de la Mesa de Coordinaci\u00f3n para la Construcci\u00f3n de la Paz,<a href=\"https:\/\/www.facebook.com\/randy.suastegui.3\" target=\"_blank\" rel=\"noopener\"> Randy Suastegui Cebrero,<\/a> durante la transmisi\u00f3n virtual present\u00f3 los resultados obtenidos de las acciones realizadas en materia de seguridad y procuraci\u00f3n de justicia lo que ha originado resultados positivos, detenciones, decomisos de enervantes, armas, veh\u00edculos en coordinaci\u00f3n con los tres niveles de gobierno de la semana del 28 de agosto al 3 de septiembre.<\/p>\n<p style=\"text-align: justify\">Durante la transmisi\u00f3n virtual, el subsecretario de Prevenci\u00f3n y Operaci\u00f3n Policial de la Secretar\u00eda de Seguridad P\u00fablica, Irving Jim\u00e9nez S\u00e1nchez, inform\u00f3 que del 28 de agosto al 3 de septiembre se realizaron 26 detenciones, por delitos del fuero federal y com\u00fan.<\/p>\n<p style=\"text-align: justify\">Dijo que adem\u00e1s se aseguraron 15 veh\u00edculos y 6 motocicletas; se liberaron 3 personas; se aseguraron armas largas, armas cortas, cargadores, cartuchos, un artefacto explosivo, estupefacientes, celulares, chalecos t\u00e1cticos, radios y placas bal\u00edsticas, entre otros.<\/p>\n<p style=\"text-align: justify\">Por su parte, el vicefiscal de Investigaciones de la Fiscal\u00eda General del Estado, Gabriel Alejandro Hern\u00e1ndez Mendoza, dio a conocer que en ese periodo se libraron \u00f3rdenes de aprehensi\u00f3n; se cumplimentaron 5 \u00f3rdenes de aprehensi\u00f3n, por violencia familiar, homicidio y violaci\u00f3n.<\/p>\n<p style=\"text-align: justify\">Se vincularon a proceso a 15 personas; se obtuvieron 15 sentencias condenatorias, por robo equiparado, secuestro, violencia familiar, violencia agravada y abuso sexual a menores; as\u00ed como detenciones en flagrancia, veh\u00edculos y motocicletas recuperadas; adem\u00e1s se localizaron 4 mujeres y 2 menores.<\/p>\n<p style=\"text-align: justify\">As\u00ed mismo se inform\u00f3 de las acciones de prevenci\u00f3n de las Alertas de G\u00e9nero contra las mujeres por violencia feminicida y por agravio comparado declaradas en Guerrero, compromiso del poder ejecutivo.<\/p>\n<p style=\"text-align: justify\">Las Medidas de Prevenci\u00f3n que atiende la Direcci\u00f3n General de Comunicaci\u00f3n Social como coadyuvante para su difusi\u00f3n son el generar campa\u00f1as permanentes para dar a conocer a la sociedad los derechos de las ni\u00f1as y mujeres, con las tem\u00e1ticas del reconocimiento de los derechos sexuales y reproductivos; la Interrupci\u00f3n Legal del Embarazo; y la prevenci\u00f3n del abuso sexual infantil, y publicar y divulgar en medios de comunicaci\u00f3n y lugares estrat\u00e9gicos la naturaleza y los alcances de la Alerta de Violencia de G\u00e9nero con informaci\u00f3n accesible para la poblaci\u00f3n, como lo establece la Ley General de Acceso de las Mujeres a una Vida Libre de Violencia.<\/p>\n<p style=\"text-align: justify\">Difusi\u00f3n que se realiza a trav\u00e9s de medios de comunicaci\u00f3n, escritos, electr\u00f3nicos y por las distintas plataformas digitales.<\/p>\n<p style=\"text-align: justify\">Para finalizar la sesi\u00f3n, el vocero oficial de la mesa de coordinaci\u00f3n de la paz, Randy Suastegui dio a conocer que, a partir de 01 al 14 de septiembre, la Secretar\u00eda de Salud estatal en conjunto con la Secretar\u00eda de Marina y la Secretar\u00eda de Gesti\u00f3n Integral de Riesgos y Protecci\u00f3n Civil, realizan brigadas m\u00e9dicas en lugares de dif\u00edcil acceso en el municipio de Acapulco y Costa Chica, donde se brindan atenci\u00f3n m\u00e9dica de psicolog\u00eda, consulta general, veterinaria entre otros\u00a0servicios.<\/p>\n<p style=\"text-align: justify\"><em>] S\u00edguenos en Facebook.com\/<a href=\"https:\/\/www.facebook.com\/acapulcopress\" target=\"_blank\" rel=\"noopener\">acapulcopress<\/a><\/em><br \/>\n<em>] S\u00edguenos en Facebook.com\/<a href=\"https:\/\/www.facebook.com\/angelblanco.press\" target=\"_blank\" rel=\"noopener\">angelblanco.press<\/a><\/em><\/p>\n","protected":false},"excerpt":{"rendered":"<p>CHILPANCINGO * Septiembre 4, 2023. ) Coordinaci\u00f3n para la Construcci\u00f3n de la Paz El vocero de la Mesa de Coordinaci\u00f3n para la Construcci\u00f3n de la Paz, Randy Suastegui Cebrero, durante la transmisi\u00f3n virtual present\u00f3 los resultados obtenidos de las acciones realizadas en materia de seguridad y procuraci\u00f3n de justicia lo que ha originado resultados positivos,&#8230;<\/p>\n","protected":false},"author":2,"featured_media":1256699,"comment_status":"closed","ping_status":"closed","sticky":false,"template":"","format":"standard","meta":{"footnotes":""},"categories":[1969,2005],"tags":[12964,15272],"class_list":["post-1256714","post","type-post","status-publish","format-standard","has-post-thumbnail","hentry","category-trending","category-seguridad-y-justicia","tag-mesa-de-coordinacion-para-la-construccion-de-la-paz","tag-randy-suastegui-cebrero"],"_links":{"self":[{"href":"https:\/\/www.acapulcopress.com\/index.php\/wp-json\/wp\/v2\/posts\/1256714","targetHints":{"allow":["GET"]}}],"collection":[{"href":"https:\/\/www.acapulcopress.com\/index.php\/wp-json\/wp\/v2\/posts"}],"about":[{"href":"https:\/\/www.acapulcopress.com\/index.php\/wp-json\/wp\/v2\/types\/post"}],"author":[{"embeddable":true,"href":"https:\/\/www.acapulcopress.com\/index.php\/wp-json\/wp\/v2\/users\/2"}],"replies":[{"embeddable":true,"href":"https:\/\/www.acapulcopress.com\/index.php\/wp-json\/wp\/v2\/comments?post=1256714"}],"version-history":[{"count":0,"href":"https:\/\/www.acapulcopress.com\/index.php\/wp-json\/wp\/v2\/posts\/1256714\/revisions"}],"wp:featuredmedia":[{"embeddable":true,"href":"https:\/\/www.acapulcopress.com\/index.php\/wp-json\/"}],"wp:attachment":[{"href":"https:\/\/www.acapulcopress.com\/index.php\/wp-json\/wp\/v2\/media?parent=1256714"}],"wp:term":[{"taxonomy":"category","embeddable":true,"href":"https:\/\/www.acapulcopress.com\/index.php\/wp-json\/wp\/v2\/categories?post=1256714"},{"taxonomy":"post_tag","embeddable":true,"href":"https:\/\/www.acapulcopress.com\/index.php\/wp-json\/wp\/v2\/tags?post=1256714"}],"curies":[{"name":"wp","href":"https:\/\/api.w.org\/{rel}","templated":true}]}}