{"id":1256716,"date":"2023-09-04T21:00:54","date_gmt":"2023-09-05T03:00:54","guid":{"rendered":"https:\/\/www.acapulcopress.com\/?p=1256716"},"modified":"2023-09-04T21:00:54","modified_gmt":"2023-09-05T03:00:54","slug":"por-que-defiende-tanto-morena-a-chinto-jacinto-el-violentador-de-mujeres","status":"publish","type":"post","link":"https:\/\/www.acapulcopress.com\/index.php\/2023\/09\/04\/por-que-defiende-tanto-morena-a-chinto-jacinto-el-violentador-de-mujeres\/","title":{"rendered":"\u00bfPor qu\u00e9 defiende tanto Morena a &#8216;Chinto&#8217; Jacinto, el &#8216;violentador de mujeres&#8217;?"},"content":{"rendered":"<p style=\"text-align: justify\">Ep\u00edstolas Surianas<br \/>\n\u00bb <strong>JULIO<\/strong> | <strong>AYALA CARLOS<\/strong><br \/>\naayala.30jc@gmail.com<br \/>\n<em>) Facebook \/ <a href=\"https:\/\/www.facebook.com\/julio.ayalacarlos\" target=\"_blank\" rel=\"noopener\">Julio Ayala Carlos<\/a><\/em><\/p>\n<p style=\"text-align: justify\">OTRO PARTIDO POL\u00cdTICO, EN SU LUGAR, ya lo hubiera destituido. Contrario a ello, lo defienden, y lo que es peor, las propias mujeres, al fin que la agresi\u00f3n no fue en contra <img loading=\"lazy\" decoding=\"async\" class=\"alignleft size-medium wp-image-1256719\" src=\"https:\/\/www.acapulcopress.com\/wp-content\/uploads\/2023\/09\/JACINTO-375x305.jpg\" alt=\"\" width=\"375\" height=\"305\" \/>ninguna de ellas, de Morena, el partido pol\u00edtico al que pertenecen, sino de otro, del PRI, su adversario pol\u00edtico. Es decir, se justifica, se vale, y por eso defienden al diputado <a href=\"https:\/\/www.facebook.com\/JaGo2024Va\" target=\"_blank\" rel=\"noopener\">Jacinto Gonz\u00e1lez Varona<\/a>, quien adem\u00e1s funge como presidente estatal del morenismo.<\/p>\n<p style=\"text-align: justify\">Jacinto Gonz\u00e1lez, \u201cChinto\u201d, como le gusta que le digan, hace unos d\u00edas fue sentenciado por el Tribunal Electoral del Estado como responsable de cometer violencia pol\u00edtica en raz\u00f3n de g\u00e9nero. Por consecuencia, tendr\u00e1 que pedir una disculpa p\u00fablica a la agraviada, pagar una multa econ\u00f3mica, y adem\u00e1s, deber\u00e1 ser inscrito en el padr\u00f3n de violentadores, por un periodo de 14 meses.<\/p>\n<p style=\"text-align: justify\">Es decir, si se cumple la ley que sanciona la violencia pol\u00edtica en raz\u00f3n de g\u00e9nero, el diputado local y presidente estatal de Morena, no podr\u00e1, en el 2024, ser candidato a ning\u00fan cargo de elecci\u00f3n popular, incluido el que tiene, como tampoco al de senador de la <img loading=\"lazy\" decoding=\"async\" class=\"alignleft size-medium wp-image-1256718\" src=\"https:\/\/www.acapulcopress.com\/wp-content\/uploads\/2023\/09\/JACINTO-3-375x561.jpg\" alt=\"\" width=\"375\" height=\"561\" \/>Rep\u00fablica al que tambi\u00e9n aspira.<\/p>\n<p style=\"text-align: justify\">Hay que decirlo. Ciertamente Jacinto Gonz\u00e1lez Varona no es el \u00fanico de los diputados de Morena de la LXIII Legislatura local que ha ejercido violencia pol\u00edtica en raz\u00f3n de g\u00e9nero, pero s\u00ed el \u00fanico que defienden las mujeres de su propio partido. Hace casi un a\u00f1o, otro de ellos tambi\u00e9n lo hizo; el \u201cdiputado ind\u00edgena\u201d Alfredo S\u00e1nchez Esquivel, agredi\u00f3 a una diputada de su propio partido, por lo que fue expulsado de Morena y de la fracci\u00f3n parlamentaria. Hoy es un apestado.<\/p>\n<p style=\"text-align: justify\">Pero en el caso de \u201cChinto\u201d el asunto es diferente. Pese a quedar demostrado que ejerci\u00f3 violencia pol\u00edtica en raz\u00f3n de g\u00e9nero contra la tambi\u00e9n diputada por el PRI, Gabriela Bernal Res\u00e9ndiz, raz\u00f3n por la cual el Tribunal Electoral del Estado fall\u00f3 en su contra, las mujeres de su partido no s\u00f3lo lo defienden, sino que con un discurso enga\u00f1oso buscan victimizarlo. Es decir, que de agresor, buscan convertirlo en v\u00edctima, como si \u00e9l fuera el agraviado.<\/p>\n<p style=\"text-align: justify\">Por supuesto que cada quien puede defender a quien quiera. Ya por parentesco sangu\u00edneo, familiariedad, amiguismo, compadrazgo, por ser vecinos o porque as\u00ed le conviene a sus intereses. As\u00ed, hay quienes defienden a asesinos, a secuestradores y a bandidos, incluso porque a ellos nunca les ha hecho nada mal, aunque tengan conocimiento de que son delincuentes. Hasta los se\u00f1alan de que son buenas gentes.<\/p>\n<p style=\"text-align: justify\">Hay que decir, sin embargo, que as\u00ed inici\u00f3 la delincuencia, hoy imparable por cierto. En las colonias, y en los pueblos, todos sab\u00edan quienes eran los delincuentes. Quienes mataban, robaban y secuestraban, o vend\u00eda droga. Sab\u00edan que era el vecino, o el hijo de \u00e9ste. Sab\u00edan incluso que era el hermano o el hijo, pero como no lo hac\u00eda ah\u00ed, sino en otro lado, en otra colonia, o en otro pueblo, no hab\u00eda problema. Incluso los justificaban y los cubr\u00edan<\/p>\n<p style=\"text-align: justify\">Hasta que lo empezaron all\u00ed mismo, en el lugar donde viven, entre los suyos. Y entonces se volvi\u00f3 imparable el asunto. Hasta que el gobierno, en sus tres niveles, ya no puede con ellos.<\/p>\n<p style=\"text-align: justify\">Guardando las proporciones, as\u00ed ocurre con quienes ejercen violencia pol\u00edtica en raz\u00f3n de g\u00e9nero.<\/p>\n<p style=\"text-align: justify\">Es decir, mientras la violencia sea en otros, y no en contra de los del mismo partido, no pasa nada. Al contrario, hay que defenderlos, protegerlos, justificarlos y hasta victimizarlos. Y es que es uno de los nuestros\u2026<\/p>\n<p style=\"text-align: justify\">Hay que decirlo. Resulta por dem\u00e1s contradictorio que aquellas, y aquellos que criticaban la violencia pol\u00edtica, y la de g\u00e9nero, sean hoy quienes defiendan a los violentadores, por el hecho de ser amigos, compa\u00f1eros y militantes de un mismo partido. Es perverso, mezquino y hasta antidemocr\u00e1tico, por decir lo menos.<\/p>\n<p style=\"text-align: justify\">No entienden que, a quien hoy defienden, puede ser su victimario en el futuro.<\/p>\n<p style=\"text-align: justify\">Por cierto, la violencia pol\u00edtica de Jacinto Gonz\u00e1lez Verona, en contra de la diputada del PRI, no es la \u00fanica. En su momento, hizo lo mismo con el llamado grupo LGT, un importante sector de la sociedad, a quien con argucias le quit\u00f3 la diputaci\u00f3n que hoy ostenta, argumentando ser miembro activo de ellos.<\/p>\n<p style=\"text-align: justify\">En fin. Como dec\u00edamos al principio, en otro partido pol\u00edtico ya hubieran destituido a \u201cChinto\u201d como dirigente estatal de Morena, no s\u00f3lo por valores morales, sino porque tambi\u00e9n estar\u00eda cometiendo otros delitos, al manejar y utilizar recursos p\u00fablicos.<\/p>\n<p style=\"text-align: justify\">La pol\u00edtica es as\u00ed, dir\u00eda el exgobernador \u00c1ngel Aguirre Rivero.<\/p>\n<p><em>] S\u00edguenos en Facebook.com\/<a href=\"https:\/\/www.facebook.com\/acapulcopress\" target=\"_blank\" rel=\"noopener\">acapulcopress<\/a><\/em><br \/>\n<em>] S\u00edguenos en Facebook.com\/<a href=\"https:\/\/www.facebook.com\/angelblanco.press\" target=\"_blank\" rel=\"noopener\">angelblanco.press<\/a><\/em><\/p>\n","protected":false},"excerpt":{"rendered":"<p>Ep\u00edstolas Surianas \u00bb JULIO | AYALA CARLOS aayala.30jc@gmail.com ) Facebook \/ Julio Ayala Carlos OTRO PARTIDO POL\u00cdTICO, EN SU LUGAR, ya lo hubiera destituido. Contrario a ello, lo defienden, y lo que es peor, las propias mujeres, al fin que la agresi\u00f3n no fue en contra ninguna de ellas, de Morena, el partido pol\u00edtico al&#8230;<\/p>\n","protected":false},"author":2,"featured_media":1256717,"comment_status":"closed","ping_status":"closed","sticky":false,"template":"","format":"standard","meta":{"footnotes":""},"categories":[1972,2071,1991],"tags":[8008,10533,11319,13297,18260],"class_list":["post-1256716","post","type-post","status-publish","format-standard","has-post-thumbnail","hentry","category-special","category-opinion-analisis-columnas","category-libertad-de-expresion","tag-epistolas-surianas","tag-jacinto-gonzalez-varona","tag-julio-ayala-carlos","tag-morena","tag-yoloczin-dominguez-serna"],"_links":{"self":[{"href":"https:\/\/www.acapulcopress.com\/index.php\/wp-json\/wp\/v2\/posts\/1256716","targetHints":{"allow":["GET"]}}],"collection":[{"href":"https:\/\/www.acapulcopress.com\/index.php\/wp-json\/wp\/v2\/posts"}],"about":[{"href":"https:\/\/www.acapulcopress.com\/index.php\/wp-json\/wp\/v2\/types\/post"}],"author":[{"embeddable":true,"href":"https:\/\/www.acapulcopress.com\/index.php\/wp-json\/wp\/v2\/users\/2"}],"replies":[{"embeddable":true,"href":"https:\/\/www.acapulcopress.com\/index.php\/wp-json\/wp\/v2\/comments?post=1256716"}],"version-history":[{"count":0,"href":"https:\/\/www.acapulcopress.com\/index.php\/wp-json\/wp\/v2\/posts\/1256716\/revisions"}],"wp:featuredmedia":[{"embeddable":true,"href":"https:\/\/www.acapulcopress.com\/index.php\/wp-json\/"}],"wp:attachment":[{"href":"https:\/\/www.acapulcopress.com\/index.php\/wp-json\/wp\/v2\/media?parent=1256716"}],"wp:term":[{"taxonomy":"category","embeddable":true,"href":"https:\/\/www.acapulcopress.com\/index.php\/wp-json\/wp\/v2\/categories?post=1256716"},{"taxonomy":"post_tag","embeddable":true,"href":"https:\/\/www.acapulcopress.com\/index.php\/wp-json\/wp\/v2\/tags?post=1256716"}],"curies":[{"name":"wp","href":"https:\/\/api.w.org\/{rel}","templated":true}]}}