{"id":1256722,"date":"2023-09-04T21:28:47","date_gmt":"2023-09-05T03:28:47","guid":{"rendered":"https:\/\/www.acapulcopress.com\/?p=1256722"},"modified":"2023-09-04T21:28:47","modified_gmt":"2023-09-05T03:28:47","slug":"vamos-por-el-camino-correcto-para-consolidar-la-transformacion-en-guerrero-evelyn-salgado","status":"publish","type":"post","link":"https:\/\/www.acapulcopress.com\/index.php\/2023\/09\/04\/vamos-por-el-camino-correcto-para-consolidar-la-transformacion-en-guerrero-evelyn-salgado\/","title":{"rendered":"\u00abVamos por el camino correcto para consolidar la transformaci\u00f3n en Guerrero\u00bb | Evelyn Salgado"},"content":{"rendered":"<p style=\"text-align: justify\">CHILPANCINGO * Septiembre 4, 2023.<br \/>\n<em>) Gobierno de Guerrero<\/em><\/p>\n<p style=\"text-align: justify\">Al asistir a la develaci\u00f3n de las letras doradas con la inscripci\u00f3n \u201c2023 A\u00f1o del Bicentenario <img loading=\"lazy\" decoding=\"async\" class=\"alignleft size-medium wp-image-1256726\" src=\"https:\/\/www.acapulcopress.com\/wp-content\/uploads\/2023\/09\/GOBERNANDORA-5-375x250.jpg\" alt=\"\" width=\"375\" height=\"250\" \/>del Heroico Colegio Militar\u201d en el Muro de Honor del Congreso del estado, la gobernadora <a href=\"https:\/\/www.facebook.com\/EvelynSalgadoP\" target=\"_blank\" rel=\"noopener\">Evelyn Salgado Pineda<\/a> hizo un llamado a la unidad y a la reconciliaci\u00f3n para enfrentar los retos y pendientes de la entidad en un esfuerzo conjunto y avanzar con la convicci\u00f3n de garantizar el bienestar y la justicia al pueblo de Guerrero.<\/p>\n<p style=\"text-align: justify\">En su mensaje, en el recinto Legislativo, Evelyn Salgado se\u00f1al\u00f3 que los retos y pendientes de Guerrero no son exclusivos de una autoridad, sino que se necesitan de los esfuerzos de todos, en este sentido, reiter\u00f3 la disposici\u00f3n y apertura de su gobierno para construir un mejor futuro para las y los guerrerenses.<\/p>\n<p style=\"text-align: justify\">\u201cSin distinci\u00f3n de partido o de alg\u00fan color, siempre velando por el dialogo, por los <img loading=\"lazy\" decoding=\"async\" class=\"alignleft size-medium wp-image-1256724\" src=\"https:\/\/www.acapulcopress.com\/wp-content\/uploads\/2023\/09\/GOBERNADORA-GRO-375x250.jpg\" alt=\"\" width=\"375\" height=\"250\" \/>consensos y sobre todo por las soluciones en beneficio de Guerrero; este trabajo en conjunto est\u00e1 rindiendo frutos, vamos por el camino correcto, muy pronto consolidaremos la transformaci\u00f3n con justicia y con bienestar para todas y todos\u201d, sostuvo Evelyn Salgado.<\/p>\n<p style=\"text-align: justify\">Este lunes, en el sal\u00f3n de plenos de la c\u00e1mara de diputados se instal\u00f3 el Periodo Ordinario del Tercer A\u00f1o de Ejercicio Constitucional de la 63 Legislatura al Congreso del Estado donde se devel\u00f3 en el Muro de Honor las letras doradas con la inscripci\u00f3n \u201c2023 A\u00f1o del Bicentenario del Heroico Colegio Militar\u201d por los titulares de los poderes Ejecutivo, Legislativo y Judicial y el director del Heroico Colegio Militar, Jorge Antonio Maldonado Guevara.<\/p>\n<p style=\"text-align: justify\"><img loading=\"lazy\" decoding=\"async\" class=\"alignleft size-medium wp-image-1256727\" src=\"https:\/\/www.acapulcopress.com\/wp-content\/uploads\/2023\/09\/GOBERNANDORA-6-375x250.jpg\" alt=\"\" width=\"375\" height=\"250\" \/>La gobernadora dijo que la inscripci\u00f3n en el Muro de Honor es un reconocimiento al Heroico Colegio Militar por su historia y trascendencia al cumplir 200 a\u00f1os formando mujeres y hombres dignos y leales al servicio de M\u00e9xico, adem\u00e1s de conmemorar episodios, personas y momentos que son fundamentales para el pa\u00eds y el estado, que sin duda tienen una relaci\u00f3n directa con estas tierras surianas.<\/p>\n<p style=\"text-align: justify\">\u201cEs un reconocimiento ganado a pulso por los muchos episodios heroicos en la historia nacional y por el cari\u00f1o presente en cada acci\u00f3n en defensa de los intereses y soberan\u00eda nacional, con el auxilio que prestan a las autoridades civiles en el proceso de construcci\u00f3n de paz e incluso durante emergencias naturales en beneficio del pueblo de M\u00e9xico y de Guerrero\u201d, destac\u00f3 la mandataria.<\/p>\n<p style=\"text-align: justify\">A\u00f1adi\u00f3 que el Heroico Colegio Militar, una instituci\u00f3n que es fundamental para el desarrollo y evoluci\u00f3n de las fuerzas armadas y del pa\u00eds y el homenaje que hoy realiza el Congreso de Guerrero es el reflejo del agradecimiento y reconocimiento que el pueblo le tiene a este colegio, as\u00ed como a todos los integrantes de las fuerzas armadas mexicanas.<\/p>\n<p style=\"text-align: justify\">Con la presencia de cadetes del Heroico Colegio Militar, se desarroll\u00f3 la sesi\u00f3n donde estuvieron presente el comandante de la Novena Regi\u00f3n Militar Ricardo Flores Gonz\u00e1lez; el presidente del Tribunal Superior de Justicia, Raymundo Casarrubias V\u00e1zquez: la presidenta de la Mesa Directiva del Congreso del Estado, Leticia Mosso Hern\u00e1ndez; as\u00ed como las y los diputados de las distintas fracciones partidistas que conforman la 63 legislatura al Congreso\u00a0del\u00a0Estado.<\/p>\n<p style=\"text-align: justify\"><em>] S\u00edguenos en Facebook.com\/<a href=\"https:\/\/www.facebook.com\/acapulcopress\" target=\"_blank\" rel=\"noopener\">acapulcopress<\/a><\/em><br \/>\n<em>] S\u00edguenos en Facebook.com\/a<a href=\"https:\/\/www.facebook.com\/angelblanco.press\" target=\"_blank\" rel=\"noopener\">ngelblanco.press<\/a><\/em><\/p>\n","protected":false},"excerpt":{"rendered":"<p>CHILPANCINGO * Septiembre 4, 2023. ) Gobierno de Guerrero Al asistir a la develaci\u00f3n de las letras doradas con la inscripci\u00f3n \u201c2023 A\u00f1o del Bicentenario del Heroico Colegio Militar\u201d en el Muro de Honor del Congreso del estado, la gobernadora Evelyn Salgado Pineda hizo un llamado a la unidad y a la reconciliaci\u00f3n para enfrentar&#8230;<\/p>\n","protected":false},"author":2,"featured_media":1256723,"comment_status":"closed","ping_status":"closed","sticky":false,"template":"","format":"standard","meta":{"footnotes":""},"categories":[1972,61,18561],"tags":[8251],"class_list":["post-1256722","post","type-post","status-publish","format-standard","has-post-thumbnail","hentry","category-special","category-legislacion","category-society-politics","tag-evelyn-salgado-pineda"],"_links":{"self":[{"href":"https:\/\/www.acapulcopress.com\/index.php\/wp-json\/wp\/v2\/posts\/1256722","targetHints":{"allow":["GET"]}}],"collection":[{"href":"https:\/\/www.acapulcopress.com\/index.php\/wp-json\/wp\/v2\/posts"}],"about":[{"href":"https:\/\/www.acapulcopress.com\/index.php\/wp-json\/wp\/v2\/types\/post"}],"author":[{"embeddable":true,"href":"https:\/\/www.acapulcopress.com\/index.php\/wp-json\/wp\/v2\/users\/2"}],"replies":[{"embeddable":true,"href":"https:\/\/www.acapulcopress.com\/index.php\/wp-json\/wp\/v2\/comments?post=1256722"}],"version-history":[{"count":0,"href":"https:\/\/www.acapulcopress.com\/index.php\/wp-json\/wp\/v2\/posts\/1256722\/revisions"}],"wp:featuredmedia":[{"embeddable":true,"href":"https:\/\/www.acapulcopress.com\/index.php\/wp-json\/"}],"wp:attachment":[{"href":"https:\/\/www.acapulcopress.com\/index.php\/wp-json\/wp\/v2\/media?parent=1256722"}],"wp:term":[{"taxonomy":"category","embeddable":true,"href":"https:\/\/www.acapulcopress.com\/index.php\/wp-json\/wp\/v2\/categories?post=1256722"},{"taxonomy":"post_tag","embeddable":true,"href":"https:\/\/www.acapulcopress.com\/index.php\/wp-json\/wp\/v2\/tags?post=1256722"}],"curies":[{"name":"wp","href":"https:\/\/api.w.org\/{rel}","templated":true}]}}