{"id":1256756,"date":"2023-09-05T18:02:26","date_gmt":"2023-09-06T00:02:26","guid":{"rendered":"https:\/\/www.acapulcopress.com\/?p=1256756"},"modified":"2023-09-05T18:02:26","modified_gmt":"2023-09-06T00:02:26","slug":"iluminan-de-dorado-el-congreso-en-honor-al-mes-de-la-concientizacion-del-cancer-infantil","status":"publish","type":"post","link":"https:\/\/www.acapulcopress.com\/index.php\/2023\/09\/05\/iluminan-de-dorado-el-congreso-en-honor-al-mes-de-la-concientizacion-del-cancer-infantil\/","title":{"rendered":"Iluminan de Dorado el Congreso en honor al Mes de la Concientizaci\u00f3n del C\u00e1ncer Infantil"},"content":{"rendered":"<p style=\"text-align: justify\">CHILPANCINGO * Septiembre 5, 2023.<br \/>\n<em>) Congreso de Guerrero<br \/>\n<\/em>En el marco del Mes de la Concientizaci\u00f3n del C\u00e1ncer Infantil, el Congreso del Estado <img loading=\"lazy\" decoding=\"async\" class=\"alignleft size-medium wp-image-1256759\" src=\"https:\/\/www.acapulcopress.com\/wp-content\/uploads\/2023\/09\/CONGRESO-ENCENDIDO3-375x250.jpg\" alt=\"\" width=\"375\" height=\"250\" \/>realiz\u00f3 el Encendido Dorado de su recinto oficial, coadyuvando a crear conciencia sobre la importancia de prevenir este mal en las y los menores de 18 a\u00f1os.<\/p>\n<p style=\"text-align: justify\">Durante el acto, la presidenta de la Mesa Directiva, diputada <a href=\"https:\/\/www.facebook.com\/diputadaleticiamosso\" target=\"_blank\" rel=\"noopener\">Leticia Mosso Hern\u00e1ndez<\/a>, manifest\u00f3 que el Congreso siempre estar\u00e1 a favor de generar pol\u00edticas p\u00fablicas en pro de la salud de la ciudadan\u00eda en general, particularmente de la ni\u00f1ez y la adolescencia, y trabajar\u00e1 para que dentro de los marcos legales se garantice e incentive el cuidado y prevenci\u00f3n.<\/p>\n<p style=\"text-align: justify\">Expuso que el c\u00e1ncer es algo que lacera no solo a quien lo padece, sino a quienes est\u00e1n a su alrededor. En ese sentido, indic\u00f3 que el Congreso siempre ser\u00e1 coadyuvante y apoyar\u00e1 en lo necesario para que las ni\u00f1as y ni\u00f1os tengan un mejor desarrollo.<\/p>\n<p style=\"text-align: justify\"><img loading=\"lazy\" decoding=\"async\" class=\"alignleft size-medium wp-image-1256761\" src=\"https:\/\/www.acapulcopress.com\/wp-content\/uploads\/2023\/09\/CONGRESO-ENCENDIDO5-375x250.jpg\" alt=\"\" width=\"375\" height=\"250\" \/>En su intervenci\u00f3n, la diputada <a href=\"https:\/\/www.facebook.com\/BeatrizMojicaM\" target=\"_blank\" rel=\"noopener\">Beatriz Mojica Morga<\/a>, presidenta de la Comisi\u00f3n de los Derechos de las Ni\u00f1as, Ni\u00f1os y Adolescentes, resalt\u00f3 la importancia de conocer los signos y s\u00edntomas tempranos de esta enfermedad; por eso hizo un llamado a la poblaci\u00f3n guerrerense a estar atenta para prevenir el c\u00e1ncer en los menores.<\/p>\n<p style=\"text-align: justify\">Reiter\u00f3, asimismo, el compromiso del Congreso con el bienestar integral de las ni\u00f1as, ni\u00f1os y adolescentes, y muestra de ello es que este a\u00f1o se etiquetaron recursos para que los menores no abandonen sus tratamientos.<\/p>\n<p style=\"text-align: justify\">\u201cQuiero decirles a las ni\u00f1as y ni\u00f1os que no est\u00e1n solos; aqu\u00ed hay muchas personas acompa\u00f1ando esta acci\u00f3n simb\u00f3lica que es prueba de que estamos con la ni\u00f1ez y la <img loading=\"lazy\" decoding=\"async\" class=\"alignleft size-medium wp-image-1256760\" src=\"https:\/\/www.acapulcopress.com\/wp-content\/uploads\/2023\/09\/CONGRESO-ENCENDIDO4-375x250.jpg\" alt=\"\" width=\"375\" height=\"250\" \/>adolescencia, que nos preocupan y seguiremos trabajando para que mejoren su calidad de vida, de modo que tengamos un estado de salud pleno y con oportunidades para todos\u201d, resalt\u00f3.<\/p>\n<p style=\"text-align: justify\">En su oportunidad, el secretario de Educaci\u00f3n en Guerrero, <a href=\"https:\/\/www.facebook.com\/MarcialRodriguezS\" target=\"_blank\" rel=\"noopener\">Marcial Rodr\u00edguez Salda\u00f1a<\/a>, manifest\u00f3 que su dependencia tiene especial inter\u00e9s en continuar apoyando para que las ni\u00f1as, ni\u00f1os y adolescentes que se encuentran en estado de vulnerabilidad no pierdan clases y puedan continuar con sus estudios.<\/p>\n<p style=\"text-align: justify\">Por su parte, la presidenta del Patronato de la Asociaci\u00f3n Mexicana de Ayuda a Ni\u00f1os con C\u00e1ncer en Guerrero (AMANC), Lizbeth Lacunza Calder\u00f3n, hizo un reconocimiento al Congreso del Estado por brindar siempre su apoyo en las acciones que realiza la asociaci\u00f3n, <img loading=\"lazy\" decoding=\"async\" class=\"alignleft size-medium wp-image-1256758\" src=\"https:\/\/www.acapulcopress.com\/wp-content\/uploads\/2023\/09\/CONGRESO-ENCENDIDO2-375x250.jpg\" alt=\"\" width=\"375\" height=\"250\" \/>misma que durante m\u00e1s de 20 a\u00f1os ha podido ayudar de manera integral a m\u00e1s de 500 familias que tienen un menor con c\u00e1ncer.<\/p>\n<p style=\"text-align: justify\">Por \u00faltimo, la subdirectora de Atenci\u00f3n M\u00e9dica de la Secretar\u00eda de Salud Guerrero, Digna Guzm\u00e1n Hern\u00e1ndez, reconoci\u00f3 al Congreso por llevar a cabo esta acci\u00f3n por iniciativa propia y por estar concientizado y sensibilizado sobre la importancia de prevenir esta enfermedad en los menores.<\/p>\n<p style=\"text-align: justify\">Al evento asistieron tambi\u00e9n Arturo Pacheco Bedolla, secretario t\u00e9cnico de la Junta de Coordinaci\u00f3n Pol\u00edtica del Congreso, en representaci\u00f3n de la diputada presidenta<a href=\"https:\/\/www.facebook.com\/YoloczinDominguez\" target=\"_blank\" rel=\"noopener\"> Yoloczin Dom\u00ednguez Serna<\/a>; Vicenta Molina Revueltas, consejera del Instituto Electoral y de Participaci\u00f3n Ciudadana, y Carlos Toledo Manzur, procurador de Protecci\u00f3n Ambiental del Estado.<\/p>\n<p style=\"text-align: justify\"><em>] S\u00edguenos en Facebook.com\/<a href=\"https:\/\/www.facebook.com\/acapulcopress\" target=\"_blank\" rel=\"noopener\">acapulcopress<\/a><\/em><br \/>\n<em>] S\u00edguenos en Facebook.com\/<a href=\"https:\/\/www.facebook.com\/angelblanco.press\" target=\"_blank\" rel=\"noopener\">angelblanco.press<\/a><\/em><\/p>\n","protected":false},"excerpt":{"rendered":"<p>CHILPANCINGO * Septiembre 5, 2023. ) Congreso de Guerrero En el marco del Mes de la Concientizaci\u00f3n del C\u00e1ncer Infantil, el Congreso del Estado realiz\u00f3 el Encendido Dorado de su recinto oficial, coadyuvando a crear conciencia sobre la importancia de prevenir este mal en las y los menores de 18 a\u00f1os. Durante el acto, la&#8230;<\/p>\n","protected":false},"author":2,"featured_media":1256757,"comment_status":"closed","ping_status":"closed","sticky":false,"template":"","format":"standard","meta":{"footnotes":""},"categories":[1972,61,18561],"tags":[4304,4637,11793,12016,12960,18260],"class_list":["post-1256756","post","type-post","status-publish","format-standard","has-post-thumbnail","hentry","category-special","category-legislacion","category-society-politics","tag-asociacion-mexicana-de-ayuda-a-ninos-con-cancer-en-guerrero-amanc","tag-beatriz-mojica-morga","tag-leticia-mosso-hernandez","tag-lizbeth-lacunza-calderon","tag-mes-de-la-concientizacion-del-cancer-infantil","tag-yoloczin-dominguez-serna"],"_links":{"self":[{"href":"https:\/\/www.acapulcopress.com\/index.php\/wp-json\/wp\/v2\/posts\/1256756","targetHints":{"allow":["GET"]}}],"collection":[{"href":"https:\/\/www.acapulcopress.com\/index.php\/wp-json\/wp\/v2\/posts"}],"about":[{"href":"https:\/\/www.acapulcopress.com\/index.php\/wp-json\/wp\/v2\/types\/post"}],"author":[{"embeddable":true,"href":"https:\/\/www.acapulcopress.com\/index.php\/wp-json\/wp\/v2\/users\/2"}],"replies":[{"embeddable":true,"href":"https:\/\/www.acapulcopress.com\/index.php\/wp-json\/wp\/v2\/comments?post=1256756"}],"version-history":[{"count":0,"href":"https:\/\/www.acapulcopress.com\/index.php\/wp-json\/wp\/v2\/posts\/1256756\/revisions"}],"wp:featuredmedia":[{"embeddable":true,"href":"https:\/\/www.acapulcopress.com\/index.php\/wp-json\/"}],"wp:attachment":[{"href":"https:\/\/www.acapulcopress.com\/index.php\/wp-json\/wp\/v2\/media?parent=1256756"}],"wp:term":[{"taxonomy":"category","embeddable":true,"href":"https:\/\/www.acapulcopress.com\/index.php\/wp-json\/wp\/v2\/categories?post=1256756"},{"taxonomy":"post_tag","embeddable":true,"href":"https:\/\/www.acapulcopress.com\/index.php\/wp-json\/wp\/v2\/tags?post=1256756"}],"curies":[{"name":"wp","href":"https:\/\/api.w.org\/{rel}","templated":true}]}}