{"id":1256787,"date":"2023-09-06T07:00:14","date_gmt":"2023-09-06T13:00:14","guid":{"rendered":"https:\/\/www.acapulcopress.com\/?p=1256787"},"modified":"2023-09-06T07:00:14","modified_gmt":"2023-09-06T13:00:14","slug":"la-coordinacion-interinstitucional-merito-de-evelyn-salgado","status":"publish","type":"post","link":"https:\/\/www.acapulcopress.com\/index.php\/2023\/09\/06\/la-coordinacion-interinstitucional-merito-de-evelyn-salgado\/","title":{"rendered":"La coordinaci\u00f3n interinstitucional, m\u00e9rito de Evelyn Salgado"},"content":{"rendered":"<p style=\"text-align: justify\">Marem\u00e1gnum<br \/>\n\u00bb <strong>RICARDO<\/strong> | <strong>CASTILLO BARRIENTOS<\/strong><br \/>\n<em>] Facebook )<a href=\"https:\/\/www.facebook.com\/ricardocastill01\" target=\"_blank\" rel=\"noopener\"> Ricardo Castillo Barrientos<\/a><\/em><\/p>\n<p style=\"text-align: justify\">Despu\u00e9s de una pausa tur\u00edstica y familiar, reanudamos con renovados br\u00edos nuestras entregas cotidianas con el mismo esp\u00edritu informativo y de an\u00e1lisis que caracteriza a esta columna pol\u00edtico-social, sobre tem\u00e1ticas relevantes en los planos estatal y nacional, con la vertiente de los sucesos municipales como fuente del acontecer period\u00edstico, que se registra con sentido de oportunidad en los medios masivos de comunicaci\u00f3n.<\/p>\n<p style=\"text-align: justify\">Dos eventos destacan por su naturaleza y dignos de ponderaci\u00f3n, entrelazados entre s\u00ed al tratarse del mismo personaje: la reciente gira a Guerrero y el 5\u00ba. Informe de Gobierno del presidente <a href=\"https:\/\/www.facebook.com\/lopezobrador.org.mx\" target=\"_blank\" rel=\"noopener\">Andr\u00e9s Manuel L\u00f3pez Obrador<\/a>: Ayutla de los Libres, Xochistlahuaca, Ometepec y Cuajinicuilapa, fueron los escenarios naturales para la Evaluaci\u00f3n de los Programas de Bienestar durante la visita presidencial; particularmente, los intensos trabajos en la ampliaci\u00f3n de la carretera Acapulco-Huatulco, con una inversi\u00f3n superior a los 4 mil 200 millones de pesos, que reducir\u00e1 el tiempo de recorrido entre los dos polos tur\u00edsticos, en beneficio de m\u00e1s de un mill\u00f3n de habitantes de ambas entidades, proyectada su conclusi\u00f3n hasta el 2024.<\/p>\n<p style=\"text-align: justify\">En este sector destacan los 91 caminos artesanales en 23 municipios de La Monta\u00f1a y Costa Chica, con una inversi\u00f3n superior a los dos mil millones de pesos y en el 2024, se construir\u00e1n 47 caminos rurales, con una inversi\u00f3n total en los tres a\u00f1os de tres mil millones de pesos.<\/p>\n<p style=\"text-align: justify\">En apariencia no se consideran obras monumentales, sin embargo por la cuant\u00eda del monto, el n\u00famero de beneficiarios y su impacto social, se transforman en acciones gubernamentales trascendentes, aunados a los 36 programas sociales que apoyan a un mill\u00f3n 100 mil guerrerenses, incidiendo cuando menos en un miembro de cada hogar que recibe un apoyo social, con una inversi\u00f3n anual de m\u00e1s de 30 mil millones de pesos equivalente al 50% del presupuesto estatal, aproximadamente.<\/p>\n<p style=\"text-align: justify\">Las cuantiosas inversiones en la construcci\u00f3n del Hospital de Especialidades del ISSSTE, la rehabilitaci\u00f3n del Centro de Convenciones, el convenio IMSS Bienestar-Gobierno del Estado y el saneamiento de la bah\u00eda de Acapulco, son resultados de la capacidad de gesti\u00f3n y coordinaci\u00f3n interinstitucional de la gobernadora <a href=\"https:\/\/www.facebook.com\/EvelynSalgadoP\" target=\"_blank\" rel=\"noopener\">Evelyn Salgado Pineda<\/a> con el gobierno federal, como se lo reconoci\u00f3 p\u00fablicamente el presidente L\u00f3pez Obrador, en los eventos realizados en la Costa Chica.<\/p>\n<p style=\"text-align: justify\">El mandatario nacional lo anunci\u00f3 en Guerrero y ratific\u00f3 en Campeche durante su 5\u00ba. Informe de Gobierno, los resultados de CONEVAL del a\u00f1o 2022, respecto a Guerrero, entidad donde hubo una disminuci\u00f3n de la pobreza del 7.5%, que corresponden a 190 mil guerrerenses.<\/p>\n<p style=\"text-align: justify\">El tema de la inseguridad qued\u00f3 como el gran pendiente, aun con todos los esfuerzos y resultados fallidos de la Mesa de Coordinaci\u00f3n para la Construcci\u00f3n de Paz, que todav\u00eda no ofrece los resultados que anhela la poblaci\u00f3n.<\/p>\n<p style=\"text-align: justify\"><strong>Marea Baja.-<\/strong> Buenas noticias para Guerrero al generar una elevada producci\u00f3n de mango de 411 mil 173 toneladas y con ello, el primer lugar en este producto frut\u00edcola, supurando al estado de Sinaloa con 407 mil 831 toneladas y a Nayarit con 338 mil 754.<\/p>\n<p style=\"text-align: justify\">As\u00ed lo dio a conocer la Secretar\u00eda de Agricultura y Desarrollo Rural del Gobierno Federal, siendo los principales productores los municipios de T\u00e9cpan de Galeana, Atoyac, Zihuatanejo, La Uni\u00f3n y Cuajinicuilapa.<\/p>\n<p style=\"text-align: justify\"><strong>Marea Alta.-<\/strong> Acertada y oportuna la intervenci\u00f3n del Instituto Nacional de Antropolog\u00eda e Historia (INAH) de no permitir se trastoque la imagen de la Plaza Primer Congreso de An\u00e1huac y de la fachada del ex palacio municipal, hoy convertido en el Palacio de la Cultura y las Artes \u201cIgnacio Manuel Altamirano\u201d, en la capital del estado.<\/p>\n<p style=\"text-align: justify\">La alcaldesa Norma Otilia Hern\u00e1ndez Mart\u00ednez se hab\u00eda obnubilado en ubicar en ese estrat\u00e9gico lugar una escultura en honor a la primera presidenta municipal de Chilpancingo, M\u00e9xico y Am\u00e9rica Latina, Aurora Meza Andraca, en el a\u00f1o en el periodo1936-1937.<\/p>\n<p style=\"text-align: justify\">El reconocimiento es muy merecido a tan digna guerrerense, no as\u00ed la ubicaci\u00f3n de la estatua porque vendr\u00eda a romper con la armon\u00eda arquitect\u00f3nica del centro de la ciudad.<br \/>\nMaremoto.- El clima de violencia que persiste en algunas municipalidades de las regiones Tierra Caliente y Centro, han imposibilitado a diversas instituciones educativas de nivel b\u00e1sico, retornar con normalidad a las actividades acad\u00e9micas, a fin de no poner en riesgo a la comunidad escolar frente a las espor\u00e1dicas balaceras que se vienen suscitando en esas zonas.<\/p>\n<p style=\"text-align: justify\">Las autoridades educativas se mantienen agazapadas como siempre, esperando que se compongan las cosas como por arte de magia y as\u00ed los escolapios puedan regresar a clases con mayores garant\u00edas de seguridad.<\/p>\n<p style=\"text-align: justify\"><em>] S\u00edguenos en Facebook.com\/<a href=\"https:\/\/www.facebook.com\/acapulcopress\" target=\"_blank\" rel=\"noopener\">acapulcopress<\/a><\/em><br \/>\n<em>] S\u00edguenos en Facebook.com\/<a href=\"https:\/\/www.facebook.com\/angelblanco.press\" target=\"_blank\" rel=\"noopener\">angelblanco.press<\/a><\/em><\/p>\n","protected":false},"excerpt":{"rendered":"<p>Marem\u00e1gnum \u00bb RICARDO | CASTILLO BARRIENTOS ] Facebook ) Ricardo Castillo Barrientos Despu\u00e9s de una pausa tur\u00edstica y familiar, reanudamos con renovados br\u00edos nuestras entregas cotidianas con el mismo esp\u00edritu informativo y de an\u00e1lisis que caracteriza a esta columna pol\u00edtico-social, sobre tem\u00e1ticas relevantes en los planos estatal y nacional, con la vertiente de los sucesos&#8230;<\/p>\n","protected":false},"author":2,"featured_media":1256788,"comment_status":"closed","ping_status":"closed","sticky":false,"template":"","format":"standard","meta":{"footnotes":""},"categories":[1972,2071,1991],"tags":[3896,8251,12503,15575],"class_list":["post-1256787","post","type-post","status-publish","format-standard","has-post-thumbnail","hentry","category-special","category-opinion-analisis-columnas","category-libertad-de-expresion","tag-andres-manuel-lopez-obrador","tag-evelyn-salgado-pineda","tag-maremagnum","tag-ricardo-castillo-barrientos"],"_links":{"self":[{"href":"https:\/\/www.acapulcopress.com\/index.php\/wp-json\/wp\/v2\/posts\/1256787","targetHints":{"allow":["GET"]}}],"collection":[{"href":"https:\/\/www.acapulcopress.com\/index.php\/wp-json\/wp\/v2\/posts"}],"about":[{"href":"https:\/\/www.acapulcopress.com\/index.php\/wp-json\/wp\/v2\/types\/post"}],"author":[{"embeddable":true,"href":"https:\/\/www.acapulcopress.com\/index.php\/wp-json\/wp\/v2\/users\/2"}],"replies":[{"embeddable":true,"href":"https:\/\/www.acapulcopress.com\/index.php\/wp-json\/wp\/v2\/comments?post=1256787"}],"version-history":[{"count":0,"href":"https:\/\/www.acapulcopress.com\/index.php\/wp-json\/wp\/v2\/posts\/1256787\/revisions"}],"wp:featuredmedia":[{"embeddable":true,"href":"https:\/\/www.acapulcopress.com\/index.php\/wp-json\/"}],"wp:attachment":[{"href":"https:\/\/www.acapulcopress.com\/index.php\/wp-json\/wp\/v2\/media?parent=1256787"}],"wp:term":[{"taxonomy":"category","embeddable":true,"href":"https:\/\/www.acapulcopress.com\/index.php\/wp-json\/wp\/v2\/categories?post=1256787"},{"taxonomy":"post_tag","embeddable":true,"href":"https:\/\/www.acapulcopress.com\/index.php\/wp-json\/wp\/v2\/tags?post=1256787"}],"curies":[{"name":"wp","href":"https:\/\/api.w.org\/{rel}","templated":true}]}}