{"id":1256792,"date":"2023-09-06T07:15:05","date_gmt":"2023-09-06T13:15:05","guid":{"rendered":"https:\/\/www.acapulcopress.com\/?p=1256792"},"modified":"2023-09-06T07:15:05","modified_gmt":"2023-09-06T13:15:05","slug":"en-politica-nada-esta-escrito-y-no-exenta-de-sorpresas","status":"publish","type":"post","link":"https:\/\/www.acapulcopress.com\/index.php\/2023\/09\/06\/en-politica-nada-esta-escrito-y-no-exenta-de-sorpresas\/","title":{"rendered":"En pol\u00edtica nada est\u00e1 escrito y no exenta de sorpresas"},"content":{"rendered":"<p style=\"text-align: justify\">Carabina 24-30 | La Sucesi\u00f3n del Poder VIII<br \/>\n\u00bb <strong>RICARDO<\/strong> | <strong>CASTILLO BARRIENTOS<\/strong><br \/>\n<em>] Facebook ) <a href=\"https:\/\/www.facebook.com\/ricardocastill01\" target=\"_blank\" rel=\"noopener\">Ricardo Castillo Barrientos<\/a><\/em><\/p>\n<p style=\"text-align: justify\">En pol\u00edtica nada est\u00e1 escrito y no exenta de sorpresas, como no la hubo con la candidatura presidencial de <a href=\"https:\/\/www.facebook.com\/Xochitl.Galvez.R\" target=\"_blank\" rel=\"noopener\">Bertha X\u00f3chitl G\u00e1lvez Ru\u00edz<\/a>, del Frente Amplio por M\u00e9xico, anunciada anticipadamente por el presidente Andr\u00e9s <a href=\"https:\/\/www.facebook.com\/lopezobrador.org.mx\" target=\"_blank\" rel=\"noopener\">Manuel L\u00f3pez Obrador<\/a>, quien afirm\u00f3 que tuvo informaci\u00f3n precisa sobre una reuni\u00f3n clandestina de los \u201cmachuchones\u201d, quienes decidieron que la senadora otom\u00ed representar\u00eda los intereses financieros y pol\u00edticos de los hombres m\u00e1s potentados del pa\u00eds.<\/p>\n<p style=\"text-align: justify\">El proceso de selecci\u00f3n interna de la alianza opositora del PAN, PRI y PRD, no logr\u00f3 culminar exitosamente como estaba previsto en la convocatoria lanzada ex profeso, debido a la declinaci\u00f3n a priori de dos de los finalistas, Santiago Creel y Beatriz Paredes, dejando as\u00ed el paso libre a quien se perfilaba desde un principio como la virtual candidata opositora.<br \/>\nDe la misma forma todo indica que Claudia Sheinbaum Pardo, de ascendencia jud\u00eda, se alzara con la candidatura de la alianza oficialista, integrada por Morena, PT y PVEM, cuyos aspirantes transformados en \u201ccorcholatas\u201d no lograron despertar el inter\u00e9s general, como en un momento se hizo visible a consecuencia de la intempestiva irrupci\u00f3n de X\u00f3chitl G\u00e1lvez, en la escenograf\u00eda ante-pre-electoral.<\/p>\n<p style=\"text-align: justify\">Este d\u00eda por la tarde se confirmar\u00e1 la inminente candidatura de Claudia Sheinbaum, despu\u00e9s de un a\u00f1o de puntera en las encuestas electorales, seguida muy de cerca por Marcelo Ebrard Casaub\u00f3n y m\u00e1s distante Ad\u00e1n Augusto L\u00f3pez Hern\u00e1ndez.<\/p>\n<p style=\"text-align: justify\">Existe expectaci\u00f3n sobre la actitud que asumir\u00e1 Marcelo, cuando hoy conozca que no le favorecieron los resultados de los estudios demosc\u00f3picos, a pesar de su reiterada insistencia que permanecer\u00e1 bajo las siglas de Morena.<\/p>\n<p style=\"text-align: justify\">Las especulaciones est\u00e1n al orden del d\u00eda, dejando entrever que Marcelo Ebrard se podr\u00eda cobijar bajo el manto protector del Movimiento Ciudadano, en caso que su inconformidad sea may\u00fascula o de grandes dimensiones.<\/p>\n<p style=\"text-align: justify\">Despu\u00e9s de auto descartarse el alcalde regiomontano, Luis Donaldo Colosio Riojas, el partido naranja propiedad del vetusto Dante Delgado Rannauro, pondr\u00eda en juego sus propias cartas, con el gobernador de Nuevo Le\u00f3n, Samuel Garc\u00eda, al cual se le cuecen las habas por lanzarse a esta aventura electoral, sin la m\u00ednima posibilidad del triunfo electoral.<br \/>\nEn esta coyuntura pol\u00edtica participar\u00e1n dos destacadas mujeres, surgiendo la posibilidad se incluya una tercera candidata siendo esta del Movimiento Ciudadano, en las figuras de Ivonne Ortega Pacheco o Patricia Mercado Castro.<\/p>\n<p style=\"text-align: justify\">ENCUESTITIS.- La guerra de encuestas orquestada durante los \u00faltimos meses lleg\u00f3 a su fin, en la etapa primaria de definici\u00f3n de candidaturas, con cifras discordantes entre las empresas demosc\u00f3picas con diferencias abismales entre una y otra, generando desconfianza en ellas, por ofrecer resultados faltos de toda credibilidad.<\/p>\n<p style=\"text-align: justify\">En MORENA se contrataron cuatro empresas encuestadoras que realizaron encuestas espejo para confrontarla con la encuesta madre del Comit\u00e9 Nacional.<\/p>\n<p style=\"text-align: justify\">Las empresas contratadas fueron: Buend\u00eda y Asociados, propuesta por Claudia, Mercaei por Marcelo, Heliga Consultores por Ad\u00e1n Augusto y De Las Heras-Demotecnia, propuesta por Velasco, las que levantaron 12 mil cuestionarios en vivienda a nivel nacional.<\/p>\n<p style=\"text-align: justify\">Marcelo Ebrard ha mostrado abiertamente su preocupaci\u00f3n por el sesgo final de los resultados, cuyo proceso cuestion\u00f3 de principio a fin. Su malestar no es nuevo ni reciente para el nombramiento de coordinador o coordinadora de los Comit\u00e9s de Defensa de la Transformaci\u00f3n de M\u00e9xico.<\/p>\n<p style=\"text-align: justify\">Viene ahora una pausa estrat\u00e9gica de las candidatas, en espera de sus registros oficiales ante el Instituto Nacional Electoral (INE), en enero pr\u00f3ximo.<\/p>\n<p style=\"text-align: justify\"><em>] S\u00edguenos en Facebook.com\/<a href=\"https:\/\/www.facebook.com\/acapulcopress\" target=\"_blank\" rel=\"noopener\">acapulcopress<\/a><\/em><br \/>\n<em>] S\u00edguenos en Facebook.com\/<a href=\"https:\/\/www.facebook.com\/angelblanco.press\" target=\"_blank\" rel=\"noopener\">angelblanco.press<\/a><\/em><br \/>\n<em>] S\u00edguenos en ) acapulcopress.com<\/em><\/p>\n","protected":false},"excerpt":{"rendered":"<p>Carabina 24-30 | La Sucesi\u00f3n del Poder VIII \u00bb RICARDO | CASTILLO BARRIENTOS ] Facebook ) Ricardo Castillo Barrientos En pol\u00edtica nada est\u00e1 escrito y no exenta de sorpresas, como no la hubo con la candidatura presidencial de Bertha X\u00f3chitl G\u00e1lvez Ru\u00edz, del Frente Amplio por M\u00e9xico, anunciada anticipadamente por el presidente Andr\u00e9s Manuel L\u00f3pez&#8230;<\/p>\n","protected":false},"author":2,"featured_media":1256794,"comment_status":"closed","ping_status":"closed","sticky":false,"template":"","format":"standard","meta":{"footnotes":""},"categories":[2071,1991],"tags":[3896,4718,5129,11626,12503,15575],"class_list":["post-1256792","post","type-post","status-publish","format-standard","has-post-thumbnail","hentry","category-opinion-analisis-columnas","category-libertad-de-expresion","tag-andres-manuel-lopez-obrador","tag-bertha-xochitl-galvez-ruiz","tag-carabina-24-30","tag-la-sucesion-del-poder","tag-maremagnum","tag-ricardo-castillo-barrientos"],"_links":{"self":[{"href":"https:\/\/www.acapulcopress.com\/index.php\/wp-json\/wp\/v2\/posts\/1256792","targetHints":{"allow":["GET"]}}],"collection":[{"href":"https:\/\/www.acapulcopress.com\/index.php\/wp-json\/wp\/v2\/posts"}],"about":[{"href":"https:\/\/www.acapulcopress.com\/index.php\/wp-json\/wp\/v2\/types\/post"}],"author":[{"embeddable":true,"href":"https:\/\/www.acapulcopress.com\/index.php\/wp-json\/wp\/v2\/users\/2"}],"replies":[{"embeddable":true,"href":"https:\/\/www.acapulcopress.com\/index.php\/wp-json\/wp\/v2\/comments?post=1256792"}],"version-history":[{"count":0,"href":"https:\/\/www.acapulcopress.com\/index.php\/wp-json\/wp\/v2\/posts\/1256792\/revisions"}],"wp:featuredmedia":[{"embeddable":true,"href":"https:\/\/www.acapulcopress.com\/index.php\/wp-json\/"}],"wp:attachment":[{"href":"https:\/\/www.acapulcopress.com\/index.php\/wp-json\/wp\/v2\/media?parent=1256792"}],"wp:term":[{"taxonomy":"category","embeddable":true,"href":"https:\/\/www.acapulcopress.com\/index.php\/wp-json\/wp\/v2\/categories?post=1256792"},{"taxonomy":"post_tag","embeddable":true,"href":"https:\/\/www.acapulcopress.com\/index.php\/wp-json\/wp\/v2\/tags?post=1256792"}],"curies":[{"name":"wp","href":"https:\/\/api.w.org\/{rel}","templated":true}]}}