{"id":1256799,"date":"2023-09-06T18:42:32","date_gmt":"2023-09-07T00:42:32","guid":{"rendered":"https:\/\/www.acapulcopress.com\/?p=1256799"},"modified":"2023-09-06T18:42:32","modified_gmt":"2023-09-07T00:42:32","slug":"exige-marcelo-reposicion-del-proceso-interno-de-morena","status":"publish","type":"post","link":"https:\/\/www.acapulcopress.com\/index.php\/2023\/09\/06\/exige-marcelo-reposicion-del-proceso-interno-de-morena\/","title":{"rendered":"Exige Marcelo reposici\u00f3n de proceso de Morena"},"content":{"rendered":"<div class=\"xdj266r x11i5rnm xat24cr x1mh8g0r x1vvkbs x126k92a\">\n<div dir=\"auto\" style=\"text-align: justify\"><em>* \u00abMarcelo, aguanta, el pueblo se levanta\u00bb, corea X\u00f3chitl<\/em><\/div>\n<div dir=\"auto\" style=\"text-align: justify\"><strong><em>* \u201cAlito\u201d Moreno califica de \u201ctramposo, violento y fraudulento\u201d el proceso morenista para elegir candidato presidencial<\/em><\/strong><\/div>\n<\/div>\n<div class=\"x11i5rnm xat24cr x1mh8g0r x1vvkbs xtlvy1s x126k92a\" style=\"text-align: justify\">\n<div dir=\"auto\"><\/div>\n<\/div>\n<div class=\"x11i5rnm xat24cr x1mh8g0r x1vvkbs xtlvy1s x126k92a\" style=\"text-align: justify\">\n<div dir=\"auto\">CIUDAD DE M\u00c9XICO * Septiembre 6, 2023.<\/div>\n<div dir=\"auto\"><em>) <a href=\"https:\/\/www.proceso.com.mx\/nacional\/politica\/2023\/9\/6\/marcelo-aguanta-asi-reacciono-xochitl-galvez-la-denuncia-de-ebrard-video-314330.html\" target=\"_blank\" rel=\"noopener\">Apro<\/a><\/em><\/div>\n<\/div>\n<div class=\"x11i5rnm xat24cr x1mh8g0r x1vvkbs xtlvy1s x126k92a\" style=\"text-align: justify\">\n<div dir=\"auto\">\n<p><a class=\"x1i10hfl xjbqb8w x6umtig x1b1mbwd xaqea5y xav7gou x9f619 x1ypdohk xt0psk2 xe8uvvx xdj266r x11i5rnm xat24cr x1mh8g0r xexx8yu x4uap5 x18d9i69 xkhd6sd x16tdsg8 x1hl2dhg xggy1nq x1a2a7pz xt0b8zv x1qq9wsj xo1l8bm\" role=\"link\" href=\"https:\/\/www.facebook.com\/Xochitl.Galvez.R?__cft__[0]=AZVFueisfseJ0nvmOBqEZJXXseEbt3QhtwULva264Ph297pvXjcRF_f7NbwBetZG3jDe2wTwyQQz8Coz5ziYOtSOyCM3wMQJsAyAa3amhk1JUErg_jNFzrnrfxev3UUwZriR2Ukrvz06XGXXBI7Y04wV&amp;__tn__=-]K-R\" target=\"_blank\" rel=\"noopener\"><span class=\"xt0psk2\">X\u00f3chitl G\u00e1lvez Ruiz<\/span><\/a>, aspirante presidencial del Frente Amplio por M\u00e9xico, reaccion\u00f3 con sorna al reclamo de <a class=\"x1i10hfl xjbqb8w x6umtig x1b1mbwd xaqea5y xav7gou x9f619 x1ypdohk xt0psk2 xe8uvvx xdj266r x11i5rnm xat24cr x1mh8g0r xexx8yu x4uap5 x18d9i69 xkhd6sd x16tdsg8 x1hl2dhg xggy1nq x1a2a7pz xt0b8zv x1qq9wsj xo1l8bm\" role=\"link\" href=\"https:\/\/www.facebook.com\/MarceloEbrardC?__cft__[0]=AZVFueisfseJ0nvmOBqEZJXXseEbt3QhtwULva264Ph297pvXjcRF_f7NbwBetZG3jDe2wTwyQQz8Coz5ziYOtSOyCM3wMQJsAyAa3amhk1JUErg_jNFzrnrfxev3UUwZriR2Ukrvz06XGXXBI7Y04wV&amp;__tn__=-]K-R\" target=\"_blank\" rel=\"noopener\"><span class=\"xt0psk2\">Marcelo Ebrard<\/span><\/a> contra el proceso interno morenista.<\/p>\n<\/div>\n<\/div>\n<div class=\"x11i5rnm xat24cr x1mh8g0r x1vvkbs xtlvy1s x126k92a\" style=\"text-align: justify\">\n<div dir=\"auto\">\n<p>El excanciller demand\u00f3 reponer el proceso de la encuesta para elegir al Coordinador de los Comit\u00e9s de Defensa de la Cuarta Transformaci\u00f3n.<\/p>\n<\/div>\n<\/div>\n<div class=\"x11i5rnm xat24cr x1mh8g0r x1vvkbs xtlvy1s x126k92a\" style=\"text-align: justify\">\n<div dir=\"auto\">\n<p>Entrevistada en el Senado, G\u00e1lvez solt\u00f3 a los reporteros entre risas: \u201cMarcelo, aguanta, el pueblo se levanta\u201d.<\/p>\n<\/div>\n<\/div>\n<div class=\"x11i5rnm xat24cr x1mh8g0r x1vvkbs xtlvy1s x126k92a\" style=\"text-align: justify\">\n<div dir=\"auto\">\n<p>La senadora panista parodi\u00f3 la misma frase que el presidente Andr\u00e9s Manuel L\u00f3pez Obrador utiliz\u00f3 contra aspirantes opositores como Lilly T\u00e9llez y m\u00e1s recientemente de Beatriz Paredes, ante las versiones de que se le pidi\u00f3 declinar en favor de la hoy aspirante del Frente Amplio.<\/p>\n<\/div>\n<\/div>\n<div class=\"x11i5rnm xat24cr x1mh8g0r x1vvkbs xtlvy1s x126k92a\" style=\"text-align: justify\">\n<div dir=\"auto\">\n<p>En otra parte de la entrevista, X\u00f3chitl G\u00e1lvez consider\u00f3 que \u201ces justo\u00bb que escuchen la denuncia de Ebrard.<\/p>\n<div style=\"width: 848px;\" class=\"wp-video\"><video class=\"wp-video-shortcode\" id=\"video-1256799-1\" width=\"848\" height=\"480\" preload=\"metadata\" controls=\"controls\"><source type=\"video\/mp4\" src=\"https:\/\/www.acapulcopress.com\/wp-content\/uploads\/2023\/09\/XOCHIL-MARCELO.mp4?_=1\" \/><a href=\"https:\/\/www.acapulcopress.com\/wp-content\/uploads\/2023\/09\/XOCHIL-MARCELO.mp4\">https:\/\/www.acapulcopress.com\/wp-content\/uploads\/2023\/09\/XOCHIL-MARCELO.mp4<\/a><\/video><\/div>\n<\/div>\n<\/div>\n<div class=\"x11i5rnm xat24cr x1mh8g0r x1vvkbs xtlvy1s x126k92a\" style=\"text-align: justify\">\n<div dir=\"auto\">\n<p>PROCESO \u201cTRAMPOSO, VIOLENTO Y FRAUDULENTO\u00bb | &#8216;ALITO&#8217;<\/p>\n<\/div>\n<\/div>\n<div class=\"x11i5rnm xat24cr x1mh8g0r x1vvkbs xtlvy1s x126k92a\" style=\"text-align: justify\">\n<div dir=\"auto\">\n<p>El l\u00edder nacional priista <a class=\"x1i10hfl xjbqb8w x6umtig x1b1mbwd xaqea5y xav7gou x9f619 x1ypdohk xt0psk2 xe8uvvx xdj266r x11i5rnm xat24cr x1mh8g0r xexx8yu x4uap5 x18d9i69 xkhd6sd x16tdsg8 x1hl2dhg xggy1nq x1a2a7pz xt0b8zv x1qq9wsj xo1l8bm\" role=\"link\" href=\"https:\/\/www.facebook.com\/AlejandroMC?__cft__[0]=AZVFueisfseJ0nvmOBqEZJXXseEbt3QhtwULva264Ph297pvXjcRF_f7NbwBetZG3jDe2wTwyQQz8Coz5ziYOtSOyCM3wMQJsAyAa3amhk1JUErg_jNFzrnrfxev3UUwZriR2Ukrvz06XGXXBI7Y04wV&amp;__tn__=-]K-R\" target=\"_blank\" rel=\"noopener\"><span class=\"xt0psk2\">Alejandro Moreno C\u00e1rdenas<\/span><\/a>, &#8216;\u201cAlito&#8217;, descalific\u00f3 el proceso interno de Morena para designar a su abanderado a la presidencia despu\u00e9s de que el excanciller <img loading=\"lazy\" decoding=\"async\" class=\"alignleft wp-image-1256803 size-medium\" src=\"https:\/\/www.acapulcopress.com\/wp-content\/uploads\/2023\/09\/alito-x-375x239.jpeg\" alt=\"\" width=\"375\" height=\"239\" \/>Marcelo Ebrard exigiera reponer el procedimiento.<\/p>\n<\/div>\n<\/div>\n<div class=\"x11i5rnm xat24cr x1mh8g0r x1vvkbs xtlvy1s x126k92a\" style=\"text-align: justify\">\n<div dir=\"auto\">\n<p>El exgobernador de Campeche calific\u00f3 de \u201cincapaces\u201d e ineptos\u201d a los morenistas y consider\u00f3 que su proceso fue un \u201ccirco\u201d y una \u201cfarsa\u201d.<\/p>\n<\/div>\n<\/div>\n<div class=\"x11i5rnm xat24cr x1mh8g0r x1vvkbs xtlvy1s x126k92a\" style=\"text-align: justify\">\n<div dir=\"auto\">\n<p>En ese contexto confi\u00f3 en que los derrotar\u00e1n en 2024.<\/p>\n<\/div>\n<\/div>\n<div class=\"x11i5rnm xat24cr x1mh8g0r x1vvkbs xtlvy1s x126k92a\" style=\"text-align: justify\">\n<div dir=\"auto\">\n<p>\u201cPor lo visto el proceso de Morena result\u00f3 peor de lo que se esperaba: tramposo, violento y fraudulento. \u00a1Es un circo y una farsa!<\/p>\n<\/div>\n<\/div>\n<div class=\"x11i5rnm xat24cr x1mh8g0r x1vvkbs xtlvy1s x126k92a\" style=\"text-align: justify\">\n<div dir=\"auto\">\u201cSon incapaces e ineptos, no pueden llevar un proceso interno en paz. No tienen calidad moral para hablar en nombre del pueblo, cuando ni a sus propios militantes respetan.<\/div>\n<\/div>\n<div class=\"x11i5rnm xat24cr x1mh8g0r x1vvkbs xtlvy1s x126k92a\" style=\"text-align: justify\">\n<div dir=\"auto\">\n<p>\u201cMientras tanto de este lado avanzamos unidos y fuertes. Les esperamos en 2024\u2026 con lo que quede de Morena. \u00a1Les vamos a ganar\u201d, tuite\u00f3 \u201cAlito\u201d Moreno.<\/p>\n<\/div>\n<\/div>\n<div class=\"x11i5rnm xat24cr x1mh8g0r x1vvkbs xtlvy1s x126k92a\" style=\"text-align: justify\">\n<div dir=\"auto\">\n<p>El dirigente priista comparti\u00f3 el video en el que los simpatizantes gritan \u201cfraude\u201d en la conferencia de Ebrard.<\/p>\n<\/div>\n<\/div>\n<div class=\"x11i5rnm xat24cr x1mh8g0r x1vvkbs xtlvy1s x126k92a\" style=\"text-align: justify\">\n<div dir=\"auto\">\n<p>\u00ab\u00bfQuiubo, @mario_delgado? \u00bfC\u00f3mo vas con tu proceso? Muy bien, \u00bfno? \u00a1Mario, aguanta, el pueblo se levanta!\u201d, se burl\u00f3.<\/p>\n<\/div>\n<\/div>\n<div class=\"x11i5rnm xat24cr x1mh8g0r x1vvkbs xtlvy1s x126k92a\" style=\"text-align: justify\">\n<div dir=\"auto\">\n<p>INCIDENCIAS E IRREGULARIDADES | MARCELO<\/p>\n<\/div>\n<\/div>\n<div class=\"x11i5rnm xat24cr x1mh8g0r x1vvkbs xtlvy1s x126k92a\" style=\"text-align: justify\">\n<div dir=\"auto\">\n<p>El aspirante presidencial Marcelo Ebrard Casaubon denunci\u00f3 \u201cbastantes incidencias\u201d e \u201cirregularidades\u201d en la \u201cencuesta madre\u201d &#8211;es decir, la que est\u00e1 llevando a cabo Morena&#8211;, las cuales desembocaron en la anulaci\u00f3n de boletas.<\/p>\n<\/div>\n<\/div>\n<div class=\"x11i5rnm xat24cr x1mh8g0r x1vvkbs xtlvy1s x126k92a\" style=\"text-align: justify\">\n<div dir=\"auto\">\n<p>\u201cNo lo estamos diciendo porque vayamos a perder o porque vayamos a ganar; lo estamos haciendo porque somos unos dem\u00f3cratas\u201d, asever\u00f3 el diputado mexiquense Daniel Sibaja ante los reporteros convocados esta ma\u00f1ana afuera del hotel Bel-Air. Y agreg\u00f3: \u201cla verdad estamos sorprendidos porque pens\u00e1bamos que iban a haber ciertas incidencias, pero nos sorprendi\u00f3 el nivel de incidencias que hay, y la anulaci\u00f3n de paquetes\u201d.<\/p>\n<\/div>\n<\/div>\n<div class=\"x11i5rnm xat24cr x1mh8g0r x1vvkbs xtlvy1s x126k92a\" style=\"text-align: justify\">\n<div dir=\"auto\">\n<p>A pesar de la veda impuesta por el partido, que proh\u00edbe a los aspirantes a la candidatura y sus equipos a pronunciarse sobre la encuesta \u2013y menos a poner en duda el proceso de selecci\u00f3n&#8211;, los representantes de Ebrard en el cuarto donde se realiza el conteo de boletas se\u00f1alaron que han observado inconsistencias entre el n\u00famero de secci\u00f3n y el folio de urnas, turnas que llegan sin actas, urnas con demasiadas boletas, talonarios desprendidos o bolsas de seguridad que \u201cno hacen match\u201d con las urnas, entre otros.<\/p>\n<\/div>\n<\/div>\n<div class=\"x11i5rnm xat24cr x1mh8g0r x1vvkbs xtlvy1s x126k92a\" style=\"text-align: justify\">\n<div dir=\"auto\">\n<p>La senadora Martha Luc\u00eda Micher Camarena denunci\u00f3 que la \u201cencuesta madre\u201d, aquella que definir\u00e1 la candidatura de Morena, ha tenido el mayor n\u00famero de irregularidades. \u201cEsto no nos da la certeza de que se est\u00e9 realizando como debiera de ser la encuesta m\u00e1s importante\u201d, lament\u00f3.<\/p>\n<\/div>\n<\/div>\n<div class=\"x11i5rnm xat24cr x1mh8g0r x1vvkbs xtlvy1s x126k92a\" style=\"text-align: justify\">\n<div dir=\"auto\">\n<p>\u201cLo \u00fanico que queremos, y no vamos a dar ninguna declaraci\u00f3n de que si cochinero, o lo que me acaban de decir, queremos que la ciudadan\u00eda est\u00e9 informada que algunas cosas no est\u00e1n saliendo bien, que nos preocupan, y que en este proceso se comprometieron a cumplir un acuerdo pone en riesgo esto que se firm\u00f3\u201d, insisti\u00f3 la legisladora.<\/p>\n<\/div>\n<\/div>\n<div class=\"x11i5rnm xat24cr x1mh8g0r x1vvkbs xtlvy1s x126k92a\" style=\"text-align: justify\">\n<div dir=\"auto\">\n<p>Ximena Escobedo, quien colabor\u00f3 con Ebrard en la Canciller\u00eda, inform\u00f3 que, a lo largo de las \u00faltimas 18 horas, \u201chemos visto unas incidencias que se han visto reflejadas en la anulaci\u00f3n de algunas de las urnas\u201d.<\/p>\n<\/div>\n<\/div>\n<div class=\"x11i5rnm xat24cr x1mh8g0r x1vvkbs xtlvy1s x126k92a\" style=\"text-align: justify\">\n<div dir=\"auto\">\n<p>Sibaja recalc\u00f3 que, en d\u00edas pasados, el equipo de Ebrard entreg\u00f3 una queja formal a Alfonso Durazo Monta\u00f1o, el presidente del Consejo Nacional de Morena, donde se\u00f1alaron \u201cuna serie de irregularidades\u201d en las precampa\u00f1as de Claudia Sheinbaum Pardo y Ad\u00e1n Augusto L\u00f3pez Hern\u00e1ndez; y se\u00f1al\u00f3: \u201cdesgraciadamente se han comprobado con la apertura de estos paquetes\u201d.<\/p>\n<\/div>\n<\/div>\n<div class=\"x11i5rnm xat24cr x1mh8g0r x1vvkbs xtlvy1s x126k92a\" style=\"text-align: justify\">\n<div dir=\"auto\">\n<p>\u201cHemos demostrado que hab\u00eda compa\u00f1eras y compa\u00f1eros que conoc\u00edan previamente las secciones y hubo volanteo previo a estas secciones, los cual anula todo el proceso democr\u00e1tico\u201d, acus\u00f3.<\/p>\n<\/div>\n<\/div>\n<div class=\"x11i5rnm xat24cr x1mh8g0r x1vvkbs xtlvy1s x126k92a\" style=\"text-align: justify\">\n<div dir=\"auto\">\n<p>Estas declaraciones, en el momento m\u00e1s \u00e1lgido del conteo de votos, ejercen una presi\u00f3n adicional sobre Morena y su presidente nacional, <a class=\"x1i10hfl xjbqb8w x6umtig x1b1mbwd xaqea5y xav7gou x9f619 x1ypdohk xt0psk2 xe8uvvx xdj266r x11i5rnm xat24cr x1mh8g0r xexx8yu x4uap5 x18d9i69 xkhd6sd x16tdsg8 x1hl2dhg xggy1nq x1a2a7pz xt0b8zv x1qq9wsj xo1l8bm\" role=\"link\" href=\"https:\/\/www.facebook.com\/mariodelgadocarrillo?__cft__[0]=AZVFueisfseJ0nvmOBqEZJXXseEbt3QhtwULva264Ph297pvXjcRF_f7NbwBetZG3jDe2wTwyQQz8Coz5ziYOtSOyCM3wMQJsAyAa3amhk1JUErg_jNFzrnrfxev3UUwZriR2Ukrvz06XGXXBI7Y04wV&amp;__tn__=-]K-R\" target=\"_blank\" rel=\"noopener\"><span class=\"xt0psk2\">Mario Delgado Carrillo<\/span><\/a>, pues se suman a los mensajes de Ebrard donde expres\u00f3 sus \u201cpreocupaciones\u201d sobre la encuesta.<\/p>\n<\/div>\n<\/div>\n<div class=\"x11i5rnm xat24cr x1mh8g0r x1vvkbs xtlvy1s x126k92a\" style=\"text-align: justify\">\n<div dir=\"auto\">\n<p>Desde junio pasado, el excanciller se ha quejado de las \u201cirregularidades\u201d en las que incurren sus rivales, pero siempre ha mantenido en vilo la duda sobre lo que har\u00e1 en caso de perder la encuesta; eso es, si reconocer\u00e1 los resultados o si romper\u00e1 con Morena.<\/p>\n<\/div>\n<\/div>\n<div class=\"x11i5rnm xat24cr x1mh8g0r x1vvkbs xtlvy1s x126k92a\" style=\"text-align: justify\">\n<div dir=\"auto\">\n<p>La senadora Micher resumi\u00f3 hoy la encrucijada en que se encuentran los simpatizantes de Ebrard: \u201cNo es nada m\u00e1s un proceso, una encuesta. Es una encuesta que podr\u00eda definir qui\u00e9n ser\u00eda el posible candidato y el posible presidente del pa\u00eds. Por ende, toda incidencia, sea m\u00ednima, tiene que tomarse en cuenta, y no se puede tomar a la ligera\u201d.<\/p>\n<div style=\"width: 720px;\" class=\"wp-video\"><video class=\"wp-video-shortcode\" id=\"video-1256799-2\" width=\"720\" height=\"1280\" preload=\"metadata\" controls=\"controls\"><source type=\"video\/mp4\" src=\"https:\/\/www.acapulcopress.com\/wp-content\/uploads\/2023\/09\/MARCELO-FRAUDE.mp4?_=2\" \/><a href=\"https:\/\/www.acapulcopress.com\/wp-content\/uploads\/2023\/09\/MARCELO-FRAUDE.mp4\">https:\/\/www.acapulcopress.com\/wp-content\/uploads\/2023\/09\/MARCELO-FRAUDE.mp4<\/a><\/video><\/div>\n<\/div>\n<\/div>\n<div class=\"x11i5rnm xat24cr x1mh8g0r x1vvkbs xtlvy1s x126k92a\">\n<div dir=\"auto\" style=\"text-align: justify\">] S\u00edguenos en <a class=\"x1i10hfl xjbqb8w x6umtig x1b1mbwd xaqea5y xav7gou x9f619 x1ypdohk xt0psk2 xe8uvvx xdj266r x11i5rnm xat24cr x1mh8g0r xexx8yu x4uap5 x18d9i69 xkhd6sd x16tdsg8 x1hl2dhg xggy1nq x1a2a7pz xt0b8zv x1qq9wsj xo1l8bm\" role=\"link\" href=\"https:\/\/www.facebook.com\/acapulcopress?__cft__[0]=AZVFueisfseJ0nvmOBqEZJXXseEbt3QhtwULva264Ph297pvXjcRF_f7NbwBetZG3jDe2wTwyQQz8Coz5ziYOtSOyCM3wMQJsAyAa3amhk1JUErg_jNFzrnrfxev3UUwZriR2Ukrvz06XGXXBI7Y04wV&amp;__tn__=-]K-R\" target=\"_blank\" rel=\"noopener\"><span class=\"xt0psk2\">AcapulcoPress<\/span><\/a><\/div>\n<div dir=\"auto\" style=\"text-align: justify\">] S\u00edguenos en <a class=\"x1i10hfl xjbqb8w x6umtig x1b1mbwd xaqea5y xav7gou x9f619 x1ypdohk xt0psk2 xe8uvvx xdj266r x11i5rnm xat24cr x1mh8g0r xexx8yu x4uap5 x18d9i69 xkhd6sd x16tdsg8 x1hl2dhg xggy1nq x1a2a7pz xt0b8zv x1qq9wsj xo1l8bm\" role=\"link\" href=\"https:\/\/www.facebook.com\/angelblanco.press?__cft__[0]=AZVFueisfseJ0nvmOBqEZJXXseEbt3QhtwULva264Ph297pvXjcRF_f7NbwBetZG3jDe2wTwyQQz8Coz5ziYOtSOyCM3wMQJsAyAa3amhk1JUErg_jNFzrnrfxev3UUwZriR2Ukrvz06XGXXBI7Y04wV&amp;__tn__=-]K-R\" target=\"_blank\" rel=\"noopener\"><span class=\"xt0psk2\">Angel Blanco<\/span><\/a><\/div>\n<div dir=\"auto\" style=\"text-align: justify\">] S\u00edguenos en ) <a class=\"x1i10hfl xjbqb8w x6umtig x1b1mbwd xaqea5y xav7gou x9f619 x1ypdohk xt0psk2 xe8uvvx xdj266r x11i5rnm xat24cr x1mh8g0r xexx8yu x4uap5 x18d9i69 xkhd6sd x16tdsg8 x1hl2dhg xggy1nq x1a2a7pz xt0b8zv x1fey0fg\" role=\"link\" href=\"http:\/\/acapulcopress.com\/?fbclid=IwAR1muDqTLzrCNDZyM6tVrmtA3WBwkWCWBct7w5FCZPJqH6y6i3EypvEpaqE\" target=\"_blank\" rel=\"nofollow noopener noreferrer\">acapulcopress.com<\/a><\/div>\n<\/div>\n","protected":false},"excerpt":{"rendered":"<p>* \u00abMarcelo, aguanta, el pueblo se levanta\u00bb, corea X\u00f3chitl * \u201cAlito\u201d Moreno califica de \u201ctramposo, violento y fraudulento\u201d el proceso morenista para elegir candidato presidencial CIUDAD DE M\u00c9XICO * Septiembre 6, 2023. ) Apro X\u00f3chitl G\u00e1lvez Ruiz, aspirante presidencial del Frente Amplio por M\u00e9xico, reaccion\u00f3 con sorna al reclamo de Marcelo Ebrard contra el proceso&#8230;<\/p>\n","protected":false},"author":2,"featured_media":1256804,"comment_status":"closed","ping_status":"closed","sticky":false,"template":"","format":"standard","meta":{"footnotes":""},"categories":[1997],"tags":[2112,3793,3890,12448,13297,18162],"class_list":["post-1256799","post","type-post","status-publish","format-standard","has-post-thumbnail","hentry","category-noticias-destacadas","tag-corcholatas-de-morena","tag-amlo","tag-andres-m","tag-marcelo-ebrard-casaubon","tag-morena","tag-xochitl-galvez-ruiz"],"_links":{"self":[{"href":"https:\/\/www.acapulcopress.com\/index.php\/wp-json\/wp\/v2\/posts\/1256799","targetHints":{"allow":["GET"]}}],"collection":[{"href":"https:\/\/www.acapulcopress.com\/index.php\/wp-json\/wp\/v2\/posts"}],"about":[{"href":"https:\/\/www.acapulcopress.com\/index.php\/wp-json\/wp\/v2\/types\/post"}],"author":[{"embeddable":true,"href":"https:\/\/www.acapulcopress.com\/index.php\/wp-json\/wp\/v2\/users\/2"}],"replies":[{"embeddable":true,"href":"https:\/\/www.acapulcopress.com\/index.php\/wp-json\/wp\/v2\/comments?post=1256799"}],"version-history":[{"count":0,"href":"https:\/\/www.acapulcopress.com\/index.php\/wp-json\/wp\/v2\/posts\/1256799\/revisions"}],"wp:featuredmedia":[{"embeddable":true,"href":"https:\/\/www.acapulcopress.com\/index.php\/wp-json\/"}],"wp:attachment":[{"href":"https:\/\/www.acapulcopress.com\/index.php\/wp-json\/wp\/v2\/media?parent=1256799"}],"wp:term":[{"taxonomy":"category","embeddable":true,"href":"https:\/\/www.acapulcopress.com\/index.php\/wp-json\/wp\/v2\/categories?post=1256799"},{"taxonomy":"post_tag","embeddable":true,"href":"https:\/\/www.acapulcopress.com\/index.php\/wp-json\/wp\/v2\/tags?post=1256799"}],"curies":[{"name":"wp","href":"https:\/\/api.w.org\/{rel}","templated":true}]}}