{"id":1256817,"date":"2023-09-06T20:35:12","date_gmt":"2023-09-07T02:35:12","guid":{"rendered":"https:\/\/www.acapulcopress.com\/?p=1256817"},"modified":"2023-09-06T20:35:12","modified_gmt":"2023-09-07T02:35:12","slug":"morena-el-montaje-llamado-proceso-interno","status":"publish","type":"post","link":"https:\/\/www.acapulcopress.com\/index.php\/2023\/09\/06\/morena-el-montaje-llamado-proceso-interno\/","title":{"rendered":"Morena | El montaje llamado proceso interno"},"content":{"rendered":"<div class=\"xdj266r x11i5rnm xat24cr x1mh8g0r x1vvkbs x126k92a\">\n<div dir=\"auto\"><strong>E d i t o r i a l<\/strong><\/div>\n<div dir=\"auto\"><\/div>\n<\/div>\n<div class=\"x11i5rnm xat24cr x1mh8g0r x1vvkbs xtlvy1s x126k92a\">\n<div dir=\"auto\" style=\"text-align: justify\">\n<p>\u00bfTanta faramalla, circo, maroma y derroche de dinero para declarar a <a class=\"x1i10hfl xjbqb8w x6umtig x1b1mbwd xaqea5y xav7gou x9f619 x1ypdohk xt0psk2 xe8uvvx xdj266r x11i5rnm xat24cr x1mh8g0r xexx8yu x4uap5 x18d9i69 xkhd6sd x16tdsg8 x1hl2dhg xggy1nq x1a2a7pz xt0b8zv x1qq9wsj xo1l8bm\" role=\"link\" href=\"https:\/\/www.facebook.com\/ClaudiaSheinbaumPardo?__cft__[0]=AZVsoOjJ4XINp6K4KLYrmD8dx2PmerM2vFYCk1y5JvA6cEs4eLsMp2FalNXh33kLZ-QG-6X7OuuRclJhGpv17r7EzSkgvEjxOO-WfFrtE8-pEJWlYr-ojpNoZf-v4vcCrMeEmXrAJC5K0efW4BXny1ZE154PMQ_yGQ7eisAT0zLgpj1zTEcdbAImFvjeIC4MVSM&amp;__tn__=-]K-R\" target=\"_blank\" rel=\"noopener\"><span class=\"xt0psk2\">Claudia Sheinbaum<\/span><\/a> como candidata oficial del partido en el poder, cuando desde el principio del fraudulento proceso interno ya estaba &#8216;palomeada&#8217; por el &#8216;dedito&#8217; de AMLO como la elegida para contender por la Presidencia de la Rep\u00fablica en 2024? \u00bfQu\u00e9 gana el presidente <a href=\"https:\/\/www.facebook.com\/lopezobrador.org.mx\" target=\"_blank\" rel=\"noopener\">Andr\u00e9s Manuel L\u00f3pez Obrador<\/a> con dividir a su partido, ahora que m\u00e1s fuerte debe llegar al proceso electoral del pr\u00f3ximo a\u00f1o, confrontando a los morenistas que salen m\u00e1s fracturados que fortalecidos del proceso que el mismo <a class=\"x1i10hfl xjbqb8w x6umtig x1b1mbwd xaqea5y xav7gou x9f619 x1ypdohk xt0psk2 xe8uvvx xdj266r x11i5rnm xat24cr x1mh8g0r xexx8yu x4uap5 x18d9i69 xkhd6sd x16tdsg8 x1hl2dhg xggy1nq x1a2a7pz xt0b8zv x1qq9wsj xo1l8bm\" role=\"link\" href=\"https:\/\/www.facebook.com\/MarceloEbrardC?__cft__[0]=AZVsoOjJ4XINp6K4KLYrmD8dx2PmerM2vFYCk1y5JvA6cEs4eLsMp2FalNXh33kLZ-QG-6X7OuuRclJhGpv17r7EzSkgvEjxOO-WfFrtE8-pEJWlYr-ojpNoZf-v4vcCrMeEmXrAJC5K0efW4BXny1ZE154PMQ_yGQ7eisAT0zLgpj1zTEcdbAImFvjeIC4MVSM&amp;__tn__=-]K-R\" target=\"_blank\" rel=\"noopener\"><span class=\"xt0psk2\">Marcelo Ebrard<\/span><\/a> estaba consciente de que solo era un montaje de &#8216;democracia cuatrista&#8217;? La elecci\u00f3n de Claudia ni fue sorpresa, ni novedad, ni primicia noticiosa. Solamente se oficializ\u00f3 lo que la candidatada del <em>Frente Amplio por M\u00e9xico<\/em> (FAM), <a class=\"x1i10hfl xjbqb8w x6umtig x1b1mbwd xaqea5y xav7gou x9f619 x1ypdohk xt0psk2 xe8uvvx xdj266r x11i5rnm xat24cr x1mh8g0r xexx8yu x4uap5 x18d9i69 xkhd6sd x16tdsg8 x1hl2dhg xggy1nq x1a2a7pz xt0b8zv x1qq9wsj xo1l8bm\" role=\"link\" href=\"https:\/\/www.facebook.com\/Xochitl.Galvez.R?__cft__[0]=AZVsoOjJ4XINp6K4KLYrmD8dx2PmerM2vFYCk1y5JvA6cEs4eLsMp2FalNXh33kLZ-QG-6X7OuuRclJhGpv17r7EzSkgvEjxOO-WfFrtE8-pEJWlYr-ojpNoZf-v4vcCrMeEmXrAJC5K0efW4BXny1ZE154PMQ_yGQ7eisAT0zLgpj1zTEcdbAImFvjeIC4MVSM&amp;__tn__=-]K-R\" target=\"_blank\" rel=\"noopener\"><span class=\"xt0psk2\">X\u00f3chitl G\u00e1lvez Ruiz<\/span><\/a>, hab\u00eda augurado: \u00abQue la disputa por la Presidencia de M\u00e9xico 2024 ser\u00eda entre Claudia y ella\u00bb. \u00a1Ahora solo falta que Marcelo le aseste otro golpe mortal a Morena &#8216;desertando&#8217; hacia <a class=\"x1i10hfl xjbqb8w x6umtig x1b1mbwd xaqea5y xav7gou x9f619 x1ypdohk xt0psk2 xe8uvvx xdj266r x11i5rnm xat24cr x1mh8g0r xexx8yu x4uap5 x18d9i69 xkhd6sd x16tdsg8 x1hl2dhg xggy1nq x1a2a7pz xt0b8zv x1qq9wsj xo1l8bm\" role=\"link\" href=\"https:\/\/www.facebook.com\/MovCiudadanoMX?__cft__[0]=AZVsoOjJ4XINp6K4KLYrmD8dx2PmerM2vFYCk1y5JvA6cEs4eLsMp2FalNXh33kLZ-QG-6X7OuuRclJhGpv17r7EzSkgvEjxOO-WfFrtE8-pEJWlYr-ojpNoZf-v4vcCrMeEmXrAJC5K0efW4BXny1ZE154PMQ_yGQ7eisAT0zLgpj1zTEcdbAImFvjeIC4MVSM&amp;__tn__=-]K-R\" target=\"_blank\" rel=\"noopener\"><span class=\"xt0psk2\">Movimiento Ciudadano<\/span><\/a>, donde de ser candidato externo de ese partido complicar\u00eda a\u00fan m\u00e1s la situaci\u00f3n para Sheinbaum, quien contender\u00eda contra dos aspirantes m\u00e1s fuertes y mucho m\u00e1s populares que ella. Si Morena no la tuvo f\u00e1cil en el Estado de M\u00e9xico, donde gan\u00f3 la elecci\u00f3n el pasado 4 de junio, gracias a la suma de votos de sus aliados PT y PVEM, \u00a1la presidencia de M\u00e9xico 2024 no ser\u00e1 nada f\u00e1cil! Y de ello, AMLO est\u00e1 consciente.<\/p>\n<\/div>\n<\/div>\n<div class=\"x11i5rnm xat24cr x1mh8g0r x1vvkbs xtlvy1s x126k92a\">\n<div dir=\"auto\"><em>] S\u00edguenos en <a class=\"x1i10hfl xjbqb8w x6umtig x1b1mbwd xaqea5y xav7gou x9f619 x1ypdohk xt0psk2 xe8uvvx xdj266r x11i5rnm xat24cr x1mh8g0r xexx8yu x4uap5 x18d9i69 xkhd6sd x16tdsg8 x1hl2dhg xggy1nq x1a2a7pz xt0b8zv x1qq9wsj xo1l8bm\" role=\"link\" href=\"https:\/\/www.facebook.com\/acapulcopress?__cft__[0]=AZVsoOjJ4XINp6K4KLYrmD8dx2PmerM2vFYCk1y5JvA6cEs4eLsMp2FalNXh33kLZ-QG-6X7OuuRclJhGpv17r7EzSkgvEjxOO-WfFrtE8-pEJWlYr-ojpNoZf-v4vcCrMeEmXrAJC5K0efW4BXny1ZE154PMQ_yGQ7eisAT0zLgpj1zTEcdbAImFvjeIC4MVSM&amp;__tn__=-]K-R\"><span class=\"xt0psk2\">AcapulcoPress<\/span><\/a><\/em><\/div>\n<div dir=\"auto\"><em>] S\u00edguenos en <a class=\"x1i10hfl xjbqb8w x6umtig x1b1mbwd xaqea5y xav7gou x9f619 x1ypdohk xt0psk2 xe8uvvx xdj266r x11i5rnm xat24cr x1mh8g0r xexx8yu x4uap5 x18d9i69 xkhd6sd x16tdsg8 x1hl2dhg xggy1nq x1a2a7pz xt0b8zv x1qq9wsj xo1l8bm\" role=\"link\" href=\"https:\/\/www.facebook.com\/angelblanco.press?__cft__[0]=AZVsoOjJ4XINp6K4KLYrmD8dx2PmerM2vFYCk1y5JvA6cEs4eLsMp2FalNXh33kLZ-QG-6X7OuuRclJhGpv17r7EzSkgvEjxOO-WfFrtE8-pEJWlYr-ojpNoZf-v4vcCrMeEmXrAJC5K0efW4BXny1ZE154PMQ_yGQ7eisAT0zLgpj1zTEcdbAImFvjeIC4MVSM&amp;__tn__=-]K-R\"><span class=\"xt0psk2\">Angel Blanco<\/span><\/a><\/em><\/div>\n<\/div>\n","protected":false},"excerpt":{"rendered":"<p>E d i t o r i a l \u00bfTanta faramalla, circo, maroma y derroche de dinero para declarar a Claudia Sheinbaum como candidata oficial del partido en el poder, cuando desde el principio del fraudulento proceso interno ya estaba &#8216;palomeada&#8217; por el &#8216;dedito&#8217; de AMLO como la elegida para contender por la Presidencia de&#8230;<\/p>\n","protected":false},"author":2,"featured_media":1256818,"comment_status":"closed","ping_status":"closed","sticky":false,"template":"","format":"standard","meta":{"footnotes":""},"categories":[2048,1972,2008],"tags":[3793,3896,5853,8930,13015,13333,18162],"class_list":["post-1256817","post","type-post","status-publish","format-standard","has-post-thumbnail","hentry","category-editorial-editorial","category-special","category-editorial","tag-amlo","tag-andres-manuel-lopez-obrador","tag-claudia-sheinbaum-pardo","tag-frente-amplio-por-mexico-fam","tag-mexico-2024","tag-movimiento-ciudadano","tag-xochitl-galvez-ruiz"],"_links":{"self":[{"href":"https:\/\/www.acapulcopress.com\/index.php\/wp-json\/wp\/v2\/posts\/1256817","targetHints":{"allow":["GET"]}}],"collection":[{"href":"https:\/\/www.acapulcopress.com\/index.php\/wp-json\/wp\/v2\/posts"}],"about":[{"href":"https:\/\/www.acapulcopress.com\/index.php\/wp-json\/wp\/v2\/types\/post"}],"author":[{"embeddable":true,"href":"https:\/\/www.acapulcopress.com\/index.php\/wp-json\/wp\/v2\/users\/2"}],"replies":[{"embeddable":true,"href":"https:\/\/www.acapulcopress.com\/index.php\/wp-json\/wp\/v2\/comments?post=1256817"}],"version-history":[{"count":0,"href":"https:\/\/www.acapulcopress.com\/index.php\/wp-json\/wp\/v2\/posts\/1256817\/revisions"}],"wp:featuredmedia":[{"embeddable":true,"href":"https:\/\/www.acapulcopress.com\/index.php\/wp-json\/"}],"wp:attachment":[{"href":"https:\/\/www.acapulcopress.com\/index.php\/wp-json\/wp\/v2\/media?parent=1256817"}],"wp:term":[{"taxonomy":"category","embeddable":true,"href":"https:\/\/www.acapulcopress.com\/index.php\/wp-json\/wp\/v2\/categories?post=1256817"},{"taxonomy":"post_tag","embeddable":true,"href":"https:\/\/www.acapulcopress.com\/index.php\/wp-json\/wp\/v2\/tags?post=1256817"}],"curies":[{"name":"wp","href":"https:\/\/api.w.org\/{rel}","templated":true}]}}