{"id":1256824,"date":"2023-09-06T22:19:58","date_gmt":"2023-09-07T04:19:58","guid":{"rendered":"https:\/\/www.acapulcopress.com\/?p=1256824"},"modified":"2023-09-06T22:19:58","modified_gmt":"2023-09-07T04:19:58","slug":"refrenda-evelyn-salgado-compromiso-de-un-guerrero-mas-seguro-para-las-mujeres","status":"publish","type":"post","link":"https:\/\/www.acapulcopress.com\/index.php\/2023\/09\/06\/refrenda-evelyn-salgado-compromiso-de-un-guerrero-mas-seguro-para-las-mujeres\/","title":{"rendered":"Refrenda Evelyn Salgado compromiso de un Guerrero m\u00e1s seguro para las mujeres"},"content":{"rendered":"<p style=\"text-align: justify\">CHILPANCINGO * Septiembre 6, 2023.<br \/>\n<em>) Gobierno de Guerrero<\/em><\/p>\n<p style=\"text-align: justify\">En la lucha para erradicar cualquier tipo violencia contra las mujeres y defender sus <img loading=\"lazy\" decoding=\"async\" class=\"alignleft size-medium wp-image-1256829\" src=\"https:\/\/www.acapulcopress.com\/wp-content\/uploads\/2023\/09\/ESP.-MUJERES5-375x250.jpg\" alt=\"\" width=\"375\" height=\"250\" \/>derechos, no hay colores partidistas; unidas y bajo un mismo fin, los resultados llegar\u00e1n en menor tiempo, afirm\u00f3 la gobernadora <a href=\"https:\/\/www.facebook.com\/EvelynSalgadoP\" target=\"_blank\" rel=\"noopener\">Evelyn Salgado Pineda<\/a> al reafirmar su compromiso para hacer de Guerrero un santuario libre de violencia de g\u00e9nero.<\/p>\n<p style=\"text-align: justify\">Al encabezar la Cuadrag\u00e9sima Tercera Sesi\u00f3n Ordinaria del Sistema Estatal para Prevenir, Atender, Sancionar y Erradicar la Violencia contra las Mujeres, se revisaron los avances y seguimiento de las Declaratorias de las dos alertas de Violencia de G\u00e9nero contra las Mujeres en el estado de Guerrero, por agravio comparado y violencia feminicida.<\/p>\n<p style=\"text-align: justify\">En su mensaje, Evelyn Salgado puntualiz\u00f3 que se han dado pasos s\u00f3lidos para cumplir con las medidas para lograr levantar las alertas de violencia de g\u00e9nero en Guerrero, <img loading=\"lazy\" decoding=\"async\" class=\"alignleft size-medium wp-image-1256827\" src=\"https:\/\/www.acapulcopress.com\/wp-content\/uploads\/2023\/09\/ESP.-MUJERES3-375x250.jpg\" alt=\"\" width=\"375\" height=\"250\" \/>fortaleciendo las pol\u00edticas que han dado buenos resultados y refrendando los esfuerzos de la mano de los municipios y organizaciones enfocados en la vida de las mujeres guerrerenses.<\/p>\n<p style=\"text-align: justify\">\u00abGuerrero tiene retos pendientes y tenemos mucho trabajo por hacer, por eso tenemos que redoblar esfuerzos, pero estamos en condiciones de avanzar con el levantamiento de esta alerta (de agravio comparado), con un avance importante en la segunda por Violencia Feminicida que nos motiva a trabajar sin descanso\u00bb, puntualiz\u00f3 Evelyn Salgado.<\/p>\n<p style=\"text-align: justify\">En este sentido, dijo que ha instruido a todas las dependencias de esta administraci\u00f3n, realizar acciones contundentes en la materia, tomando como punto de partida las medidas <img loading=\"lazy\" decoding=\"async\" class=\"alignleft size-medium wp-image-1256826\" src=\"https:\/\/www.acapulcopress.com\/wp-content\/uploads\/2023\/09\/ESP.-MUJERES2-375x250.jpg\" alt=\"\" width=\"375\" height=\"250\" \/>declaradas por las dos alertas de violencia de g\u00e9nero activas en el estado.<\/p>\n<p style=\"text-align: justify\">\u00abEste gobierno asumi\u00f3 las medidas de Alerta de G\u00e9nero como la oportunidad y posibilidad de mejorar la vida de todas las mujeres guerrerenses y se tiene un avance significativo en cuanto a las alertas, espec\u00edficamente en la de agravio comparado gracias al compromiso de los tres poderes del estado\u00bb, afirm\u00f3 la gobernadora Evelyn Salgado.<\/p>\n<p style=\"text-align: justify\">Agreg\u00f3 que Guerrero avanza en la implementaci\u00f3n de pol\u00edticas p\u00fablicas que generen mejores condiciones para garantizar los derechos humanos de las mujeres, as\u00ed como el acceso a la justicia y reparaci\u00f3n del da\u00f1o.<\/p>\n<p style=\"text-align: justify\">Dentro de estas acciones para erradicar la violencia contra las mujeres, destac\u00f3 que se <img loading=\"lazy\" decoding=\"async\" class=\"alignleft size-medium wp-image-1256825\" src=\"https:\/\/www.acapulcopress.com\/wp-content\/uploads\/2023\/09\/ESP.-MUJERES-375x250.jpg\" alt=\"\" width=\"375\" height=\"250\" \/>implement\u00f3 el Protocolo \u00abVioleta\u00bb que en su vertiente de Alerta \u00abVioleta\u00bb tiene una efectividad del 91 por ciento en la localizaci\u00f3n de ni\u00f1as, adolescentes y mujeres reportadas como desaparecidas al 911, adem\u00e1s de destacar el Transporte \u00abVioleta\u00bb que se consolida en Chilpancingo, Acapulco y en espera de implementarse en Zihuatanejo, Iguala y Eduardo Neri.<\/p>\n<p style=\"text-align: justify\">Para fortalecer todas las acciones y avanzar en el compromiso de convertir a Guerrero en un santuario para las mujeres en la sesi\u00f3n, la secretaria de la Mujer, Violeta Pino Gir\u00f3n, present\u00f3 el Programa Especial para Prevenir, Atender, Sancionar y Erradicar la Violencia contra las Mujeres, mismo que fue aprobado por unanimidad.<\/p>\n<p style=\"text-align: justify\">Asistieron el secretario general de Gobierno, Ludwig Marcial Reynoso N\u00fa\u00f1ez; el presidente del Tribunal Superior de Justicia, Raymundo Casarrubias V\u00e1zquez; la diputada Gabriela Bernal Res\u00e9ndiz, presidenta de la Comisi\u00f3n para la igualdad de G\u00e9nero del Congreso del Estado, representantes de organizaciones sociales; Yenedith Barrientos Santiago, Directora General para Prevenir la Violencia contra la Mujer; la Fiscal General del Estado, Sandra Luz Valdovinos Salmer\u00f3n, entre otras mujeres\u00a0activistas.<\/p>\n<p><em>] S\u00edguenos en Facebook.com\/<a href=\"https:\/\/www.facebook.com\/acapulcopress\" target=\"_blank\" rel=\"noopener\">acapulcopress<\/a><\/em><br \/>\n<em>] S\u00edguenos en Facebook.com\/<a href=\"https:\/\/www.facebook.com\/angelblanco.press\" target=\"_blank\" rel=\"noopener\">angelblanco.press<\/a><\/em><\/p>\n","protected":false},"excerpt":{"rendered":"<p>CHILPANCINGO * Septiembre 6, 2023. ) Gobierno de Guerrero En la lucha para erradicar cualquier tipo violencia contra las mujeres y defender sus derechos, no hay colores partidistas; unidas y bajo un mismo fin, los resultados llegar\u00e1n en menor tiempo, afirm\u00f3 la gobernadora Evelyn Salgado Pineda al reafirmar su compromiso para hacer de Guerrero un&#8230;<\/p>\n","protected":false},"author":2,"featured_media":1256830,"comment_status":"closed","ping_status":"closed","sticky":false,"template":"","format":"standard","meta":{"footnotes":""},"categories":[1972,1983,18561],"tags":[8251,17933],"class_list":["post-1256824","post","type-post","status-publish","format-standard","has-post-thumbnail","hentry","category-special","category-guerrerogob","category-society-politics","tag-evelyn-salgado-pineda","tag-violencia-de-genero"],"_links":{"self":[{"href":"https:\/\/www.acapulcopress.com\/index.php\/wp-json\/wp\/v2\/posts\/1256824","targetHints":{"allow":["GET"]}}],"collection":[{"href":"https:\/\/www.acapulcopress.com\/index.php\/wp-json\/wp\/v2\/posts"}],"about":[{"href":"https:\/\/www.acapulcopress.com\/index.php\/wp-json\/wp\/v2\/types\/post"}],"author":[{"embeddable":true,"href":"https:\/\/www.acapulcopress.com\/index.php\/wp-json\/wp\/v2\/users\/2"}],"replies":[{"embeddable":true,"href":"https:\/\/www.acapulcopress.com\/index.php\/wp-json\/wp\/v2\/comments?post=1256824"}],"version-history":[{"count":0,"href":"https:\/\/www.acapulcopress.com\/index.php\/wp-json\/wp\/v2\/posts\/1256824\/revisions"}],"wp:featuredmedia":[{"embeddable":true,"href":"https:\/\/www.acapulcopress.com\/index.php\/wp-json\/"}],"wp:attachment":[{"href":"https:\/\/www.acapulcopress.com\/index.php\/wp-json\/wp\/v2\/media?parent=1256824"}],"wp:term":[{"taxonomy":"category","embeddable":true,"href":"https:\/\/www.acapulcopress.com\/index.php\/wp-json\/wp\/v2\/categories?post=1256824"},{"taxonomy":"post_tag","embeddable":true,"href":"https:\/\/www.acapulcopress.com\/index.php\/wp-json\/wp\/v2\/tags?post=1256824"}],"curies":[{"name":"wp","href":"https:\/\/api.w.org\/{rel}","templated":true}]}}