{"id":1256837,"date":"2023-09-06T22:55:56","date_gmt":"2023-09-07T04:55:56","guid":{"rendered":"https:\/\/www.acapulcopress.com\/?p=1256837"},"modified":"2023-09-06T22:55:56","modified_gmt":"2023-09-07T04:55:56","slug":"el-frente-amplio-recibe-a-quienes-amlo-no-les-cumplio-xochitl","status":"publish","type":"post","link":"https:\/\/www.acapulcopress.com\/index.php\/2023\/09\/06\/el-frente-amplio-recibe-a-quienes-amlo-no-les-cumplio-xochitl\/","title":{"rendered":"El Frente Amplio recibe a quienes AMLO no les cumpli\u00f3 | X\u00f3chitl"},"content":{"rendered":"<div class=\"xdj266r x11i5rnm xat24cr x1mh8g0r x1vvkbs x126k92a\">\n<div dir=\"auto\" style=\"text-align: justify\">CIUDAD DE M\u00c9XICO * Septiembre 6, 2023.<br \/>\n<em>) <a href=\"https:\/\/latinus.us\/2023\/09\/06\/xochitl-galvez-se-cuelga-de-conflicto-en-morena-y-le-lanza-guino-a-ebrard-el-frente-amplio-recibe-a-quienes-amlo-no-les-cumplio\/\" target=\"_blank\" rel=\"noopener\">Apro<\/a><\/em><\/p>\n<\/div>\n<\/div>\n<div class=\"x11i5rnm xat24cr x1mh8g0r x1vvkbs xtlvy1s x126k92a\" style=\"text-align: justify\">\n<div dir=\"auto\">La senadora <a href=\"https:\/\/www.facebook.com\/Xochitl.Galvez.R\" target=\"_blank\" rel=\"noopener\">X\u00f3chitl G\u00e1lvez<\/a> expres\u00f3 su apoyo al excanciller <a class=\"x1i10hfl xjbqb8w x6umtig x1b1mbwd xaqea5y xav7gou x9f619 x1ypdohk xt0psk2 xe8uvvx xdj266r x11i5rnm xat24cr x1mh8g0r xexx8yu x4uap5 x18d9i69 xkhd6sd x16tdsg8 x1hl2dhg xggy1nq x1a2a7pz xt0b8zv x1qq9wsj xo1l8bm\" role=\"link\" href=\"https:\/\/www.facebook.com\/MarceloEbrardC?__cft__[0]=AZXjfeC7hSaqUA7BcB32QEqXiF_0sOa9GofrUEL0S7y8I-v-buWG9VNnwMXv1V4tqDPkk7KA1yD3c3aQop22mbeIk6Zb4jrrwi7vtW5SLz40UcRmh27ZZQGHBBjXrrcwrQs&amp;__tn__=-]K-R\" target=\"_blank\" rel=\"noopener\"><span class=\"xt0psk2\">Marcelo Ebrard<\/span><\/a>, quien acus\u00f3 irregularidades en el proceso de la elecci\u00f3n del candidato presidencial de Morena, el cual pidi\u00f3 se reponga.<\/p>\n<\/div>\n<\/div>\n<div class=\"x11i5rnm xat24cr x1mh8g0r x1vvkbs xtlvy1s x126k92a\" style=\"text-align: justify\">\n<div dir=\"auto\">\u201c\u00a1Marcelo, aguanta, el pueblo se levanta!\u201d, brome\u00f3 la coordinadora del Frente Amplio por M\u00e9xico al t\u00e9rmino de la sesi\u00f3n ordinaria del Senado.<\/p>\n<\/div>\n<\/div>\n<div class=\"x11i5rnm xat24cr x1mh8g0r x1vvkbs xtlvy1s x126k92a\" style=\"text-align: justify\">\n<div dir=\"auto\">G\u00e1lvez consider\u00f3 que \u201cest\u00e1n enojados\u201d en Morena, por lo que pidi\u00f3 que escuchen a Ebrard Casaub\u00f3n en su petici\u00f3n de reponer el proceso de encuestas.<\/p>\n<\/div>\n<\/div>\n<div class=\"x11i5rnm xat24cr x1mh8g0r x1vvkbs xtlvy1s x126k92a\" style=\"text-align: justify\">\n<div dir=\"auto\">La aspirante presidencial tiene la percepci\u00f3n de que el excanciller no rompa con el partido oficialista y, en caso de que haya ruptura, consider\u00f3 que no le afecta ni tampoco le beneficia. Mantuvo su apuesta de que <a class=\"x1i10hfl xjbqb8w x6umtig x1b1mbwd xaqea5y xav7gou x9f619 x1ypdohk xt0psk2 xe8uvvx xdj266r x11i5rnm xat24cr x1mh8g0r xexx8yu x4uap5 x18d9i69 xkhd6sd x16tdsg8 x1hl2dhg xggy1nq x1a2a7pz xt0b8zv x1qq9wsj xo1l8bm\" role=\"link\" href=\"https:\/\/www.facebook.com\/ClaudiaSheinbaumPardo?__cft__[0]=AZXjfeC7hSaqUA7BcB32QEqXiF_0sOa9GofrUEL0S7y8I-v-buWG9VNnwMXv1V4tqDPkk7KA1yD3c3aQop22mbeIk6Zb4jrrwi7vtW5SLz40UcRmh27ZZQGHBBjXrrcwrQs&amp;__tn__=-]K-R\" target=\"_blank\" rel=\"noopener\"><span class=\"xt0psk2\">Claudia Sheinbaum<\/span><\/a> ser\u00e1 la candidata presidencial de Morena.<\/p>\n<\/div>\n<\/div>\n<div class=\"x11i5rnm xat24cr x1mh8g0r x1vvkbs xtlvy1s x126k92a\" style=\"text-align: justify\">\n<div dir=\"auto\">M\u00e1s tarde, lanz\u00f3 una publicaci\u00f3n en la red social \u201cX\u201d en la que asegur\u00f3 que en el Frente Amplio por M\u00e9xico reciben a quienes el presidente L\u00f3pez Obrador no les cumpli\u00f3, y no con la fuerza p\u00fablica.<\/p>\n<\/div>\n<\/div>\n<div class=\"x11i5rnm xat24cr x1mh8g0r x1vvkbs xtlvy1s x126k92a\" style=\"text-align: justify\">\n<div dir=\"auto\">Sin mencionar el nombre de Marcelo Ebrard, G\u00e1lvez escribi\u00f3: \u201c\u00bfA ti tampoco te cumpli\u00f3 AMLO?\u201d<\/p>\n<\/div>\n<\/div>\n<div class=\"x11i5rnm xat24cr x1mh8g0r x1vvkbs xtlvy1s x126k92a\" style=\"text-align: justify\">\n<div dir=\"auto\">En otro posteo, la senadora mostr\u00f3 apoyo a su colega Martha Luc\u00eda M\u00edcher, representante de Ebrard, quien fue impedida a entrar a la sede donde se realiza el conteo de votos de la elecci\u00f3n interna de Morena.<\/p>\n<\/div>\n<\/div>\n<div class=\"x11i5rnm xat24cr x1mh8g0r x1vvkbs xtlvy1s x126k92a\" style=\"text-align: justify\">\n<div dir=\"auto\">En un mensaje en un hotel de la Ciudad de M\u00e9xico, el equipo del aspirante presidencial Marcelo Ebrard afirm\u00f3 que la encuesta que levant\u00f3 Morena tiene m\u00faltiples irregularidades, por lo que exigi\u00f3 limpiar el proceso.<\/p>\n<\/div>\n<\/div>\n<div class=\"x11i5rnm xat24cr x1mh8g0r x1vvkbs xtlvy1s x126k92a\" style=\"text-align: justify\">\n<div dir=\"auto\">\u201cQueremos que la ciudadan\u00eda sepa que algunas cuestiones no est\u00e1n saliendo bien, y que este proceso que se comprometieron a cumplir poner en riesgo lo que se firm\u00f3. Hay cosas muy valiosas, el hecho de la encuesta. Pero hay cuatro encuestadoras que son espejo, y una madre que es la de Morena, y eso no nos da la certeza\u201d, dijo la senadora Martha Lucia M\u00edcher.<\/div>\n<\/div>\n<div class=\"x11i5rnm xat24cr x1mh8g0r x1vvkbs xtlvy1s x126k92a\">\n<div dir=\"auto\" style=\"text-align: justify\">] S\u00edguenos en <a class=\"x1i10hfl xjbqb8w x6umtig x1b1mbwd xaqea5y xav7gou x9f619 x1ypdohk xt0psk2 xe8uvvx xdj266r x11i5rnm xat24cr x1mh8g0r xexx8yu x4uap5 x18d9i69 xkhd6sd x16tdsg8 x1hl2dhg xggy1nq x1a2a7pz xt0b8zv x1qq9wsj xo1l8bm\" role=\"link\" href=\"https:\/\/www.facebook.com\/acapulcopress?__cft__[0]=AZXjfeC7hSaqUA7BcB32QEqXiF_0sOa9GofrUEL0S7y8I-v-buWG9VNnwMXv1V4tqDPkk7KA1yD3c3aQop22mbeIk6Zb4jrrwi7vtW5SLz40UcRmh27ZZQGHBBjXrrcwrQs&amp;__tn__=-]K-R\" target=\"_blank\" rel=\"noopener\"><span class=\"xt0psk2\">Facebook.com\/acapulcopress<\/span><\/a><\/div>\n<div dir=\"auto\" style=\"text-align: justify\">] S\u00edguenos en <a class=\"x1i10hfl xjbqb8w x6umtig x1b1mbwd xaqea5y xav7gou x9f619 x1ypdohk xt0psk2 xe8uvvx xdj266r x11i5rnm xat24cr x1mh8g0r xexx8yu x4uap5 x18d9i69 xkhd6sd x16tdsg8 x1hl2dhg xggy1nq x1a2a7pz xt0b8zv x1qq9wsj xo1l8bm\" role=\"link\" href=\"https:\/\/www.facebook.com\/angelblanco.press?__cft__[0]=AZXjfeC7hSaqUA7BcB32QEqXiF_0sOa9GofrUEL0S7y8I-v-buWG9VNnwMXv1V4tqDPkk7KA1yD3c3aQop22mbeIk6Zb4jrrwi7vtW5SLz40UcRmh27ZZQGHBBjXrrcwrQs&amp;__tn__=-]K-R\" target=\"_blank\" rel=\"noopener\"><span class=\"xt0psk2\">Facebook.com\/angelblanco.press<\/span><\/a><\/div>\n<\/div>\n","protected":false},"excerpt":{"rendered":"<p>CIUDAD DE M\u00c9XICO * Septiembre 6, 2023. ) Apro La senadora X\u00f3chitl G\u00e1lvez expres\u00f3 su apoyo al excanciller Marcelo Ebrard, quien acus\u00f3 irregularidades en el proceso de la elecci\u00f3n del candidato presidencial de Morena, el cual pidi\u00f3 se reponga. \u201c\u00a1Marcelo, aguanta, el pueblo se levanta!\u201d, brome\u00f3 la coordinadora del Frente Amplio por M\u00e9xico al t\u00e9rmino&#8230;<\/p>\n","protected":false},"author":2,"featured_media":1256838,"comment_status":"closed","ping_status":"closed","sticky":false,"template":"","format":"standard","meta":{"footnotes":""},"categories":[2052,18561],"tags":[4718,5853,12448,13297],"class_list":["post-1256837","post","type-post","status-publish","format-standard","has-post-thumbnail","hentry","category-elecciones","category-society-politics","tag-bertha-xochitl-galvez-ruiz","tag-claudia-sheinbaum-pardo","tag-marcelo-ebrard-casaubon","tag-morena"],"_links":{"self":[{"href":"https:\/\/www.acapulcopress.com\/index.php\/wp-json\/wp\/v2\/posts\/1256837","targetHints":{"allow":["GET"]}}],"collection":[{"href":"https:\/\/www.acapulcopress.com\/index.php\/wp-json\/wp\/v2\/posts"}],"about":[{"href":"https:\/\/www.acapulcopress.com\/index.php\/wp-json\/wp\/v2\/types\/post"}],"author":[{"embeddable":true,"href":"https:\/\/www.acapulcopress.com\/index.php\/wp-json\/wp\/v2\/users\/2"}],"replies":[{"embeddable":true,"href":"https:\/\/www.acapulcopress.com\/index.php\/wp-json\/wp\/v2\/comments?post=1256837"}],"version-history":[{"count":0,"href":"https:\/\/www.acapulcopress.com\/index.php\/wp-json\/wp\/v2\/posts\/1256837\/revisions"}],"wp:featuredmedia":[{"embeddable":true,"href":"https:\/\/www.acapulcopress.com\/index.php\/wp-json\/"}],"wp:attachment":[{"href":"https:\/\/www.acapulcopress.com\/index.php\/wp-json\/wp\/v2\/media?parent=1256837"}],"wp:term":[{"taxonomy":"category","embeddable":true,"href":"https:\/\/www.acapulcopress.com\/index.php\/wp-json\/wp\/v2\/categories?post=1256837"},{"taxonomy":"post_tag","embeddable":true,"href":"https:\/\/www.acapulcopress.com\/index.php\/wp-json\/wp\/v2\/tags?post=1256837"}],"curies":[{"name":"wp","href":"https:\/\/api.w.org\/{rel}","templated":true}]}}