{"id":1256847,"date":"2023-09-06T23:21:00","date_gmt":"2023-09-07T05:21:00","guid":{"rendered":"https:\/\/www.acapulcopress.com\/?p=1256847"},"modified":"2023-09-06T23:21:00","modified_gmt":"2023-09-07T05:21:00","slug":"elige-congreso-a-representante-al-concurso-nacional-de-oratoria-en-nayarit","status":"publish","type":"post","link":"https:\/\/www.acapulcopress.com\/index.php\/2023\/09\/06\/elige-congreso-a-representante-al-concurso-nacional-de-oratoria-en-nayarit\/","title":{"rendered":"Elige Congreso a representante al Concurso Nacional de Oratoria en Nayarit"},"content":{"rendered":"<p style=\"text-align: justify\">CHILPANCINGO * Septiembre 6, 2023.<br \/>\n<em>) Congreso de Guerrero<\/em><br \/>\nEl Congreso del Estado, a trav\u00e9s de la Comisiones de Educaci\u00f3n, Ciencia y Tecnolog\u00eda y de la Juventud y el Deporte, llev\u00f3 a cabo este mi\u00e9rcoles el concurso estatal para seleccionar a <img loading=\"lazy\" decoding=\"async\" class=\"alignleft size-medium wp-image-1256848\" src=\"https:\/\/www.acapulcopress.com\/wp-content\/uploads\/2023\/09\/CONSURSO-ORATORIA-2-375x259.jpg\" alt=\"\" width=\"375\" height=\"259\" \/>quien representar\u00e1 al Poder Legislativo de Guerrero en el V Concurso Nacional de Oratoria \u201cJuan Escutia\u201d, a realizarse el pr\u00f3ximo 13 de septiembre en el estado de Nayarit.<\/p>\n<p style=\"text-align: justify\">En su intervenci\u00f3n, el diputado Masedonio Mendoza Basurto y la diputada Ang\u00e9lica Espinoza Garc\u00eda, presidentes de las citadas comisiones legislativas, coincidieron en que actualmente se brindan mayores oportunidades de participaci\u00f3n en los diferentes \u00e1mbitos a las y los j\u00f3venes guerrerenses, lo cual debe motivarlos para seguir prepar\u00e1ndose acad\u00e9micamente.<\/p>\n<p style=\"text-align: justify\">Les reiteraron, adem\u00e1s, que el Congreso del Estado siempre estar\u00e1 dispuesto a generar espacios de expresi\u00f3n y formaci\u00f3n que coadyuven a potenciar el desarrollo personal y <img loading=\"lazy\" decoding=\"async\" class=\"alignleft size-medium wp-image-1256850\" src=\"https:\/\/www.acapulcopress.com\/wp-content\/uploads\/2023\/09\/CONSURSO-ORATORIA-375x262.jpg\" alt=\"\" width=\"375\" height=\"262\" \/>profesional de las juventudes.<\/p>\n<p style=\"text-align: justify\">Result\u00f3 electo para acudir al Congreso de Nayarit al V Concurso Nacional de Oratoria, en representaci\u00f3n del Congreso de Guerrero, Pablo Garc\u00eda Cort\u00e9s, del municipio de Ometepec.<\/p>\n<p style=\"text-align: justify\">Participaron tambi\u00e9n Emiliano Org\u00e1niz Carrillo, de Tecpan de Galena; Axel Eduardo Ciriaco Dom\u00ednguez, de Taxco de Alarc\u00f3n; Alondra Iturbide Ortiz, de Cochoapa el Grande, y Jes\u00fas Emiliano Araujo Araujo, de Chilpancingo.<\/p>\n<p style=\"text-align: justify\">Fungieron como jurado calificador Javier Arturo Rodr\u00edguez Alarc\u00f3n, Am\u00e9rica del R\u00edo, Severiano Jacinto G\u00f3mez y Roberto Salazar L\u00f3pez, quienes evaluaron de los concursantes el manejo del discurso, voz, rasgos t\u00e9cnicos, contenido, estructura, cualidades est\u00e9ticas y apego al respeto a trav\u00e9s de las disertaciones.<\/p>\n<p style=\"text-align: justify\"><em>] S\u00edguenos en Facebook.com\/<a href=\"https:\/\/www.facebook.com\/acapulcopress\" target=\"_blank\" rel=\"noopener\">acapulcopress<\/a><\/em><br \/>\n<em>] S\u00edguenos en Facebook.com\/a<a href=\"https:\/\/www.facebook.com\/angelblanco.press\" target=\"_blank\" rel=\"noopener\">ngelblanco.press<\/a><\/em><\/p>\n","protected":false},"excerpt":{"rendered":"<p>CHILPANCINGO * Septiembre 6, 2023. ) Congreso de Guerrero El Congreso del Estado, a trav\u00e9s de la Comisiones de Educaci\u00f3n, Ciencia y Tecnolog\u00eda y de la Juventud y el Deporte, llev\u00f3 a cabo este mi\u00e9rcoles el concurso estatal para seleccionar a quien representar\u00e1 al Poder Legislativo de Guerrero en el V Concurso Nacional de Oratoria&#8230;<\/p>\n","protected":false},"author":2,"featured_media":1256849,"comment_status":"closed","ping_status":"closed","sticky":false,"template":"","format":"standard","meta":{"footnotes":""},"categories":[61,18561],"tags":[],"class_list":["post-1256847","post","type-post","status-publish","format-standard","has-post-thumbnail","hentry","category-legislacion","category-society-politics"],"_links":{"self":[{"href":"https:\/\/www.acapulcopress.com\/index.php\/wp-json\/wp\/v2\/posts\/1256847","targetHints":{"allow":["GET"]}}],"collection":[{"href":"https:\/\/www.acapulcopress.com\/index.php\/wp-json\/wp\/v2\/posts"}],"about":[{"href":"https:\/\/www.acapulcopress.com\/index.php\/wp-json\/wp\/v2\/types\/post"}],"author":[{"embeddable":true,"href":"https:\/\/www.acapulcopress.com\/index.php\/wp-json\/wp\/v2\/users\/2"}],"replies":[{"embeddable":true,"href":"https:\/\/www.acapulcopress.com\/index.php\/wp-json\/wp\/v2\/comments?post=1256847"}],"version-history":[{"count":0,"href":"https:\/\/www.acapulcopress.com\/index.php\/wp-json\/wp\/v2\/posts\/1256847\/revisions"}],"wp:featuredmedia":[{"embeddable":true,"href":"https:\/\/www.acapulcopress.com\/index.php\/wp-json\/"}],"wp:attachment":[{"href":"https:\/\/www.acapulcopress.com\/index.php\/wp-json\/wp\/v2\/media?parent=1256847"}],"wp:term":[{"taxonomy":"category","embeddable":true,"href":"https:\/\/www.acapulcopress.com\/index.php\/wp-json\/wp\/v2\/categories?post=1256847"},{"taxonomy":"post_tag","embeddable":true,"href":"https:\/\/www.acapulcopress.com\/index.php\/wp-json\/wp\/v2\/tags?post=1256847"}],"curies":[{"name":"wp","href":"https:\/\/api.w.org\/{rel}","templated":true}]}}