{"id":1256861,"date":"2023-09-07T20:22:12","date_gmt":"2023-09-08T02:22:12","guid":{"rendered":"https:\/\/www.acapulcopress.com\/?p=1256861"},"modified":"2023-09-07T20:22:12","modified_gmt":"2023-09-08T02:22:12","slug":"echeme-a-su-gallo-y-gallina-con-los-dos-puedo-reta-xochitl-a-amlo","status":"publish","type":"post","link":"https:\/\/www.acapulcopress.com\/index.php\/2023\/09\/07\/echeme-a-su-gallo-y-gallina-con-los-dos-puedo-reta-xochitl-a-amlo\/","title":{"rendered":"\u00ab\u00c9cheme a su gallo y gallina, con los dos puedo!\u00bb, reta X\u00f3chitl a AMLO"},"content":{"rendered":"<p style=\"text-align: justify\">CIUDAD DE M\u00c9XICO * Septiembre 7, 2023.<br \/>\n<em>) <a href=\"https:\/\/mxpolitico.net\/echeme-a-su-gallo-y-gallina-con-los-dos-puedo-xochitl-galvez-reta-a-amlo\/\" target=\"_blank\" rel=\"noopener\">Pol\u00edticoMx<\/a><\/em><\/p>\n<p style=\"text-align: justify\"><a href=\"https:\/\/www.facebook.com\/Xochitl.Galvez.R\" target=\"_blank\" rel=\"noopener\"><span class=\"xv78j7m\">X\u00f3chitl G\u00e1lvez Ruiz<\/span><\/a>, candidata presidencial del Frente Amplio por M\u00e9xico, reaccion\u00f3 a los dichos del presidente <a href=\"https:\/\/www.facebook.com\/lopezobrador.org.mx\" target=\"_blank\" rel=\"noopener\"><span class=\"xv78j7m\">Andr\u00e9s Manuel L\u00f3pez Obrador<\/span><\/a> sobre que ella ganar\u00eda el tercer lugar <img loading=\"lazy\" decoding=\"async\" class=\"alignleft size-medium wp-image-1256864\" src=\"https:\/\/www.acapulcopress.com\/wp-content\/uploads\/2023\/09\/claudia-sheinbaum-375x211.jpg\" alt=\"\" width=\"375\" height=\"211\" \/>en las elecciones del 2024, en caso de que <a href=\"https:\/\/www.facebook.com\/MarceloEbrardC\" target=\"_blank\" rel=\"noopener\"><span class=\"xv78j7m\">Marcelo Ebrard<\/span><\/a> decidiera ser candidato independiente o de alg\u00fan otro partido, luego de que ayer <a href=\"https:\/\/www.facebook.com\/ClaudiaSheinbaumPardo\" target=\"_blank\" rel=\"noopener\"><span class=\"xv78j7m\">Claudia Sheinbaum<\/span><\/a> fue seleccionada para representar a Morena en los pr\u00f3ximos comicios.<\/p>\n<p style=\"text-align: justify\">En su cuenta de X (antes Twitter), la senadora panista inicialmente acus\u00f3 al presidente de ver \u201ca las personas como votos\u201d, por hablar durante su conferencia ma\u00f1anera de hoy sobre las preferencias electorales y argumentar que Ebrard tiene popularidad entre la clase media.<\/p>\n<p style=\"text-align: justify\">En la misma publicaci\u00f3n, G\u00e1lvez Ruiz volvi\u00f3 a apostar con L\u00f3pez Obrador, pero en esta ocasi\u00f3n sobre que la oposici\u00f3n ganar\u00e1 la Presidencia de la Rep\u00fablica.<\/p>\n<p style=\"text-align: justify\"><img loading=\"lazy\" decoding=\"async\" class=\"alignleft size-medium wp-image-1256866\" src=\"https:\/\/www.acapulcopress.com\/wp-content\/uploads\/2023\/09\/gallo-y-gallina-375x398.jpeg\" alt=\"\" width=\"375\" height=\"398\" \/>\u201cEl problema en Palacio es que ven a las personas como votos. En el Frente las vemos como corazones. Le vuelvo a jugar doble contra sencillo que estos corazones laten m\u00e1s fuerte de lo que cree, Presidente\u201d, escribi\u00f3 en la red social.<\/p>\n<p style=\"text-align: justify\">En un otro tuit, en el que republic\u00f3 el video de &#8216;La Ma\u00f1anera&#8217;, la legisladora critic\u00f3 que el titular del Ejecutivo simule candidaturas en vez de gobernar y afirm\u00f3 que ella le puede ganar a Claudia Sheinbaum y a Marcelo Ebrard.<\/p>\n<p style=\"text-align: justify\">\u201cPresidente, \u00bfsi mejor se pone a gobernar en lugar de manipular encuestas y simular candidaturas opositoras? \u00c9cheme a su gallo y gallina, \u00a1con los dos puedo!\u201d, agreg\u00f3 en la segunda publicaci\u00f3n.<\/p>\n<p style=\"text-align: justify\">EBRARD NO SER\u00c1 CANDIDATO INDEPENDIENTE<\/p>\n<p style=\"text-align: justify\">El equipo de Marcelo Ebrard Casaub\u00f3n refrend\u00f3 hoy que el excanciller definir\u00e1 su futuro en la pol\u00edtica despu\u00e9s de la asamblea que sostendr\u00e1 con sus bases el pr\u00f3ximo lunes 11, por lo <img loading=\"lazy\" decoding=\"async\" class=\"alignleft size-medium wp-image-1256865\" src=\"https:\/\/www.acapulcopress.com\/wp-content\/uploads\/2023\/09\/ebrard-375x211.webp\" alt=\"\" width=\"375\" height=\"211\" \/>que no se inscribir\u00e1 hoy ante el Instituto Nacional Electoral (INE) como candidato independiente a las elecciones presidenciales de 2024.<\/p>\n<p style=\"text-align: justify\">En entrevistas radiof\u00f3nicas matutinas con Aristegui Noticias y Radio F\u00f3rmula, Ebrard indic\u00f3 que contemplaba la opci\u00f3n de lanzarse como candidato independiente, pero con el tiempo encima, pues el plazo de inscripci\u00f3n ante el INE termina en la medianoche de este jueves.<\/p>\n<p style=\"text-align: justify\">Despu\u00e9s de horas de incertidumbre, su equipo de prensa inform\u00f3 a los reporteros que cubren su campa\u00f1a que el excanciller acordar\u00e1 su estrategia con la asamblea el pr\u00f3ximo lunes; consultado por Proceso, su equipo confirm\u00f3 que el excanciller descart\u00f3 la opci\u00f3n de presentarse como independiente porque todav\u00eda no ha consultado a sus bases.<\/p>\n<p style=\"text-align: justify\">Ayer, Ebrard abandon\u00f3 ruidosamente el proceso de selecci\u00f3n de Morena para su candidatura a los comicios del pr\u00f3ximo a\u00f1o; tras denunciar irregularidades perpetradas por el equipo de su rival, Claudia Sheinbaum Pardo, pidi\u00f3 la repetici\u00f3n de todo el ejercicio, y luego se sali\u00f3 de manera definitiva de la encuesta. No se present\u00f3 en el World Trade Center para atestiguar el triunfo de Sheinbaum, quien ser\u00e1 la abanderada del partido guinda en 2024.<\/p>\n<p style=\"text-align: justify\">Ebrard ha indicado que debe analizar las rutas posibles con sus simpatizantes y operadores pol\u00edticos, ya sea ir como candidato de Movimiento Ciudadano (MC), o dejar atr\u00e1s sus ambiciones presidenciales.<\/p>\n<p style=\"text-align: justify\">] S\u00edguenos en <a class=\"x1fey0fg xmper1u x1edh9d7\" href=\"Facebook.com\/acapulcopress\" target=\"_blank\" rel=\"noopener\">Facebook.com\/acapulcopress<\/a><br \/>\n] S\u00edguenos en <a class=\"x1fey0fg xmper1u x1edh9d7\" href=\"Facebook.com\/angelblanco.press\" target=\"_blank\" rel=\"noopener\">Facebook.com\/angelblanco.press<\/a><\/p>\n","protected":false},"excerpt":{"rendered":"<p>CIUDAD DE M\u00c9XICO * Septiembre 7, 2023. ) Pol\u00edticoMx X\u00f3chitl G\u00e1lvez Ruiz, candidata presidencial del Frente Amplio por M\u00e9xico, reaccion\u00f3 a los dichos del presidente Andr\u00e9s Manuel L\u00f3pez Obrador sobre que ella ganar\u00eda el tercer lugar en las elecciones del 2024, en caso de que Marcelo Ebrard decidiera ser candidato independiente o de alg\u00fan otro&#8230;<\/p>\n","protected":false},"author":2,"featured_media":1256867,"comment_status":"closed","ping_status":"closed","sticky":false,"template":"","format":"standard","meta":{"footnotes":""},"categories":[2052,1972,18561],"tags":[3896,5853,12447,18162],"class_list":["post-1256861","post","type-post","status-publish","format-standard","has-post-thumbnail","hentry","category-elecciones","category-special","category-society-politics","tag-andres-manuel-lopez-obrador","tag-claudia-sheinbaum-pardo","tag-marcelo-ebrard","tag-xochitl-galvez-ruiz"],"_links":{"self":[{"href":"https:\/\/www.acapulcopress.com\/index.php\/wp-json\/wp\/v2\/posts\/1256861","targetHints":{"allow":["GET"]}}],"collection":[{"href":"https:\/\/www.acapulcopress.com\/index.php\/wp-json\/wp\/v2\/posts"}],"about":[{"href":"https:\/\/www.acapulcopress.com\/index.php\/wp-json\/wp\/v2\/types\/post"}],"author":[{"embeddable":true,"href":"https:\/\/www.acapulcopress.com\/index.php\/wp-json\/wp\/v2\/users\/2"}],"replies":[{"embeddable":true,"href":"https:\/\/www.acapulcopress.com\/index.php\/wp-json\/wp\/v2\/comments?post=1256861"}],"version-history":[{"count":0,"href":"https:\/\/www.acapulcopress.com\/index.php\/wp-json\/wp\/v2\/posts\/1256861\/revisions"}],"wp:featuredmedia":[{"embeddable":true,"href":"https:\/\/www.acapulcopress.com\/index.php\/wp-json\/"}],"wp:attachment":[{"href":"https:\/\/www.acapulcopress.com\/index.php\/wp-json\/wp\/v2\/media?parent=1256861"}],"wp:term":[{"taxonomy":"category","embeddable":true,"href":"https:\/\/www.acapulcopress.com\/index.php\/wp-json\/wp\/v2\/categories?post=1256861"},{"taxonomy":"post_tag","embeddable":true,"href":"https:\/\/www.acapulcopress.com\/index.php\/wp-json\/wp\/v2\/tags?post=1256861"}],"curies":[{"name":"wp","href":"https:\/\/api.w.org\/{rel}","templated":true}]}}