{"id":1256862,"date":"2023-09-07T19:43:25","date_gmt":"2023-09-08T01:43:25","guid":{"rendered":"https:\/\/www.acapulcopress.com\/?p=1256862"},"modified":"2023-09-07T19:43:25","modified_gmt":"2023-09-08T01:43:25","slug":"marcelo-ebrard-abre-grietas-y-pone-en-riesgo-la-unidad-en-morena","status":"publish","type":"post","link":"https:\/\/www.acapulcopress.com\/index.php\/2023\/09\/07\/marcelo-ebrard-abre-grietas-y-pone-en-riesgo-la-unidad-en-morena\/","title":{"rendered":"Marcelo Ebrard abre grietas y pone en riesgo la unidad en Morena"},"content":{"rendered":"<p style=\"text-align: justify\">Marem\u00e1gnum<br \/>\n\u00bb <strong>RICARDO<\/strong> | <strong>CASTILLO BARRIENTOS<\/strong><br \/>\n<em>] Facebook ) <a href=\"https:\/\/www.facebook.com\/ricardocastill01\" target=\"_blank\" rel=\"noopener\">Ricardo Castillo Barrientos<\/a><\/em><\/p>\n<p style=\"text-align: justify\">Horas antes del triunfo arrollador de Claudia Sheinbaum como coordinadora por la Defensa de la Transformaci\u00f3n, se dio una reacci\u00f3n virulenta de Marcelo Ebrard, al exigir la reposici\u00f3n del proceso demosc\u00f3pico, a causa de una diversidad de irregularidades, que puntualmente dio a conocer la representante del ex canciller ante el Comit\u00e9 Nacional de Morena, Mal\u00fa Micher, frente a los medios de comunicaci\u00f3n y simpatizantes ebradoristas que se desbordaron en respaldar a su candidato que fue derrotado.<\/p>\n<p style=\"text-align: justify\">En la conferencia de prensa realizada horas antes de que se conocieran los resultados oficiales, Marcelo Ebrard se anticip\u00f3 a ellos, y en los hechos desconoci\u00f3 el procedimiento y demand\u00f3 se corrigieran las anomal\u00edas con la reposici\u00f3n del proceso, lo que parece inviable.<\/p>\n<p style=\"text-align: justify\">Es conocido por la opini\u00f3n p\u00fablica, que cuando el presidente L\u00f3pez Obrador destap\u00f3 las \u201ccorcholatas\u201d, Marcelo Ebrard estaba arriba en las encuestas en 2022, sobre los dem\u00e1s aspirantes. A los pocos meses fue desplazado por Claudia Sheinbaum que pronto tom\u00f3 la delantera debido al apoyo de la maquinaria oficial y partidista.<\/p>\n<p style=\"text-align: justify\">El proceso de levantamiento de encuestas fue transparente por la participaci\u00f3n directa y presencial de representantes de los aspirantes, en cada una de las casillas de las secciones electorales seleccionadas, con la metodolog\u00eda estad\u00edstica que profesionalmente se utiliza en estos casos, no exenta de irregularidades por factores humanos.<\/p>\n<p style=\"text-align: justify\">La abierta posici\u00f3n pol\u00edtica manifestada por Ebrard, en cierta medida se observ\u00f3 prudente al no romper de tajo con el partido pol\u00edtico que pretende representar; sugiriendo una nueva ruta que le permita transitar y consolidarse para lograr su objetivo de ser candidato.<\/p>\n<p style=\"text-align: justify\">Las dem\u00e1s \u201ccorcholatas\u201d reaparecieron para respaldar los resultados del proceso y a la ganadora Claudia Sheinbaum Pardo. No hay vuelta de hoja, la ex Jefa de Gobierno de la Ciudad de M\u00e9xico, obtuvo un triunfo arrollador, quedando como Coordinadora de los Comit\u00e9s por la Defensa de la Transformaci\u00f3n de M\u00e9xico y abanderada del partido oficial, af\u00edn de dar continuidad al Proyecto de Naci\u00f3n impulsado por el Movimiento de Transformaci\u00f3n, que encabeza Andr\u00e9s L\u00f3pez Obrador, qui\u00e9n entregar\u00e1 el \u201cBast\u00f3n de Mando\u201d, a su mejor y leal alumna, Claudia Sheinbaum.<\/p>\n<p style=\"text-align: justify\">La propuesta de Marcelo por que se anule el proceso, no tendr\u00e1 efecto, qued\u00e1ndole la alternativa de alinearse, o romper en definitiva con L\u00f3pez Obrador y Morena.<\/p>\n<p style=\"text-align: justify\">Los dirigentes del Frente Amplio por M\u00e9xico ya se frotan las manos, como tambi\u00e9n la presidenciable X\u00f3chitl G\u00e1lvez, que a flor de labios observa con alegr\u00eda la aparente hecatombe del partido oficial.<\/p>\n<p style=\"text-align: justify\"><strong>Marea Baja.-<\/strong> Vaya nuestro reconocimiento a la destacada acapulque\u00f1a Alondra Berber, por la selecci\u00f3n de su cortometraje \u201cOjos Simonetta\u201d, que ser\u00e1 exhibido en la exposici\u00f3n internacional \u201cSenses Art Fair 2023\u201d, de fotograf\u00eda, pintura, videoarte, escultura y performance, a partir del pr\u00f3ximo 15 de septiembre, en la Galer\u00eda de Arte Medina, en Roma, Italia.<\/p>\n<p style=\"text-align: justify\">La escritora y creadora audiovisual realiz\u00f3 su cortometraje con una interesante tem\u00e1tica sobre la brujer\u00eda moderna, que despert\u00f3 el inter\u00e9s de los organizadores para invitarla a este reconocido evento internacional.<\/p>\n<p style=\"text-align: justify\">Alondra Berber manifest\u00f3 su deseo de estar presente en Roma, para recibir el reconocimiento que fue objeto, requiriendo apoyos para sufragar los gastos que origina este viaje al viejo continente.<\/p>\n<p style=\"text-align: justify\"><strong>Marea Alta.-<\/strong> Por fin, despu\u00e9s de 40 a\u00f1os de transmisiones, la radiodifusora XEUAG, recibi\u00f3 del Instituto Federal de Telecomunicaciones (Ifetel), la concesi\u00f3n correspondiente bajo las siglas XHCPEV-FM y en el 101.9 del cuadrante, para realizar sus transmisiones dentro del marco legal.<\/p>\n<p style=\"text-align: justify\">Este m\u00e9rito hay que atribu\u00edrselo al gris rector Jos\u00e9 Alfredo Romero Olea, junto a V\u00edctor Wences Mart\u00ednez, director de la radiodifusora, por haber cumplido con todos los requisitos t\u00e9cnicos exigidos por Ifetel.<\/p>\n<p style=\"text-align: justify\">Hay que recordar la intensa historia del surgimiento de la radio universitaria en el convulsionado rectorado de Jos\u00e9 Enrique Gonz\u00e1lez Ru\u00edz, izquierdista de posici\u00f3n extrema, que oblig\u00f3 al gobierno federal a trav\u00e9s de la Secretar\u00eda de Comunicaciones y Transportes (SCT), de incautar el equipo t\u00e9cnico de transmisiones para impedir el funcionamiento de la Radio \u201cUniversidad-Pueblo\u201d, poniendo en marcha la \u201cOperaci\u00f3n Bucanero\u201d, escabull\u00e9ndose en cambios de frecuencias y de lugar itinerante de manera clandestina.<\/p>\n<p style=\"text-align: justify\"><strong>Maremoto.-<\/strong> Los opositores al proyecto del Hospital de Especialidades del ISSSTE, insisten en su posici\u00f3n en contra de la construcci\u00f3n del edificio de esa instituci\u00f3n, en las actuales instalaciones del Centro de Convenciones.<\/p>\n<p>La activista ambiental Vivian Heredia ha solicitado al Ayuntamiento de Acapulco que no autorice la licencia de construcci\u00f3n y se clausure la obra, mientras realizaban la clausura simb\u00f3lica de las instalaciones.<\/p>\n<p style=\"text-align: justify\">Por su lado, el dirigente de la Comisi\u00f3n Intersindical, Asociaciones Civiles y Derechohabientes del ISSSTE, Benjam\u00edn Sandoval Melo, hizo un llamado a la conciencia de los opositores para que no se opongan al nuevo hospital de Tercer Nivel, porque traer\u00e1 grandes beneficios a m\u00e1s de 650 derechohabientes, en el estado y entidades circunvecinas.<\/p>\n<p style=\"text-align: justify\">La decisi\u00f3n ya fue tomada por el presidente L\u00f3pez Obrador, no hay punto de retorno. Ojal\u00e1 tambi\u00e9n se cumpla con la remodelaci\u00f3n de la otra parte de las instalaciones que seguir\u00e1n funcionando como Centro de Convenciones de Acapulco.<\/p>\n<p style=\"text-align: justify\"><em>] S\u00edguenos en Facebook.com\/<a href=\"https:\/\/www.facebook.com\/acapulcopress\" target=\"_blank\" rel=\"noopener\">acapulcopress<\/a><\/em><br \/>\n<em>] S\u00edguenos en Facebook.com\/<a href=\"https:\/\/www.facebook.com\/angelblanco.press\" target=\"_blank\" rel=\"noopener\">angelblanco.press<\/a><\/em><\/p>\n","protected":false},"excerpt":{"rendered":"<p>Marem\u00e1gnum \u00bb RICARDO | CASTILLO BARRIENTOS ] Facebook ) Ricardo Castillo Barrientos Horas antes del triunfo arrollador de Claudia Sheinbaum como coordinadora por la Defensa de la Transformaci\u00f3n, se dio una reacci\u00f3n virulenta de Marcelo Ebrard, al exigir la reposici\u00f3n del proceso demosc\u00f3pico, a causa de una diversidad de irregularidades, que puntualmente dio a conocer&#8230;<\/p>\n","protected":false},"author":2,"featured_media":1232068,"comment_status":"closed","ping_status":"closed","sticky":false,"template":"","format":"standard","meta":{"footnotes":""},"categories":[2071,1991],"tags":[5851,12448,12503,15575],"class_list":["post-1256862","post","type-post","status-publish","format-standard","has-post-thumbnail","hentry","category-opinion-analisis-columnas","category-libertad-de-expresion","tag-claudia-sheinbaum","tag-marcelo-ebrard-casaubon","tag-maremagnum","tag-ricardo-castillo-barrientos"],"_links":{"self":[{"href":"https:\/\/www.acapulcopress.com\/index.php\/wp-json\/wp\/v2\/posts\/1256862","targetHints":{"allow":["GET"]}}],"collection":[{"href":"https:\/\/www.acapulcopress.com\/index.php\/wp-json\/wp\/v2\/posts"}],"about":[{"href":"https:\/\/www.acapulcopress.com\/index.php\/wp-json\/wp\/v2\/types\/post"}],"author":[{"embeddable":true,"href":"https:\/\/www.acapulcopress.com\/index.php\/wp-json\/wp\/v2\/users\/2"}],"replies":[{"embeddable":true,"href":"https:\/\/www.acapulcopress.com\/index.php\/wp-json\/wp\/v2\/comments?post=1256862"}],"version-history":[{"count":0,"href":"https:\/\/www.acapulcopress.com\/index.php\/wp-json\/wp\/v2\/posts\/1256862\/revisions"}],"wp:featuredmedia":[{"embeddable":true,"href":"https:\/\/www.acapulcopress.com\/index.php\/wp-json\/"}],"wp:attachment":[{"href":"https:\/\/www.acapulcopress.com\/index.php\/wp-json\/wp\/v2\/media?parent=1256862"}],"wp:term":[{"taxonomy":"category","embeddable":true,"href":"https:\/\/www.acapulcopress.com\/index.php\/wp-json\/wp\/v2\/categories?post=1256862"},{"taxonomy":"post_tag","embeddable":true,"href":"https:\/\/www.acapulcopress.com\/index.php\/wp-json\/wp\/v2\/tags?post=1256862"}],"curies":[{"name":"wp","href":"https:\/\/api.w.org\/{rel}","templated":true}]}}