{"id":1256878,"date":"2023-09-08T19:50:27","date_gmt":"2023-09-09T01:50:27","guid":{"rendered":"https:\/\/www.acapulcopress.com\/?p=1256878"},"modified":"2023-09-08T19:50:27","modified_gmt":"2023-09-09T01:50:27","slug":"carabina-24-30-la-sucesion-del-poder-9","status":"publish","type":"post","link":"https:\/\/www.acapulcopress.com\/index.php\/2023\/09\/08\/carabina-24-30-la-sucesion-del-poder-9\/","title":{"rendered":"Carabina 24-30 | La sucesi\u00f3n del Poder 9"},"content":{"rendered":"<p style=\"text-align: justify\">Carabina 24-30<br \/>\n\u00bb <strong>RICARDO<\/strong> |<strong> CASTILLO BARRIENTOS<\/strong><br \/>\n<em>] Facebook ) <a href=\"https:\/\/www.facebook.com\/ricardocastill01\" target=\"_blank\" rel=\"noopener\">Ricardo Castillo Barrientos<\/a><\/em><\/p>\n<p style=\"text-align: justify\">Las aguas est\u00e1n volviendo a su nivel despu\u00e9s de las \u00faltimas declaraciones de Marcelo Ebrard, al confirmar que aparecer\u00e1 en la boleta electoral en el 2024 y as\u00ed cumplir\u00eda su m\u00e1s grande aspiraci\u00f3n de ser candidato presidencial, como alguna vez lo anhel\u00f3 su jefe pol\u00edtico, Manuel Camacho Sol\u00eds, que tambi\u00e9n reaccion\u00f3 desfavorablemente al ungimiento de Luis Donaldo Colosio.<\/p>\n<p style=\"text-align: justify\">Falta lo que diga el zorruno Dante Delgado, propietario del Movimiento Ciudadano (MC), para abrir la puerta a las aspiraciones del ex canciller y as\u00ed, convertirse en candidato de este instituto pol\u00edtico.<\/p>\n<p style=\"text-align: justify\">Todav\u00eda no est\u00e1 confirmado la incorporaci\u00f3n de Ebrard Casaub\u00f3n a MC, que se ha mantenido al margen de los otros partidos que integran el Frente Amplio por M\u00e9xico y su candidata X\u00f3chitl G\u00e1lvez.<\/p>\n<p style=\"text-align: justify\">Marcelo tiene la disyuntiva de lanzar su candidatura por la v\u00eda del Movimiento Ciudadano, partido al que dar\u00eda un gran levant\u00f3n electoral, mismo que podr\u00eda avanzar a la segunda fuerza pol\u00edtica nacional despu\u00e9s de MORENA, de acuerdo a percepciones pol\u00edticas que vendr\u00e1n a confirmarse en los pr\u00f3ximos sondeos de opini\u00f3n p\u00fablica.<\/p>\n<p style=\"text-align: justify\">El a\u00fan aspirante presidencial sostendr\u00e1 un conclave este lunes 11 de septiembre, con un nutrido grupo de partidarios, mismos que se reunieron de manera secreta, el 17 de febrero de 2022, en el rancho \u201cEl Chaparral\u201d, en el Estado de M\u00e9xico, donde se marc\u00f3 la l\u00ednea a seguir a los asistentes de varias entidades de la Rep\u00fablica citados ex profeso, con la consigna de buscar la candidatura presidencial \u201chasta donde tope\u201d, seg\u00fan trascendi\u00f3.<\/p>\n<p style=\"text-align: justify\">En la reuni\u00f3n del pr\u00f3ximo lunes se definir\u00e1 el futuro pol\u00edtico de Marcelo. Si recapacita y se alinea con el presidente L\u00f3pez Obrador y MORENA; si opta por otra alternativa pol\u00edtico-electoral; si se suma al Frente Amplio por M\u00e9xico; o decide una retirada estrat\u00e9gica de la pol\u00edtica nacional.<\/p>\n<p style=\"text-align: justify\">El presidente L\u00f3pez Obrador se refiri\u00f3 a Marcelo en los mejores t\u00e9rminos y su disposici\u00f3n de platicar con \u00e9l, cuantas veces sean necesarias para que reflexione y modifique su actitud, siendo incierta la reacci\u00f3n que pueda asumir el ex Jefe de Gobierno de la CDMX.<\/p>\n<p style=\"text-align: justify\">Claudia Sheinbaum ha dejado la puerta abierta y la mano extendida a Marcelo y a su equipo de trabajo, para que contin\u00fae consolid\u00e1ndose el Proyecto de Naci\u00f3n, a favor de los m\u00e1s pobres de M\u00e9xico.<\/p>\n<p style=\"text-align: justify\">La inminente separaci\u00f3n de Ebrard de su partido y su posible candidatura, tendr\u00eda implicaciones adversas para la candidata del Frente Amplio, al fragmentarse la votaci\u00f3n de la clase media y con ello, fortalecer irremediablemente la candidatura de Claudia, qui\u00e9n se convertir\u00eda en autom\u00e1tico en la pr\u00f3xima Presidenta de M\u00e9xico.<\/p>\n<p style=\"text-align: justify\"><strong>ENCUESTITIS.-<\/strong> Como estaba previsto en todos los pron\u00f3sticos, la doctora Claudia Sheinbaum, gan\u00f3 arrolladoramente la candidatura presidencial del Movimiento de Regeneraci\u00f3n Nacional (MORENA), con un margen de casi 15 puntos de ventaja sobre Marcelo Ebrard, en las cinco encuestas levantadas en el pa\u00eds, por cuatro empresas mercadol\u00f3gicas y la \u201cencuesta madre\u201d del Comit\u00e9 Nacional.<\/p>\n<p style=\"text-align: justify\">El promedio porcentual obtenido por las \u201ccorcholatas\u201d, son: Claudia, 39,38%; Marcelo, 25,80%; Ad\u00e1n, 11,18%; Noro\u00f1a, 10,62%; Velasco, 7,16%; Monreal, 5,86%.<\/p>\n<p style=\"text-align: justify\">Se hace notar que la encuestadora MERCAEI propuesta por Marcelo, le dio el triunfo contundente a Claudia, con el 39,30% y a Marcelo el 25,90%, una diferencia de casi 15%.<\/p>\n<p style=\"text-align: justify\">Mientras que la encuestadora Buend\u00eda y Asociados propuesta por Claudia, le dio el m\u00e1s bajo porcentaje de todas las encuestas con el 36,60%.<\/p>\n<p style=\"text-align: justify\"><strong>POSDATA.-<\/strong> Sorpresivamente se present\u00f3 ante el INE, el actor Eduardo Ver\u00e1stegui para solicitar su registro como candidato independiente, arropado bajo el manto protector de la iglesia cat\u00f3lica y la Virgen Mar\u00eda.<br \/>\nEsta candidatura de la ultra derecha vendr\u00e1 a socavar los tit\u00e1nicos esfuerzos del Frente Amplio por M\u00e9xico, para llevar a X\u00f3chitl G\u00e1lvez, a la Primera Magistratura de la Naci\u00f3n<\/p>\n<p style=\"text-align: justify\"><em>] S\u00edguenos en Facebook.com\/<a href=\"https:\/\/www.facebook.com\/acapulcopress\" target=\"_blank\" rel=\"noopener\">acapulcopress<\/a><\/em><br \/>\n<em>] S\u00edguenos en Facebook.com\/<a href=\"https:\/\/www.facebook.com\/angelblanco.press\" target=\"_blank\" rel=\"noopener\">angelblanco.press<\/a><\/em><br \/>\n<em>] S\u00edguenos en ) acapulcopress.com<\/em><\/p>\n","protected":false},"excerpt":{"rendered":"<p>Carabina 24-30 \u00bb RICARDO | CASTILLO BARRIENTOS ] Facebook ) Ricardo Castillo Barrientos Las aguas est\u00e1n volviendo a su nivel despu\u00e9s de las \u00faltimas declaraciones de Marcelo Ebrard, al confirmar que aparecer\u00e1 en la boleta electoral en el 2024 y as\u00ed cumplir\u00eda su m\u00e1s grande aspiraci\u00f3n de ser candidato presidencial, como alguna vez lo anhel\u00f3&#8230;<\/p>\n","protected":false},"author":2,"featured_media":1256879,"comment_status":"closed","ping_status":"closed","sticky":false,"template":"","format":"standard","meta":{"footnotes":""},"categories":[2071,1991],"tags":[5129,11627,12503,15575],"class_list":["post-1256878","post","type-post","status-publish","format-standard","has-post-thumbnail","hentry","category-opinion-analisis-columnas","category-libertad-de-expresion","tag-carabina-24-30","tag-la-sucesion-del-poder-9","tag-maremagnum","tag-ricardo-castillo-barrientos"],"_links":{"self":[{"href":"https:\/\/www.acapulcopress.com\/index.php\/wp-json\/wp\/v2\/posts\/1256878","targetHints":{"allow":["GET"]}}],"collection":[{"href":"https:\/\/www.acapulcopress.com\/index.php\/wp-json\/wp\/v2\/posts"}],"about":[{"href":"https:\/\/www.acapulcopress.com\/index.php\/wp-json\/wp\/v2\/types\/post"}],"author":[{"embeddable":true,"href":"https:\/\/www.acapulcopress.com\/index.php\/wp-json\/wp\/v2\/users\/2"}],"replies":[{"embeddable":true,"href":"https:\/\/www.acapulcopress.com\/index.php\/wp-json\/wp\/v2\/comments?post=1256878"}],"version-history":[{"count":0,"href":"https:\/\/www.acapulcopress.com\/index.php\/wp-json\/wp\/v2\/posts\/1256878\/revisions"}],"wp:featuredmedia":[{"embeddable":true,"href":"https:\/\/www.acapulcopress.com\/index.php\/wp-json\/"}],"wp:attachment":[{"href":"https:\/\/www.acapulcopress.com\/index.php\/wp-json\/wp\/v2\/media?parent=1256878"}],"wp:term":[{"taxonomy":"category","embeddable":true,"href":"https:\/\/www.acapulcopress.com\/index.php\/wp-json\/wp\/v2\/categories?post=1256878"},{"taxonomy":"post_tag","embeddable":true,"href":"https:\/\/www.acapulcopress.com\/index.php\/wp-json\/wp\/v2\/tags?post=1256878"}],"curies":[{"name":"wp","href":"https:\/\/api.w.org\/{rel}","templated":true}]}}