{"id":1256887,"date":"2023-09-08T20:14:50","date_gmt":"2023-09-09T02:14:50","guid":{"rendered":"https:\/\/www.acapulcopress.com\/?p=1256887"},"modified":"2023-09-08T20:14:50","modified_gmt":"2023-09-09T02:14:50","slug":"inspecciono-proteccion-civil-estatal-zonas-vulnerables-en-el-area-conurbada-de-acapulco","status":"publish","type":"post","link":"https:\/\/www.acapulcopress.com\/index.php\/2023\/09\/08\/inspecciono-proteccion-civil-estatal-zonas-vulnerables-en-el-area-conurbada-de-acapulco\/","title":{"rendered":"Inspeccion\u00f3 Protecci\u00f3n Civil estatal zonas vulnerables en el \u00e1rea conurbada de Acapulco"},"content":{"rendered":"<p style=\"text-align: justify\">ACAPULCO * Septiembre 8, 2023.<br \/>\n<em>) SGIRPCGro<\/em><\/p>\n<p style=\"text-align: justify\">Personal de la <a href=\"https:\/\/www.facebook.com\/SGIRPCGro\" target=\"_blank\" rel=\"noopener\">Secretar\u00eda de Gesti\u00f3n Integral de Riesgos<\/a> encabezados por su titular, <img loading=\"lazy\" decoding=\"async\" class=\"alignleft size-medium wp-image-1256885\" src=\"https:\/\/www.acapulcopress.com\/wp-content\/uploads\/2023\/09\/INUNDACION6-375x250.jpg\" alt=\"\" width=\"375\" height=\"250\" \/><a href=\"https:\/\/www.facebook.com\/ArroyoMatus\" target=\"_blank\" rel=\"noopener\">Roberto Arroyo Matus<\/a>, en conjunto con la Coordinaci\u00f3n de Protecci\u00f3n Civil y Bomberos del municipio de Acapulco, realizaron un recorrido preventivo de inspecci\u00f3n en diversas zonas proclives a inundaciones del \u00e1rea conurbada del puerto.<\/p>\n<p style=\"text-align: justify\">Durante la visita de supervisi\u00f3n, se revisaron alcantarillas, coladeras y canales de desfogue pluvial de las colonias Vacacional y Emiliano Zapata, as\u00ed como el arroyo del poblado de La Venta y Paso Limonero, asentamientos pr\u00f3ximos al r\u00edo de la Sabana y con alta incidencia hist\u00f3rica de anegaciones.<\/p>\n<p style=\"text-align: justify\">Arroyo Matus, precis\u00f3 que dichos recorridos continuos en las diversas regiones del estado, tienen el prop\u00f3sito de prever y mitigar junto a los municipios, los riesgos a los que est\u00e9 <img loading=\"lazy\" decoding=\"async\" class=\"alignleft size-medium wp-image-1256883\" src=\"https:\/\/www.acapulcopress.com\/wp-content\/uploads\/2023\/09\/INUNDACION4-375x211.jpg\" alt=\"\" width=\"375\" height=\"211\" \/>expuesta la poblaci\u00f3n que se encuentra asentada principalmente junto a r\u00edos, barrancas o lagunas, mismos que tienden a incrementar su caudal durante la temporada de lluvias.<\/p>\n<p style=\"text-align: justify\">Subray\u00f3 que esta acci\u00f3n atiende a las indicaciones de la gobernadora, Evelyn Salgado Pineda, cuya prioridad es prevenir e inhibir el riesgo al que se encuentre expuesta la ciudadan\u00eda, adem\u00e1s de atender con prontitud sus necesidades, tal como lo contempla el Plan Estatal de Desarrollo 2022-2027.<\/p>\n<p style=\"text-align: justify\">Asimismo, el funcionario estatal hizo un llamado a la ciudadan\u00eda, a que eviten arrojar basura o desechos s\u00f3lidos a alcantarillas y afluentes a fin de evitar taponamientos que <img loading=\"lazy\" decoding=\"async\" class=\"alignleft size-medium wp-image-1256880\" src=\"https:\/\/www.acapulcopress.com\/wp-content\/uploads\/2023\/09\/INUNDACION-375x250.jpg\" alt=\"\" width=\"375\" height=\"250\" \/>deriven en inundaciones; as\u00ed como a no establecerse en zonas de alto riesgo, como las m\u00e1rgenes de cuerpos de agua.<\/p>\n<p style=\"text-align: justify\">En este recorrido tambi\u00e9n estuvo presente la directora de declaratoria de emergencias, desastres y fondos estatales, nacionales e internacionales de la SGIRPGRO, Shalom N. Rodr\u00edguez\u00a0Ortiz.<\/p>\n<p style=\"text-align: justify\"><em>] S\u00edguenos en Facebook.com\/<a href=\"https:\/\/www.facebook.com\/acapulcopress\" target=\"_blank\" rel=\"noopener\">acapulcopress<\/a><\/em><br \/>\n<em>] S\u00edguenos en Facebook.com\/<a href=\"https:\/\/www.facebook.com\/angelblanco.press\" target=\"_blank\" rel=\"noopener\">angelblanco.press<\/a><\/em><\/p>\n","protected":false},"excerpt":{"rendered":"<p>ACAPULCO * Septiembre 8, 2023. ) SGIRPCGro Personal de la Secretar\u00eda de Gesti\u00f3n Integral de Riesgos encabezados por su titular, Roberto Arroyo Matus, en conjunto con la Coordinaci\u00f3n de Protecci\u00f3n Civil y Bomberos del municipio de Acapulco, realizaron un recorrido preventivo de inspecci\u00f3n en diversas zonas proclives a inundaciones del \u00e1rea conurbada del puerto. Durante&#8230;<\/p>\n","protected":false},"author":2,"featured_media":1256881,"comment_status":"closed","ping_status":"closed","sticky":false,"template":"","format":"standard","meta":{"footnotes":""},"categories":[1969,1998],"tags":[15667,16189],"class_list":["post-1256887","post","type-post","status-publish","format-standard","has-post-thumbnail","hentry","category-trending","category-proteccion-ciudadana","tag-roberto-arroyo-matus","tag-secretaria-de-gestion-integral-de-riesgos"],"_links":{"self":[{"href":"https:\/\/www.acapulcopress.com\/index.php\/wp-json\/wp\/v2\/posts\/1256887","targetHints":{"allow":["GET"]}}],"collection":[{"href":"https:\/\/www.acapulcopress.com\/index.php\/wp-json\/wp\/v2\/posts"}],"about":[{"href":"https:\/\/www.acapulcopress.com\/index.php\/wp-json\/wp\/v2\/types\/post"}],"author":[{"embeddable":true,"href":"https:\/\/www.acapulcopress.com\/index.php\/wp-json\/wp\/v2\/users\/2"}],"replies":[{"embeddable":true,"href":"https:\/\/www.acapulcopress.com\/index.php\/wp-json\/wp\/v2\/comments?post=1256887"}],"version-history":[{"count":0,"href":"https:\/\/www.acapulcopress.com\/index.php\/wp-json\/wp\/v2\/posts\/1256887\/revisions"}],"wp:featuredmedia":[{"embeddable":true,"href":"https:\/\/www.acapulcopress.com\/index.php\/wp-json\/"}],"wp:attachment":[{"href":"https:\/\/www.acapulcopress.com\/index.php\/wp-json\/wp\/v2\/media?parent=1256887"}],"wp:term":[{"taxonomy":"category","embeddable":true,"href":"https:\/\/www.acapulcopress.com\/index.php\/wp-json\/wp\/v2\/categories?post=1256887"},{"taxonomy":"post_tag","embeddable":true,"href":"https:\/\/www.acapulcopress.com\/index.php\/wp-json\/wp\/v2\/tags?post=1256887"}],"curies":[{"name":"wp","href":"https:\/\/api.w.org\/{rel}","templated":true}]}}